{"id":1814,"date":"2020-11-04T18:22:21","date_gmt":"2020-11-04T15:22:21","guid":{"rendered":"http:\/\/mersinekonomipolitikagazetesi.com\/?p=1814"},"modified":"2020-11-04T18:22:21","modified_gmt":"2020-11-04T15:22:21","slug":"ozgur-bir-millet-iradesine-sahip-cikar","status":"publish","type":"post","link":"https:\/\/akdenizolaygazetesi.com\/?p=1814","title":{"rendered":"\u201c\u00d6ZG\u00dcR B\u0130R M\u0130LLET \u0130RADES\u0130NE SAH\u0130P \u00c7IKAR\u201d"},"content":{"rendered":"<p>Mersin E\u011fitim-Bir- Sen ve Memur-Sen \u2018Mill\u00ee egemenlik yerli ve mill\u00ee ba\u015far\u0131larla ta\u00e7lanmal\u0131d\u0131r\u2019 ba\u015fl\u0131\u011f\u0131 alt\u0131nda a\u00e7\u0131klama yapt\u0131. A\u00e7\u0131klama ad\u0131na konu\u015fmas\u0131n\u0131 ger\u00e7ekle\u015ftiren E\u011fitim-Bir- Sen ve Memur-Sen Mersin \u0130l Ba\u015fkan\u0131 Abdulla \u00c7elik, \u201cGelecekte T\u00fcrkiye\u2019yi omuzlayacak, y\u00f6netecek olanlar bug\u00fcn\u00fcn \u00e7ocuklar\u0131 ve gen\u00e7leridir.\u201d dedi.<\/p>\n<blockquote style=\"color: rgb(80, 0, 80); font-family: arial, sans-serif; font-size: 12.8px; font-style: normal; line-height: normal;\" type=\"cite\">\n<div dir=\"ltr\">\n<p class=\"m_1627999392439673547gmail-MsoNoteLevel1CxSpMiddle\"><span style=\"font-size:16px;\"><span style=\"font-family: Calibri;\">Ger\u00e7ekle\u015fen a\u00e7\u0131klamaya g\u00f6re; meclisin kurumsal ki\u015fili\u011finde temsil olunan mill\u00ee irade, \u00f6zg\u00fcr ve demokratik y\u00f6netimin temel dayana\u011f\u0131 oldu\u011funu ve egemenli\u011fin milletin oldu\u011fu esas\u0131na dayand\u0131\u011f\u0131 belirtildi.<\/span><\/span><\/p>\n<p class=\"m_1627999392439673547gmail-MsoNoteLevel1CxSpMiddle\"><span style=\"font-size:16px;\"><span style=\"font-family: Calibri;\">\u00c7elik, millet olarak 98 y\u0131l \u00f6nce 23 Nisan 1920\u2019de a\u00e7\u0131l\u0131\u015f\u0131n\u0131 yapt\u0131klar\u0131 T\u00fcrkiye B\u00fcy\u00fck Millet Meclisi ile mill\u00ee iradenin tutsak edilemeyece\u011fini b\u00fct\u00fcn d\u00fcnyaya ilan edildi\u011fini ifade etti.<\/span><\/span><\/p>\n<p class=\"m_1627999392439673547gmail-MsoNoteLevel1CxSpMiddle\" style=\"margin-left: 0cm; text-indent: 0cm;\"><span style=\"font-size:16px;\"><span style=\"font-family: Calibri; text-indent: 0cm;\">E\u011fitim-Bir- Sen, kuruldu\u011fu g\u00fcnden beri mill\u00ee iradenin egemen olmas\u0131 i\u00e7in verilen m\u00fccadelede hep aktif sorumluluk \u00fcstlendi\u011fini belirten \u00c7elik, u\u011fruna kan d\u00f6kerek, can vererek kazan\u0131lan mill\u00ee egemenlik ve irade, her alanda yap\u0131lmas\u0131 gereken yerli ve mill\u00ee at\u0131l\u0131mlarla ta\u00e7land\u0131r\u0131lmas\u0131 gerekti\u011fini vurgulad\u0131.<\/span><span style=\"font-family: Calibri;\">\u00a0<\/span><\/span><\/p>\n<p class=\"m_1627999392439673547gmail-MsoNoteLevel1CxSpMiddle\"><span style=\"font-size:16px;\"><span style=\"font-family: Calibri;\">\u201c\u0130RADE VE EGEMENL\u0130\u011e\u0130NE SAH\u0130P \u00c7IKMA AZM\u0130 VE KARARLILI\u011eIDIR\u201d<\/span><span style=\"font-family: Calibri;\">\u00a0<\/span><\/span><\/p>\n<p class=\"m_1627999392439673547gmail-MsoNoteLevel1CxSpMiddle\" style=\"margin-left: 0cm; text-indent: 0cm;\"><span style=\"font-size:16px;\"><span style=\"font-family: Calibri;\">\u0130\u00e7eride ve d\u0131\u015far\u0131da ya\u015fanan ibret verici olaylarla birlikte, istiklalin bir milletin hayat\u0131nda ne denli \u00f6nemli oldu\u011funun anla\u015f\u0131ld\u0131\u011f\u0131 bug\u00fcnlerde, mill\u00ee egemenli\u011fin de\u011ferini daha iyi idrak ettiklerini kaydeden \u00c7elik: \u201c \u0130radesine sahip \u00e7\u0131kamayan bir millet, kimli\u011fini ve benli\u011fini bulamaz, ba\u015farma azmini motive edecek de\u011ferden yoksun kal\u0131r. Ki\u015filikli, \u00f6zg\u00fcr bir millet, ne pahas\u0131na olursa olsun iradesine sahip \u00e7\u0131kar. Milletimizi, tarihi boyunca var ve anlaml\u0131 k\u0131lan, iman ve \u00f6zg\u00fcrl\u00fckten ayr\u0131 g\u00f6rmedi\u011fi irade ve egemenli\u011fine sahip \u00e7\u0131kma azmi ve kararl\u0131l\u0131\u011f\u0131d\u0131r.\u201d ifadelerini kulland\u0131.<\/span><span style=\"font-family: Calibri; text-indent: 0cm;\">\u00a0<\/span><\/span><\/p>\n<p class=\"m_1627999392439673547gmail-MsoNoteLevel1CxSpMiddle\" style=\"margin-left: 0cm; text-indent: 0cm;\"><span style=\"font-size:16px;\"><span style=\"font-family: Calibri;\">\u201cBU RUH 98 YILDIR AZALMADI\u201d<\/span><span style=\"font-family: Calibri; text-indent: 0cm;\">\u00a0<\/span><\/span><\/p>\n<p class=\"m_1627999392439673547gmail-MsoNoteLevel1CxSpMiddle\" style=\"margin-left: 0cm; text-indent: 0cm;\"><span style=\"font-size:16px;\"><span style=\"font-family: Calibri;\">\u00c7elik, s\u00f6m\u00fcrgecilikle birlikte \u00e7o\u011fal\u0131p geli\u015fen ulus devletler d\u00f6neminde mill\u00ee iradenin ger\u00e7ek bir istiklal sava\u015f\u0131 vermi\u015f olmas\u0131 tarihi \u00f6nemde oldu\u011funu belirterek \u201cZaferle ta\u00e7lanan bu direni\u015f, esaret ve emperyalist tahakk\u00fcm alt\u0131nda bulunan, daha \u00e7ok da halk\u0131 M\u00fcsl\u00fcman co\u011frafyalara ba\u011f\u0131ms\u0131zl\u0131k ilham ve cesareti vermi\u015ftir.\u201d dedi. S\u00f6zlerine devam eden \u00c7elik: \u201c\u0130stiklal a\u015fk\u0131 ve vatan sevgisiyle kayna\u015fm\u0131\u015f bir imanla anlam\u0131n\u0131 bulan mill\u00ee iradenin canland\u0131r\u0131c\u0131 ruhu, ba\u015fta darbeler olmak \u00fczere, bir\u00e7ok ihanet giri\u015fimine maruz kalmas\u0131na ra\u011fmen, \u015fartlar olgunla\u015f\u0131nca 15 Temmuz gibi kanl\u0131 i\u015fgal giri\u015fimini bozguna u\u011fratan millet heyecan\u0131 ve hareketine de ilham vermi\u015ftir. Bu ruh 98 y\u0131ld\u0131r, y\u00fcz y\u0131ld\u0131r, y\u00fczlerce y\u0131ld\u0131r asla azalmam\u0131\u015f, yitirilmemi\u015ftir; azalmayacak, kaybolmayacakt\u0131r.\u201d \u015feklinde konu\u015ftu.<\/span><span style=\"font-family: Calibri;\">\u00a0<\/span><\/span><\/p>\n<p class=\"m_1627999392439673547gmail-MsoNoteLevel1CxSpMiddle\" style=\"margin-left: 0cm; text-indent: 0cm;\"><span style=\"font-size:16px;\"><span style=\"font-family: Calibri;\">\u201cM\u0130LLET\u0130N DEMOKRAS\u0130 VE \u00d6ZG\u00dcRL\u00dcK M\u00dcCADELES\u0130N\u0130 TA\u00c7LANDIRMI\u015eTIR\u201d<\/span><span style=\"font-family: Calibri; text-indent: 0cm;\">\u00a0<\/span><\/span><\/p>\n<p class=\"m_1627999392439673547gmail-MsoNoteLevel1CxSpMiddle\"><span style=\"font-size:16px;\"><span style=\"font-family: Calibri;\">Kendine sayg\u0131s\u0131 olan bir millet, egemenlik ve iradesinden taviz vermeyece\u011fini belirten \u00c7elik: \u201cDemokraside millet d\u0131\u015f\u0131nda belirleyici bir g\u00fc\u00e7 yoktur. Herkes tarihiyle, k\u00fclt\u00fcr\u00fcyle, inanc\u0131, \u00f6rf ve adetleriyle, hayat tarz\u0131yla bu milletin se\u00e7im ve tercihine sayg\u0131 duymak zorundad\u0131r. Milleti, millet iradesini, k\u0131ymeti kendinden menkul bir se\u00e7kincilikle d\u0131\u015flay\u0131c\u0131 veya hafifseyici tav\u0131r vesayet\u00e7i hastal\u0131\u011f\u0131n belirtisidir. Darbelerin temel gerek\u00e7esi de millete tepeden bakan, milleti de\u011fersiz g\u00f6ren bu anlay\u0131\u015ft\u0131r. Yak\u0131n ge\u00e7mi\u015fimizde edindi\u011fimiz ac\u0131 tecr\u00fcbelerden, \u00f6zellikle de 15 Temmuz direni\u015finin dirili\u015fe d\u00f6n\u00fc\u015fmesinden sonra, mill\u00ee iradenin gasbedilemeyece\u011fini dost d\u00fc\u015fman herkes anlam\u0131\u015ft\u0131r. Ayr\u0131ca, darbecilerin yarg\u0131lanarak cezaland\u0131r\u0131lm\u0131\u015f olmas\u0131, milletin demokrasi ve \u00f6zg\u00fcrl\u00fck m\u00fccadelesini ta\u00e7land\u0131rm\u0131\u015ft\u0131r.\u201d ifadelerini kuland\u0131.<\/span><span style=\"font-family: Calibri;\">\u00a0<\/span><\/span><\/p>\n<p class=\"m_1627999392439673547gmail-MsoNoteLevel1CxSpMiddle\"><span style=\"font-size:16px;\"><span style=\"font-family: Calibri;\">\u00a0\u201cBUG\u00dcN\u00dcN GEN\u00c7LER\u0130 TARAFINDAN YA\u015eANILIR KILINACAKTIR\u201d<\/span><span style=\"font-family: Calibri;\">\u00a0<\/span><\/span><\/p>\n<p class=\"m_1627999392439673547gmail-MsoNoteLevel1CxSpMiddle\" style=\"margin-left: 0cm; text-indent: 0cm;\"><span style=\"font-size:16px;\"><span style=\"font-family: Calibri;\">\u201cVazge\u00e7ilmez de\u011ferler olarak milletin vesayet kabul etmez egemenli\u011finin ve \u00f6zg\u00fcr iradesinin emanet edildi\u011fi \u00e7ocuklar\u0131m\u0131z\u0131, ayn\u0131 uyan\u0131k bilin\u00e7le ve bilgiyle donan\u0131ml\u0131 olarak yar\u0131nlara haz\u0131rlamam\u0131z gerekmektedir.\u201d \u015feklinde belirten \u00c7elik, millet iradesi bunu ba\u015fard\u0131\u011f\u0131 zaman tarihi bir de\u011fer olarak k\u00f6kle\u015fece\u011fi ve g\u00fcncellenece\u011fini ifade etti. Konu\u015fmas\u0131na devam eden \u00c7elik: \u201cAksi takdirde, 23 Nisan\u2019\u0131, yak\u0131n zamana kadar okullarda balon ve bayraklarla \u015feklen kutland\u0131\u011f\u0131 seviyenin \u00f6tesinde bir anlama ve anlamaya ta\u015f\u0131yamay\u0131z. 23 Nisan\u2019\u0131n \u00e7ocuklara arma\u011fan ve emanet edilmi\u015f olmas\u0131 anlaml\u0131d\u0131r. 23 Nisan\u2019\u0131n \u00e7ocuklara arma\u011fan edilmi\u015f bir bayram olmas\u0131, gelece\u011fe duyulan umudu ve g\u00fcveni canl\u0131 tutma ve b\u00fcy\u00fctme anlam\u0131 i\u00e7ermektedir. Gelecekte T\u00fcrkiye\u2019yi omuzlayacak, y\u00f6netecek olanlar bug\u00fcn\u00fcn \u00e7ocuklar\u0131 ve gen\u00e7leridir. Her alanda geli\u015fmi\u015f bir T\u00fcrkiye\u2019yi in\u015fa etmek i\u00e7in \u015fu an e\u011fitim s\u00fcrecinde olan \u00e7ocuklar\u0131m\u0131za ve gen\u00e7lerimize k\u00f6kl\u00fc duygular, medeniyet de\u011ferlerimizden beslenen idealler edindirmemiz gerekmektedir. Yar\u0131nki T\u00fcrkiye, \u00e7ocuklar\u0131m\u0131z\u0131n canl\u0131, cesur, bilgili bak\u0131\u015flar\u0131ndaki \u0131\u015f\u0131lt\u0131da parlamal\u0131d\u0131r. Gelecekteki T\u00fcrkiye, fikri, vicdan\u0131 h\u00fcr, bedenen sa\u011fl\u0131kl\u0131, k\u00f6t\u00fc al\u0131\u015fkanl\u0131klar\u0131 olmayan, ara\u015ft\u0131rmac\u0131, d\u00fc\u015f\u00fcnen, \u00f6z g\u00fcveni y\u00fcksek, tak\u0131m \u00e7al\u0131\u015fmas\u0131na uyumlu bug\u00fcn\u00fcn gen\u00e7leri taraf\u0131ndan ya\u015fan\u0131l\u0131r k\u0131l\u0131nacakt\u0131r.\u201d \u015feklinde konu\u015ftu.<\/span><span style=\"font-family: Calibri; text-indent: 0cm;\">\u00a0<\/span><\/span><\/p>\n<p class=\"m_1627999392439673547gmail-MsoNoteLevel1CxSpMiddle\" style=\"margin-left: 0cm; text-indent: 0cm;\"><span style=\"font-size:16px;\"><span style=\"font-family: Calibri;\">\u201cGEN\u00c7LER\u0130M\u0130Z\u0130 \u015e\u0130DDETTEN UZAK TUTACAK \u00c7ARELER BULUNMALIDIR\u201d<\/span><span style=\"font-family: Calibri;\">\u00a0<\/span><\/span><\/p>\n<p class=\"m_1627999392439673547gmail-MsoNoteLevel1CxSpMiddle\"><span style=\"font-size:16px;\"><span style=\"font-family: Calibri;\">\u201c\u00c7ocuklar\u0131m\u0131z ve gen\u00e7lerimiz, milletin canl\u0131 at\u0131l\u0131m g\u00fcc\u00fcn\u00fc, bitmeyen heyecan\u0131n\u0131, t\u00fckenmeyen enerjisini ifade etmektedir.\u201d diye kaydeden \u00c7elik \u201cOnlar, kalbimizin, g\u00f6nl\u00fcm\u00fcz\u00fcn \u0131\u015f\u0131\u011f\u0131d\u0131r. Bu \u0131\u015f\u0131k ku\u015fkusuz yolumuzu e\u011fitimle ayd\u0131nlatacakt\u0131r. O nedenle, cehaletten beslenen \u015fiddeti, \u015fiddetten medet uman cehaleti ortadan kald\u0131rmak i\u00e7in ruhumuzu, kalbimizi ayd\u0131nlatan bu \u0131\u015f\u0131k \u00e7o\u011falt\u0131lmal\u0131d\u0131r. Gelece\u011fimiz olan \u00e7ocuklar\u0131m\u0131z\u0131n ve gen\u00e7lerimizin iyi bir e\u011fitim almalar\u0131 i\u00e7in gecesini g\u00fcnd\u00fcz\u00fcne katan \u00f6\u011fretmenlerimizin itibar\u0131n\u0131 zedeleyecek s\u00f6z ve eylemlerden uzak durulmal\u0131, \u015fiddetin nesnesi h\u00e2line getirilmesine sessiz kal\u0131nmamal\u0131, onlar\u0131 \u015fiddetten koruyacak tedbirler al\u0131nmal\u0131d\u0131r. Bunun yan\u0131 s\u0131ra, gen\u00e7lerimizi \u015fiddetten uzak tutacak \u00e7areler bulunmal\u0131d\u0131r. Son 50 y\u0131l\u0131 \u015fiddetin \u00f6ld\u00fcr\u00fcc\u00fc sarmal\u0131nda heba edilen milletimiz, enerji ve gayretini birlikte \u00e7al\u0131\u015fmaya ve ba\u015farmaya teksif etmelidir.\u201d diye belirtti.<\/span><\/span><\/p>\n<\/div>\n<\/blockquote>\n","protected":false},"excerpt":{"rendered":"<p>Mersin E\u011fitim-Bir- Sen ve Memur-Sen \u2018Mill\u00ee egemenlik yerli ve mill\u00ee ba\u015far\u0131larla ta\u00e7lanmal\u0131d\u0131r\u2019 ba\u015fl\u0131\u011f\u0131 alt\u0131nda a\u00e7\u0131klama yapt\u0131. A\u00e7\u0131klama ad\u0131na konu\u015fmas\u0131n\u0131 ger\u00e7ekle\u015ftiren E\u011fitim-Bir- Sen ve Memur-Sen Mersin \u0130l Ba\u015fkan\u0131 Abdulla \u00c7elik, \u201cGelecekte &hellip; <a href=\"https:\/\/akdenizolaygazetesi.com\/?p=1814\" class=\"more-link\">Devam\u0131n\u0131 Oku&#8230;<\/a><\/p>\n","protected":false},"author":1,"featured_media":0,"comment_status":"open","ping_status":"open","sticky":false,"template":"","format":"standard","meta":[],"categories":[],"tags":[],"_links":{"self":[{"href":"https:\/\/akdenizolaygazetesi.com\/index.php?rest_route=\/wp\/v2\/posts\/1814"}],"collection":[{"href":"https:\/\/akdenizolaygazetesi.com\/index.php?rest_route=\/wp\/v2\/posts"}],"about":[{"href":"https:\/\/akdenizolaygazetesi.com\/index.php?rest_route=\/wp\/v2\/types\/post"}],"author":[{"embeddable":true,"href":"https:\/\/akdenizolaygazetesi.com\/index.php?rest_route=\/wp\/v2\/users\/1"}],"replies":[{"embeddable":true,"href":"https:\/\/akdenizolaygazetesi.com\/index.php?rest_route=%2Fwp%2Fv2%2Fcomments&post=1814"}],"version-history":[{"count":0,"href":"https:\/\/akdenizolaygazetesi.com\/index.php?rest_route=\/wp\/v2\/posts\/1814\/revisions"}],"wp:attachment":[{"href":"https:\/\/akdenizolaygazetesi.com\/index.php?rest_route=%2Fwp%2Fv2%2Fmedia&parent=1814"}],"wp:term":[{"taxonomy":"category","embeddable":true,"href":"https:\/\/akdenizolaygazetesi.com\/index.php?rest_route=%2Fwp%2Fv2%2Fcategories&post=1814"},{"taxonomy":"post_tag","embeddable":true,"href":"https:\/\/akdenizolaygazetesi.com\/index.php?rest_route=%2Fwp%2Fv2%2Ftags&post=1814"}],"curies":[{"name":"wp","href":"https:\/\/api.w.org\/{rel}","templated":true}]}}