{"id":1815,"date":"2020-11-04T18:22:21","date_gmt":"2020-11-04T15:22:21","guid":{"rendered":"http:\/\/mersinekonomipolitikagazetesi.com\/?p=1815"},"modified":"2020-11-04T18:22:21","modified_gmt":"2020-11-04T15:22:21","slug":"akp-doneminde-tbmm-buyuk-yara-almistir","status":"publish","type":"post","link":"https:\/\/akdenizolaygazetesi.com\/?p=1815","title":{"rendered":"\u201cAKP D\u00d6NEM\u0130NDE TBMM B\u00dcY\u00dcK YARA ALMI\u015eTIR\u201d"},"content":{"rendered":"<p>Mersin E\u011fitim-\u0130\u015f Sendikas\u0131 Y\u00f6netim Kurulu ad\u0131na \u015eube Ba\u015fkan\u0131 Hakan Boyar: \u201cEgemenlik Ulusundur!\u201d ba\u015fl\u0131\u011f\u0131 alt\u0131nda a\u00e7\u0131klama ger\u00e7ekle\u015ftirdi.<\/p>\n<div id=\":4\">\n<div id=\":2\">\n<div role=\"main\">\n<table cellpadding=\"0\" role=\"presentation\" style=\"width:1675px;\">\n<tbody>\n<tr>\n<td>\n<div role=\"list\">\n<div role=\"listitem\" style=\"clear:both;\" tabindex=\"-1\">\n<div id=\":26y\">\n<div data-legacy-message-id=\"162ed14893abdd51\" data-message-id=\"162ed14893abdd51\">\n<div style=\"margin-left:44px;\">\n<div id=\":250\">\n<div id=\":3pn\">\n<div dir=\"auto\">\n<blockquote type=\"cite\">\n<div dir=\"ltr\">\n<p><span style=\"font-size:16px;\">Ger\u00e7ekle\u015fen a\u00e7\u0131klamada Hakan Boyar, 23 Nisan 1920\u2019de T\u00fcrkiye B\u00fcy\u00fck Millet Meclisi\u2019nin a\u00e7\u0131lmas\u0131yla t\u00fcm yurdun ayd\u0131nlat\u0131ld\u0131\u011f\u0131n\u0131 kaydetti.<\/span><\/p>\n<p>\u00a0<\/p>\n<p><span style=\"font-size:16px;\">Ard\u0131ndan AKP iktidar\u0131na ele\u015ftiride bulunarak demokrasiyi yok ettiklerini vurgulayarak, \u00f6zg\u00fcrl\u00fcklerini ve ayd\u0131nlanma devrimlerini Cumhuriyet\u2019in kazan\u0131mlar\u0131n\u0131 yok etmek i\u00e7in her t\u00fcrl\u00fc \u00e7abay\u0131 g\u00f6sterdiklerini belirtti.<\/span><\/p>\n<p>\u00a0<\/p>\n<p><span style=\"font-size:16px;\"><span style=\"font-family: sans-serif, Arial, Verdana, 'Trebuchet MS'; line-height: 1.6em;\">\u201c23 N\u0130SAN 1920\u2019DE T\u00dcM YURT AYDINLATILMI\u015eTIR\u201d<\/span><\/span><\/p>\n<p>\u00a0<\/p>\n<p><span style=\"font-size:16px;\">Bug\u00fcn ulusal egemenliklerini,\u00a0 demokrasi ve ba\u011f\u0131ms\u0131zl\u0131k m\u00fccadelesinin 98. y\u0131l\u0131n\u0131 b\u00fcy\u00fck bir heyecan ve co\u015fkuyla kutlad\u0131klar\u0131n\u0131 kaydeden Boyar: \u201cT\u00fcrk Ulusu, Birinci D\u00fcnya Sava\u015f\u0131\u2019n\u0131n ard\u0131ndan yurdunun par\u00e7alanmak istenmesi \u00fczerine, Atat\u00fcrk \u00f6nderli\u011finde tarihinin en b\u00fcy\u00fck sava\u015flar\u0131ndan birini vermi\u015ftir.\u201d \u015feklinde belirtti.<\/span><\/p>\n<\/p><\/div>\n<\/blockquote>\n<blockquote type=\"cite\">\n<div dir=\"ltr\">\n<p><span style=\"font-size:16px;\">Boyar: \u201cUlusun onurunu ve \u00f6zg\u00fcrl\u00fc\u011f\u00fcn\u00fc korumak i\u00e7in harekete ge\u00e7en Atat\u00fcrk\u2019\u00fcn Anadolu\u2019da yakt\u0131\u011f\u0131 ba\u011f\u0131ms\u0131zl\u0131k \u0131\u015f\u0131\u011f\u0131, 23 Nisan 1920\u2019de T\u00fcrkiye B\u00fcy\u00fck Millet Meclisi\u2019nin a\u00e7\u0131lmas\u0131yla t\u00fcm yurdu ayd\u0131nlatm\u0131\u015ft\u0131r. Ulusumuzun se\u00e7ti\u011fi temsilcilerin kat\u0131l\u0131m\u0131yla, ola\u011fan\u00fcst\u00fc ko\u015fullar alt\u0131nda toplanan B\u00fcy\u00fck Millet Meclisi, \u00f6nemli sorumluluklar \u00fcstlenmi\u015f, tarihsel g\u00f6revleri yerine getirmi\u015ftir.Meclis\u2019in a\u00e7\u0131lmas\u0131yla T\u00fcrk Ulusu; y\u00f6netimi ele ald\u0131\u011f\u0131n\u0131, gelece\u011fini belirleme hakk\u0131n\u0131n yaln\u0131z kendisine ait oldu\u011funu, bu hakk\u0131 hi\u00e7bir devlete ya da g\u00fcce\u00a0<span style=\"font-family: sans-serif, Arial, Verdana, 'Trebuchet MS'; line-height: 1.6em;\">devretmeyece\u011fini ve egemenli\u011fin kay\u0131ts\u0131z ko\u015fulsuz kendisinde oldu\u011funu d\u00fcnyaya duyurmu\u015ftur.\u201d ifadelerini kulland\u0131.<\/span><\/span><\/p>\n<p>\u00a0<\/p>\n<p><span style=\"font-size:16px;\">\u201cCUMHUR\u0130YET\u2019\u0130 YOK ETMEK \u0130\u00c7\u0130N HER T\u00dcRL\u00dc \u00c7ABAYI G\u00d6STERMEKTED\u0130R\u201d<\/span><\/p>\n<p>\u00a0<\/p>\n<p><span style=\"font-size:16px;\">Atat\u00fcrk\u2019\u00fcn \u00f6nderli\u011finde bir yandan Kurtulu\u015f Sava\u015f\u0131\u2019n\u0131 y\u00fcr\u00fct\u00fcrken, \u00f6te yandan T\u00fcrkiye Cumhuriyeti\u2019ni kuran, devrimlerin ger\u00e7ekle\u015ftirilmesinde ya\u015famsal rol \u00fcstlenen T\u00fcrkiye B\u00fcy\u00fck Millet Meclisi, ulusal egemenli\u011fin v\u00fccut buldu\u011fu, demokratik rejimlerinin temel kurumu oldu\u011funu kaydeden Boyar: \u201cAncak, \u00e7a\u011fda\u015f demokrasilerde rejimin temelini olu\u015fturan yasama-y\u00fcr\u00fctme- yarg\u0131dan olu\u015fan kuvvetler ayr\u0131l\u0131\u011f\u0131 ilkesi, AKP iktidar\u0131 d\u00f6neminde yok edilmi\u015ftir. TBMM b\u00fcy\u00fck yara alm\u0131\u015ft\u0131r. AKP y\u00f6neticileri, bir taraftan demokrasi havarisi kesilirken, di\u011fer taraftan da tek parti iktidar\u0131 ve ba\u015fkanl\u0131k sistemiyle padi\u015fahl\u0131k rejimine \u00f6zlem duymaktad\u0131rlar. Hukuk tan\u0131maz, bask\u0131c\u0131 iktidar, ba\u011f\u0131ms\u0131zl\u0131\u011f\u0131m\u0131z\u0131, \u00f6zg\u00fcrl\u00fc\u011f\u00fcm\u00fcz\u00fc ve demokrasimizi ta\u00e7land\u0131ran, ayd\u0131nlanma devrimimiz Cumhuriyet\u2019in kazan\u0131mlar\u0131n\u0131 yok etmek i\u00e7in her t\u00fcrl\u00fc \u00e7abay\u0131 g\u00f6stermektedir.\u201d diye kaydetti.<\/span><\/p>\n<p>\u00a0<\/p>\n<p><span style=\"font-size:16px;\">\u201cT\u00dcRK\u0130YE, B\u0130R KARANLI\u011eA DO\u011eRU S\u00dcR\u00dcKLENMEKTED\u0130R\u201d<\/span><\/p>\n<p>\u00a0<\/p>\n<p><span style=\"font-size:16px;\">Boyar: \u201cCumhuriyetin temel nitelikleri tart\u0131\u015fmaya a\u00e7\u0131lmakta; \u00fcniter devlet yap\u0131s\u0131 hedef al\u0131nmakta; ba\u015fta \u00d6\u011fretim Birli\u011fi ilkesi olmak \u00fczere devrim yasalar\u0131 \u00e7i\u011fnenmekte; Atat\u00fcrk ilke ve devrimleri do\u011frultusunda olu\u015fturulan \u00e7a\u011fda\u015f bilim ve e\u011fitim hedefi terk edilmekte; T\u00fcrkiye, bir karanl\u0131\u011fa do\u011fru s\u00fcr\u00fcklenmektedir.\u201d \u015feklinde belirtti.<\/span><\/p>\n<div>\n<div aria-label=\"Geni\u015fletilen i\u00e7eri\u011fi gizleyin\" data-tooltip=\"Geni\u015fletilen i\u00e7eri\u011fi gizleyin\" id=\":41w\" role=\"button\" style=\"clear:both;\" tabindex=\"0\"><span style=\"font-size:16px;\"><span style=\"font-family: sans-serif, Arial, Verdana, 'Trebuchet MS'; line-height: 1.6em;\">Ulu \u00d6nder Mustafa Kemal Atat\u00fcrk\u2019\u00fcn \u2018en b\u00fcy\u00fck devrimim\u2019 dedi\u011fi Laik T\u00fcrkiye Cumhuriyeti\u2019ne i\u00e7ten ve d\u0131\u015ftan y\u00f6nelebilecek tehditlere kar\u015f\u0131, bug\u00fcn her zamankinden daha dikkatli ve uyan\u0131k olmalar\u0131 zorunda oldu\u011funu ifade etti. Boyar: \u201cE\u011fitim-\u0130\u015f, tam ba\u011f\u0131ms\u0131zl\u0131k ve ulus egemenli\u011fine dayanan; laik, demokratik, sosyal hukuk devleti olan T\u00fcrkiye Cumhuriyeti\u2019ni, \u00fcniter devlet yap\u0131s\u0131 i\u00e7inde korumaya ve sonsuza kadar ya\u015fatmaya kararl\u0131d\u0131r.\u201d dedi.<\/span><img src=\"https:\/\/ssl.gstatic.com\/ui\/v1\/icons\/mail\/images\/cleardot.gif\" style=\"height:8px;width:20px;\" \/><\/span><\/div>\n<\/p><\/div>\n<\/p><\/div>\n<\/blockquote>\n<div>\n<blockquote type=\"cite\">\n<div dir=\"ltr\">\n<p>\u00a0<\/p>\n<p><span style=\"font-size:16px;\"><span style=\"font-family: sans-serif, Arial, Verdana, 'Trebuchet MS'; line-height: 1.6em;\">\u201cBARI\u015e VE KARDE\u015eL\u0130K \u0130\u00c7\u0130NDE YA\u015eANACAK B\u0130R GELECEK D\u0130L\u0130YORUZ\u201d<\/span><\/span><\/p>\n<p>\u00a0<\/p>\n<p><span style=\"font-size:16px;\"><span style=\"font-family: sans-serif, Arial, Verdana, 'Trebuchet MS'; line-height: 1.6em;\">Cumhuriyetin e\u011fitim \u00e7al\u0131\u015fanlar\u0131 olarak biz her t\u00fcrl\u00fc tehlikenin fark\u0131nda oldu\u011funu kaydeden Boyar: \u201cAtat\u00fcrk\u2019\u00fcn tarihimizdeki bu \u00f6nemli d\u00f6n\u00fcm noktas\u0131n\u0131 bayram olarak arma\u011fan etti\u011fi \u00e7ocuklar\u0131 da bu konuda uyan\u0131k tutmak asli g\u00f6revlerimizden biridir. Bundan hi\u00e7 kimsenin ku\u015fkusu olmas\u0131n. Bu duygular ve d\u00fc\u015f\u00fcncelerle ayd\u0131nl\u0131k gelece\u011fimizin g\u00fcne\u015fi ve g\u00fcvencesi \u00e7ocuklar\u0131m\u0131z ba\u015fta olmak \u00fczere, t\u00fcm ulusumuzun 23 Nisan Ulusal Egemenlik ve \u00c7ocuk Bayram\u0131\u2019n\u0131 kutluyoruz. Bar\u0131\u015f ve karde\u015flik i\u00e7inde ya\u015fanacak bir gelecek diliyoruz.\u201d \u015feklinde konu\u015ftu.<\/span><\/span><\/p>\n<\/p><\/div>\n<\/blockquote><\/div>\n<\/p><\/div>\n<\/p><\/div>\n<\/p><\/div>\n<\/p><\/div>\n<\/p><\/div>\n<\/p><\/div>\n<\/p><\/div>\n<\/p><\/div>\n<\/td>\n<\/tr>\n<\/tbody>\n<\/table>\n<div style=\"clear:both;\">\u00a0<\/div>\n<\/div>\n<\/div>\n<\/div>\n","protected":false},"excerpt":{"rendered":"<p>Mersin E\u011fitim-\u0130\u015f Sendikas\u0131 Y\u00f6netim Kurulu ad\u0131na \u015eube Ba\u015fkan\u0131 Hakan Boyar: \u201cEgemenlik Ulusundur!\u201d ba\u015fl\u0131\u011f\u0131 alt\u0131nda a\u00e7\u0131klama ger\u00e7ekle\u015ftirdi. Ger\u00e7ekle\u015fen a\u00e7\u0131klamada Hakan Boyar, 23 Nisan 1920\u2019de T\u00fcrkiye B\u00fcy\u00fck Millet Meclisi\u2019nin a\u00e7\u0131lmas\u0131yla t\u00fcm yurdun &hellip; <a href=\"https:\/\/akdenizolaygazetesi.com\/?p=1815\" class=\"more-link\">Devam\u0131n\u0131 Oku&#8230;<\/a><\/p>\n","protected":false},"author":1,"featured_media":0,"comment_status":"open","ping_status":"open","sticky":false,"template":"","format":"standard","meta":[],"categories":[],"tags":[],"_links":{"self":[{"href":"https:\/\/akdenizolaygazetesi.com\/index.php?rest_route=\/wp\/v2\/posts\/1815"}],"collection":[{"href":"https:\/\/akdenizolaygazetesi.com\/index.php?rest_route=\/wp\/v2\/posts"}],"about":[{"href":"https:\/\/akdenizolaygazetesi.com\/index.php?rest_route=\/wp\/v2\/types\/post"}],"author":[{"embeddable":true,"href":"https:\/\/akdenizolaygazetesi.com\/index.php?rest_route=\/wp\/v2\/users\/1"}],"replies":[{"embeddable":true,"href":"https:\/\/akdenizolaygazetesi.com\/index.php?rest_route=%2Fwp%2Fv2%2Fcomments&post=1815"}],"version-history":[{"count":0,"href":"https:\/\/akdenizolaygazetesi.com\/index.php?rest_route=\/wp\/v2\/posts\/1815\/revisions"}],"wp:attachment":[{"href":"https:\/\/akdenizolaygazetesi.com\/index.php?rest_route=%2Fwp%2Fv2%2Fmedia&parent=1815"}],"wp:term":[{"taxonomy":"category","embeddable":true,"href":"https:\/\/akdenizolaygazetesi.com\/index.php?rest_route=%2Fwp%2Fv2%2Fcategories&post=1815"},{"taxonomy":"post_tag","embeddable":true,"href":"https:\/\/akdenizolaygazetesi.com\/index.php?rest_route=%2Fwp%2Fv2%2Ftags&post=1815"}],"curies":[{"name":"wp","href":"https:\/\/api.w.org\/{rel}","templated":true}]}}