{"id":1817,"date":"2020-11-04T18:22:21","date_gmt":"2020-11-04T15:22:21","guid":{"rendered":"http:\/\/mersinekonomipolitikagazetesi.com\/?p=1817"},"modified":"2020-11-04T18:22:21","modified_gmt":"2020-11-04T15:22:21","slug":"toros-daglari-zirvesinden-secim-starti-verildi","status":"publish","type":"post","link":"https:\/\/akdenizolaygazetesi.com\/?p=1817","title":{"rendered":"TOROS DA\u011eLARI Z\u0130RVES\u0130NDEN SE\u00c7\u0130M STARTI VER\u0130LD\u0130"},"content":{"rendered":"<p>21-22 Nisan 2018\u2019de CHP  Silifke Belediyesi \u00f6nc\u00fcl\u00fc\u011f\u00fcnde d\u00fczenlenen Silifke Y\u00f6r\u00fck \u00c7al\u0131\u015ftay\u0131 program\u0131 CHP Genel Ba\u015fkan\u0131 Kemal K\u0131l\u0131\u00e7daro\u011flu\u2019nun kat\u0131l\u0131m\u0131yla ger\u00e7ekle\u015fti.<\/p>\n<div style=\"color: rgb(34, 34, 34); font-family: arial, sans-serif; font-size: 12.8px; line-height: normal;\"><span style=\"font-size:16px;\">\u00c7al\u0131\u015ftayda \u201cDo\u011fa ve \u0130nsan\u201d b\u00f6l\u00fcm\u00fcnde konu\u015fmac\u0131 olan Makina M\u00fchendisi CHP Mersin B\u00fcy\u00fck\u015fehir Belediye Ba\u015fkan\u0131 A. Aday\u0131 Serdar Erkan: \u201cY\u00f6r\u00fcklerin harman oldu\u011fu Toroslar\u0131n zirvesi G\u00f6kbelen Yaylas\u0131\u2019ndan se\u00e7im start\u0131n\u0131 verdik. Ya\u015fatmak ve ya\u015famak i\u00e7in biz haz\u0131r\u0131z.\u201d dedi.<\/span><\/div>\n<div style=\"color: rgb(34, 34, 34); font-family: arial, sans-serif; font-size: 12.8px; line-height: normal;\">\u00a0<\/div>\n<div style=\"color: rgb(34, 34, 34); font-family: arial, sans-serif; font-size: 12.8px; line-height: normal;\"><span style=\"font-size:16px;\">Ger\u00e7ekle\u015fen \u00e7al\u0131\u015ftay\u0131n ilk g\u00fcn\u00fcnde Tire S\u00fct Koop. Ba\u015fkan\u0131 Mahmut Eskiy\u00f6r\u00fck, \u00c7.\u00dc. Ziraat Fak. Zooktekni B\u00f6l.\u00d6\u011fr. \u00dcyesi Prof.Dr. Nazan Koluman, \u00c7evre M\u00fch. Odas\u0131 Ba\u015fkan\u0131 Baran Bozo\u011flu, Silifke Alevi K\u00fclt\u00fcr Dernekleri \u015eube Ba\u015fkan\u0131 Celal Necati \u00dc\u00e7y\u0131ld\u0131z, Makine M\u00fchendisi TMMOB MMO Mersin \u015eube 4. ve 5. D\u00f6nem Y\u00f6netim Kurulu Ba\u015fkan\u0131 Serdar ERKAN, Honaml\u0131 K\u00fclt\u00fcr ve Dayan\u0131\u015fma Derne\u011fi Ba\u015fkan\u0131 Salih Toros, Sar\u0131ke\u00e7ili Y\u00f6r\u00fc\u011f\u00fc Mustafa Bacak, Ara\u015ft\u0131rmac\u0131 Yazar Ya\u015far \u00d6zt\u00fcrk ve Silifke Belediye Ba\u015fkan\u0131 Dr. Mustafa TURGUT konu\u015fmac\u0131 olarak kat\u0131ld\u0131.<\/span><\/div>\n<div style=\"color: rgb(34, 34, 34); font-family: arial, sans-serif; font-size: 12.8px; line-height: normal;\">\u00a0<\/div>\n<div style=\"color: rgb(34, 34, 34); font-family: arial, sans-serif; font-size: 12.8px; line-height: normal;\"><span style=\"font-size:16px;\">Ayr\u0131ca \u00e7al\u0131\u015ftayda kat\u0131l\u0131mc\u0131lar\u0131n tan\u0131t\u0131m\u0131 ve program sunumu yan\u0131nda Silifke Y\u00f6resi Halk Oyunlar\u0131 G\u00f6sterisi, Temsili G\u00f6\u00e7, Konuk Y\u00f6r\u00fck Dernekleri Folklor G\u00f6sterileri de yer ald\u0131.<\/span><\/div>\n","protected":false},"excerpt":{"rendered":"<p>21-22 Nisan 2018\u2019de CHP Silifke Belediyesi \u00f6nc\u00fcl\u00fc\u011f\u00fcnde d\u00fczenlenen Silifke Y\u00f6r\u00fck \u00c7al\u0131\u015ftay\u0131 program\u0131 CHP Genel Ba\u015fkan\u0131 Kemal K\u0131l\u0131\u00e7daro\u011flu\u2019nun kat\u0131l\u0131m\u0131yla ger\u00e7ekle\u015fti. \u00c7al\u0131\u015ftayda \u201cDo\u011fa ve \u0130nsan\u201d b\u00f6l\u00fcm\u00fcnde konu\u015fmac\u0131 olan Makina M\u00fchendisi CHP Mersin &hellip; <a href=\"https:\/\/akdenizolaygazetesi.com\/?p=1817\" class=\"more-link\">Devam\u0131n\u0131 Oku&#8230;<\/a><\/p>\n","protected":false},"author":1,"featured_media":0,"comment_status":"open","ping_status":"open","sticky":false,"template":"","format":"standard","meta":[],"categories":[],"tags":[],"_links":{"self":[{"href":"https:\/\/akdenizolaygazetesi.com\/index.php?rest_route=\/wp\/v2\/posts\/1817"}],"collection":[{"href":"https:\/\/akdenizolaygazetesi.com\/index.php?rest_route=\/wp\/v2\/posts"}],"about":[{"href":"https:\/\/akdenizolaygazetesi.com\/index.php?rest_route=\/wp\/v2\/types\/post"}],"author":[{"embeddable":true,"href":"https:\/\/akdenizolaygazetesi.com\/index.php?rest_route=\/wp\/v2\/users\/1"}],"replies":[{"embeddable":true,"href":"https:\/\/akdenizolaygazetesi.com\/index.php?rest_route=%2Fwp%2Fv2%2Fcomments&post=1817"}],"version-history":[{"count":0,"href":"https:\/\/akdenizolaygazetesi.com\/index.php?rest_route=\/wp\/v2\/posts\/1817\/revisions"}],"wp:attachment":[{"href":"https:\/\/akdenizolaygazetesi.com\/index.php?rest_route=%2Fwp%2Fv2%2Fmedia&parent=1817"}],"wp:term":[{"taxonomy":"category","embeddable":true,"href":"https:\/\/akdenizolaygazetesi.com\/index.php?rest_route=%2Fwp%2Fv2%2Fcategories&post=1817"},{"taxonomy":"post_tag","embeddable":true,"href":"https:\/\/akdenizolaygazetesi.com\/index.php?rest_route=%2Fwp%2Fv2%2Ftags&post=1817"}],"curies":[{"name":"wp","href":"https:\/\/api.w.org\/{rel}","templated":true}]}}