{"id":1818,"date":"2020-11-04T18:22:21","date_gmt":"2020-11-04T15:22:21","guid":{"rendered":"http:\/\/mersinekonomipolitikagazetesi.com\/?p=1818"},"modified":"2020-11-04T18:22:21","modified_gmt":"2020-11-04T15:22:21","slug":"adaletin-olmadigi-yerde-devlet-olmaz","status":"publish","type":"post","link":"https:\/\/akdenizolaygazetesi.com\/?p=1818","title":{"rendered":"&#8220;ADALET\u0130N OLMADI\u011eI YERDE DEVLET OLMAZ&#8221;"},"content":{"rendered":"<p>CHP Genel Ba\u015fkan\u0131 Kemal K\u0131l\u0131\u00e7daro\u011flu, &#8220;Haziran&#8217;da hep beraber bir d\u00fc\u011f\u00fcn, bir bayram havas\u0131 i\u00e7inde sand\u0131\u011fa gidelim. Bize d\u00fc\u015fen g\u00f6rev Mustafa Kemal Atat\u00fcrk&#8217;\u00fcn vasiyetini yerine getirmek. Cumhuriyeti hep birlikte demokrasi ile ta\u00e7land\u0131raca\u011f\u0131z&#8221; dedi.<\/p>\n<p><span style=\"font-size:16px;\"><span style=\"font-family: sans-serif; line-height: 20px; text-align: justify; background-color: rgb(242, 244, 245);\">CHP Genel Ba\u015fkan\u0131 K\u0131l\u0131\u00e7daro\u011flu, Mersin&#8217;de &#8220;1. Silifke Y\u00f6r\u00fck \u00c7al\u0131\u015ftay\u0131&#8217;na kat\u0131ld\u0131. Silifke&#8217;nin G\u00f6kbelen Yaylas\u0131&#8217;nda Y\u00f6r\u00fcklerle \u00e7ad\u0131rda bulu\u015fan K\u0131l\u0131\u00e7daro\u011flu, sorunlar\u0131n\u0131 dinledi. Burada konu\u015fan K\u0131l\u0131\u00e7daro\u011flu, Y\u00f6r\u00fcklerle birlikte olmaktan mutlu oldu\u011funu s\u00f6yledi. Bu \u00fclkedeki insanlara birlikte ya\u015famay\u0131 vaat etti\u011fini s\u00f6yleyen K\u0131l\u0131\u00e7daro\u011flu, \u201cKimseyi ay\u0131rmadan, kimseyi \u00f6tekile\u015ftirmeden, kimsenin kimli\u011finden, ya\u015fam tarz\u0131ndan \u00f6t\u00fcr\u00fc kimseyi ayr\u0131\u015ft\u0131rmadan, madem ki birlikte ya\u015f\u0131yoruz, madem ki ayn\u0131 havay\u0131 teneff\u00fcs ediyoruz, madem ki bu da\u011flar bizim, bu ovalar bizim bu \u00fclkeyi g\u00f6ky\u00fcz\u00fcne \u00e7evirmek bizim, hepimizin g\u00f6revi. Kavga de\u011fil, huzur ve bar\u0131\u015f istiyoruz kendi \u00fclkemizde, bunu sa\u011flayaca\u011f\u0131m. Bu \u00e7ad\u0131rlar g\u00fczel T\u00fcrk\u00e7emizi as\u0131rlar boyunca ya\u015fatan \u00e7ad\u0131rlard\u0131r. Bu \u00e7ad\u0131rlar\u0131, bu k\u00fclt\u00fcr\u00fc bilece\u011fiz. Ge\u00e7mi\u015fimizi bilece\u011fiz, ge\u00e7mi\u015ften ders al\u0131p gelece\u011fimizi hep beraber in\u015fa edece\u011fiz\u201d diye konu\u015ftu.\u00a0<\/span><br style=\"box-sizing: border-box; font-family: sans-serif; font-size: 14px; line-height: 20px; text-align: justify; background-color: rgb(242, 244, 245);\" \/><br \/>\n<span style=\"font-family: sans-serif; line-height: 20px; text-align: justify; background-color: rgb(242, 244, 245);\">Adalet i\u00e7in 450 kilometre y\u00fcr\u00fcd\u00fc\u011f\u00fcn\u00fc kaydeden K\u0131l\u0131\u00e7daro\u011flu, \u201cAdalet insanl\u0131\u011f\u0131n temel kavram\u0131d\u0131r. Adaleti ben bu \u00e7ad\u0131rlarda \u00f6\u011frendim, adaleti ben kendi evimde, insanlardan, sevgili Peygamberimizden \u00f6\u011frendim. Adalet bizim vazge\u00e7ilmezimizdir. Biz adalet i\u00e7in m\u00fccadele ederken, vatan\u0131m\u0131z i\u00e7in u\u011fra\u015f\u0131rken, \u00fclkemizde hep beraber ya\u015famak isterken acaba 2018\u2019in T\u00fcrkiye\u2019sinde ne oluyor. 2018\u2019de \u00e7\u0131k\u0131p T\u00fcrkiye\u2019nin beka sorunu vard\u0131r diyorlarsa, su soruyu herkesin sormas\u0131 laz\u0131m. 15 y\u0131l \u00f6nce kimse T\u00fcrkiye\u2019nin beka sorunu var demiyordu. Ne oldu da 15 y\u0131l\u0131n sonunda T\u00fcrkiye\u2019de bir beka sorunundan, T\u00fcrkiye\u2019de bir gelecek sorununda, T\u00fcrkiye\u2019de bir vatan sorunundan s\u00f6z ediyoruz. Herkesin bunu d\u00fc\u015f\u00fcnmesi laz\u0131m. Bunun partilerle ilgisi yok. Bu bir memleket meselesidir\u201d \u015feklinde konu\u015ftu.\u00a0<\/span><br style=\"box-sizing: border-box; font-family: sans-serif; font-size: 14px; line-height: 20px; text-align: justify; background-color: rgb(242, 244, 245);\" \/><br \/>\n<span style=\"font-family: sans-serif; line-height: 20px; text-align: justify; background-color: rgb(242, 244, 245);\">Se\u00e7imlerle ilgili de konu\u015fan K\u0131l\u0131\u00e7daro\u011flu, \u201cDevletin iradesini bir ki\u015fiye teslim ederseniz sorunlar ortaya \u00e7\u0131kar. \u00c7\u00fcnk\u00fc devlet bir ki\u015fi de\u011fildir, devlet farkl\u0131d\u0131r. Devletin temelinde adalet vard\u0131r. Adaletin olmad\u0131\u011f\u0131 yerde devlet olmaz. \u015eimdi 2018 T\u00fcrkiye\u2019sinde devleti bir ki\u015fiye teslim ederseniz 1919\u2019da, 1916\u2019da neler ya\u015fand\u0131ysa benzer bir sorunu ya\u015fayabiliriz. O nedenle \u00e7\u0131k\u0131p bilge insanlar T\u00fcrkiye\u2019nin gelece\u011finden endi\u015fe ediyorlar. Biz birlikte \u00e7al\u0131\u015fmak zorunday\u0131z. Bu i\u015f bir parti meselesi de\u011fildir. Bu i\u015f bir memleket meselesidir. Bu i\u015f bir adalet meselesidir. Adalet bir ki\u015fi i\u00e7in de\u011fil, bir toplum i\u00e7in de\u011fil d\u00fcnyada ya\u015fayan b\u00fct\u00fcn milletler i\u00e7in adalet ge\u00e7erlidir. Demokrasiyi \u015fimdi b\u00fcy\u00fctece\u011fiz, demokrasiyi \u015fimdi geli\u015ftirece\u011fiz. Biz kendi \u00fclkemizin insan\u0131 kazans\u0131n, hepimiz kazanal\u0131m ve bu \u00fclkede huzur i\u00e7inde ya\u015fayal\u0131m, bunu yapaca\u011f\u0131z\u201d ifadelerini kulland\u0131.\u00a0<\/span><br style=\"box-sizing: border-box; font-family: sans-serif; font-size: 14px; line-height: 20px; text-align: justify; background-color: rgb(242, 244, 245);\" \/><br \/>\n<span style=\"font-family: sans-serif; line-height: 20px; text-align: justify; background-color: rgb(242, 244, 245);\">G\u00fczel bir d\u00fcnyan\u0131n in\u015fa edilebilece\u011fini s\u00f6yleyen K\u0131l\u0131\u00e7daro\u011flu, \u201cBiz m\u00fccadele edece\u011fiz. Tek adama T\u00fcrkiye\u2019yi teslim etmeyin. Tek adama teslim edilen bir Osmanl\u0131 \u0130mparatorlu\u011fu, gemilerin \u00c7anakkale\u2019den ge\u00e7mesine m\u00fcsaade ederek, i\u015fgal etmelerini sa\u011flad\u0131lar. Atat\u00fcrk hi\u00e7bir zaman tek adam olmad\u0131. Hi\u00e7bir zaman tek adam hevesinde olmad\u0131. Milli kurtulu\u015f m\u00fccadelesi Meclisle y\u00f6netti. Bu ovalar hepimizin ovalar\u0131d\u0131r. Biz kad\u0131n\u0131yla, k\u0131z\u0131yla, ya\u015fl\u0131s\u0131yla, genciyle, \u00e7ocuklar\u0131m\u0131zla beraber bu g\u00fczel \u00fclkede huzur i\u00e7inde ya\u015famak istiyoruz. Kimsenin kulu ve k\u00f6lesi olmak istemiyoruz. Tarihimizi unutmayal\u0131m, g\u00fczel \u00fclkemizde birlikte ya\u015fayal\u0131m, ayr\u0131m yapmayal\u0131m. Birlikte ya\u015farsak her \u015feyimiz g\u00fczel olacak. Haziran g\u00fczel bir ayd\u0131r. Haziran\u2019da hep beraber bir d\u00fc\u011f\u00fcn havas\u0131, bir bayram havas\u0131 i\u00e7inde sand\u0131\u011fa gidelim. Diyelim ki bu g\u00fczel \u00fclkeyi kurdular. Bize d\u00fc\u015fen g\u00f6rev Mustafa Kemal Atat\u00fcrk\u2019\u00fcn vasiyetini yerine getirmek. Yani Cumhuriyeti demokrasi ile ta\u00e7land\u0131rmak. Cumhuriyeti hep birlikte demokrasi ile ta\u00e7land\u0131raca\u011f\u0131z&#8221; dedi.\u00a0<\/span><\/span><\/p>\n","protected":false},"excerpt":{"rendered":"<p>CHP Genel Ba\u015fkan\u0131 Kemal K\u0131l\u0131\u00e7daro\u011flu, &#8220;Haziran&#8217;da hep beraber bir d\u00fc\u011f\u00fcn, bir bayram havas\u0131 i\u00e7inde sand\u0131\u011fa gidelim. Bize d\u00fc\u015fen g\u00f6rev Mustafa Kemal Atat\u00fcrk&#8217;\u00fcn vasiyetini yerine getirmek. Cumhuriyeti hep birlikte demokrasi ile &hellip; <a href=\"https:\/\/akdenizolaygazetesi.com\/?p=1818\" class=\"more-link\">Devam\u0131n\u0131 Oku&#8230;<\/a><\/p>\n","protected":false},"author":1,"featured_media":0,"comment_status":"open","ping_status":"open","sticky":false,"template":"","format":"standard","meta":[],"categories":[],"tags":[],"_links":{"self":[{"href":"https:\/\/akdenizolaygazetesi.com\/index.php?rest_route=\/wp\/v2\/posts\/1818"}],"collection":[{"href":"https:\/\/akdenizolaygazetesi.com\/index.php?rest_route=\/wp\/v2\/posts"}],"about":[{"href":"https:\/\/akdenizolaygazetesi.com\/index.php?rest_route=\/wp\/v2\/types\/post"}],"author":[{"embeddable":true,"href":"https:\/\/akdenizolaygazetesi.com\/index.php?rest_route=\/wp\/v2\/users\/1"}],"replies":[{"embeddable":true,"href":"https:\/\/akdenizolaygazetesi.com\/index.php?rest_route=%2Fwp%2Fv2%2Fcomments&post=1818"}],"version-history":[{"count":0,"href":"https:\/\/akdenizolaygazetesi.com\/index.php?rest_route=\/wp\/v2\/posts\/1818\/revisions"}],"wp:attachment":[{"href":"https:\/\/akdenizolaygazetesi.com\/index.php?rest_route=%2Fwp%2Fv2%2Fmedia&parent=1818"}],"wp:term":[{"taxonomy":"category","embeddable":true,"href":"https:\/\/akdenizolaygazetesi.com\/index.php?rest_route=%2Fwp%2Fv2%2Fcategories&post=1818"},{"taxonomy":"post_tag","embeddable":true,"href":"https:\/\/akdenizolaygazetesi.com\/index.php?rest_route=%2Fwp%2Fv2%2Ftags&post=1818"}],"curies":[{"name":"wp","href":"https:\/\/api.w.org\/{rel}","templated":true}]}}