{"id":1819,"date":"2020-11-04T18:22:21","date_gmt":"2020-11-04T15:22:21","guid":{"rendered":"http:\/\/mersinekonomipolitikagazetesi.com\/?p=1819"},"modified":"2020-11-04T18:22:21","modified_gmt":"2020-11-04T15:22:21","slug":"resim-ogretmenleri-mtsoda-sergi-acti","status":"publish","type":"post","link":"https:\/\/akdenizolaygazetesi.com\/?p=1819","title":{"rendered":"Resim \u00f6\u011fretmenleri MTSO\u2019da sergi a\u00e7t\u0131"},"content":{"rendered":"<p>Mersin Ticaret ve Sanayi Odas\u0131 (MTSO) Sanat Galerisi, ressamlar\u0131n sergilerine ev sahipli\u011fi yapmaya devam ediyor. Bu hafta galeri, ressam ve ayn\u0131 zamanda resim \u00f6\u011fretmeni olan Be\u015fir Bayar ile Sait Toprak\u2019\u0131n \u2018an ve mekan\u2019 isimli resim sergisini a\u011f\u0131rl\u0131yor. Kar\u0131\u015f\u0131k teknik kullan\u0131larak haz\u0131rlanan ve kentler, insanlar ile do\u011fa aras\u0131ndaki ili\u015fkiyi irdeleyen sergi, 8 May\u0131s\u2019a kadar a\u00e7\u0131k kalacak.<\/p>\n<blockquote style=\"color: rgb(34, 34, 34); font-family: arial, sans-serif; font-size: 12.8px; font-style: normal; line-height: normal;\" type=\"cite\">\n<blockquote style=\"color: rgb(34, 34, 34); font-family: arial, sans-serif; font-size: 12.8px; font-style: normal; line-height: normal;\" type=\"cite\">\n<table bgcolor=\"#cccccc\" cellpadding=\"10\" cellspacing=\"0\" width=\"100%\">\n<tbody>\n<tr>\n<td align=\"center\" height=\"100%\" style=\"margin: 0px;\" valign=\"top\">\n<table bgcolor=\"#ffffff\" border=\"0\" cellpadding=\"20\" cellspacing=\"0\" width=\"600\">\n<tbody>\n<tr>\n<td style=\"margin: 0px; border-right-color: rgb(225, 228, 163); border-right-width: 1px; border-right-style: solid;\" valign=\"top\" width=\"600\">\n<p style=\"text-align: justify;\">MTSO Sanat Galerisi\u2019nde, Ressam Be\u015fir Bayar ile Sait Toprak\u2019\u0131n \u2018an ve mekan\u2019 isimli sergisi a\u00e7\u0131ld\u0131. A\u00e7\u0131l\u0131\u015fa, MTSO\u2019ya ziyarette bulunan Japonya\u2019n\u0131n T\u00fcrkiye B\u00fcy\u00fckel\u00e7isi Akio Miyajima\u2019n\u0131n yan\u0131 s\u0131ra MTSO Y\u00f6netim Kurulu Ba\u015fkan\u0131 Ayhan K\u0131z\u0131ltan ile Y\u00f6netim Kurulu \u00dcyeleri de kat\u0131ld\u0131.\u00a0<br \/>\n\t\t\t\t\t\t32 eserin yer ald\u0131\u011f\u0131 sergi, kentler, insanlar ve do\u011fa aras\u0131ndaki ili\u015fkiyi irdeliyor. Kar\u0131\u015f\u0131k teknik kullan\u0131larak haz\u0131rlanan sergi, sanatseverlerin be\u011fenisini toplad\u0131.\u00a0<\/p>\n<p style=\"text-align: justify;\">Bayar: \u201cMersin\u2019de g\u00f6rev yapt\u0131\u011f\u0131m i\u00e7in buray\u0131 tercih ettik\u201d<br \/>\n\t\t\t\t\t\tSergi a\u00e7\u0131l\u0131\u015f\u0131nda konu\u015fan ressam ve ayn\u0131 zamanda resim \u00f6\u011fretmeni olan Be\u015fir Bayar, 5 y\u0131ld\u0131r Mersin\u2019de ya\u015fad\u0131\u011f\u0131n\u0131 ve ya\u015fad\u0131\u011f\u0131 kentte de bir \u00e7al\u0131\u015fma yapmak istemesi nedeniyle bu sergiyi a\u00e7t\u0131\u011f\u0131n\u0131 s\u00f6yledi. Sergi i\u00e7in yakla\u015f\u0131k 1 y\u0131ld\u0131r haz\u0131rland\u0131klar\u0131n\u0131 dile getiren Bayar, \u201cSait Toprak, \u00e7ok eski arkada\u015f\u0131m oldu\u011fu i\u00e7in birlikte sergi a\u00e7mak istedik. \u0130lk sergimizi Adana\u2019da a\u00e7t\u0131k. Benim Mersin\u2019de ya\u015f\u0131yor olmam nedeniyle sergimizi daha sonra Mersin\u2019e de ta\u015f\u0131d\u0131k\u201d dedi.<br \/>\n\t\t\t\t\t\t12 y\u0131ld\u0131r \u00f6\u011fretmenlik yapt\u0131\u011f\u0131n\u0131 kaydeden Bayar, resimle \u00e7ocuklu\u011fundan beri u\u011fra\u015ft\u0131\u011f\u0131n\u0131 belirtti. Resimlerinde do\u011frudan iletmek istedi\u011fi bir mesaj bulunmad\u0131\u011f\u0131n\u0131 vurgulayan Bayar, kent ve fig\u00fcr ili\u015fkisini tuvale yans\u0131tarak irdelemeye \u00e7al\u0131\u015ft\u0131\u011f\u0131n\u0131 aktard\u0131.\u00a0<br \/>\n\t\t\t\t\t\tYurti\u00e7inde 6 ki\u015fisel sergisi bulundu\u011funu bildiren Bayar, \u201c2016\u2019da \u0130talya\u2019n\u0131n Forli kentindeki Vernice Sanat Fuar\u0131\u2019nda \u00f6d\u00fcl ald\u0131m. Ayn\u0131 y\u0131l, Uluslararas\u0131 Sanat ve Sanatkarlar Toplulu\u011fu K\u00fclt\u00fcr Derne\u011fi\u2019nin (SAK\u00dcDER) 11. Kurulu\u015f y\u0131l\u0131 amac\u0131yla d\u00fczenlenen resim yar\u0131\u015fmas\u0131nda \u00fc\u00e7\u00fcnc\u00fcl\u00fck ald\u0131m. \u00c7al\u0131\u015fmalar\u0131ma at\u00f6lyemde devam ediyorum\u201d diye konu\u015ftu. \u00a0<\/p>\n<p style=\"text-align: justify;\">Toprak; \u201cSergide, tahrip edilmi\u015f do\u011fay\u0131 betimlemeye \u00e7al\u0131\u015ft\u0131m\u201d<br \/>\n\t\t\t\t\t\tRessam ve Kafkas \u00dcniversitesi G\u00fczel Sanatlar Fak\u00fcltesi \u00d6\u011fretim G\u00f6revlisi Sait Toprak ise, \u00c7ukurova \u00dcniversitesi\u2019nden mezun oldu\u011fu i\u00e7in Adana ve Mersin\u2019i \u00e7ok iyi bildi\u011fini s\u00f6yledi. Aslen \u015eanl\u0131urfal\u0131 oldu\u011funu belirten Toprak, \u00e7ok uzun zamand\u0131r resimle u\u011fra\u015ft\u0131\u011f\u0131n\u0131 kaydetti. Yurti\u00e7inde 4 ki\u015fisel sergi a\u00e7t\u0131\u011f\u0131n\u0131 bildiren Toprak, eserleriyle \u00e7ok say\u0131da karma sergilere de kat\u0131ld\u0131\u011f\u0131n\u0131 belirtti.\u00a0<br \/>\n\t\t\t\t\t\tKat\u0131ld\u0131\u011f\u0131 yar\u0131\u015fmalarda \u00e7e\u015fitli \u00f6d\u00fcllere lay\u0131k g\u00f6r\u00fcld\u00fc\u011f\u00fcn\u00fc de anlatan Toprak, \u201c2007\u2019de 68. Devlet Resim ve Heykel Yar\u0131\u015fmas\u0131\u2019nda resim dal\u0131nda ba\u015far\u0131 \u00f6d\u00fcl\u00fc ve 2009\u2019da Talens \u00dcniversiteli \u00d6\u011frenciler Aras\u0131 5. Ulusal Sanat D\u00fcnyas\u0131 Resim Yar\u0131\u015fmas\u0131\u2019nda ise birincilik \u00f6d\u00fcl\u00fc ald\u0131m\u201d dedi.<br \/>\n\t\t\t\t\t\t\u00c7al\u0131\u015fmalar\u0131na \u00f6\u011fretim g\u00f6revlisi olarak devam etti\u011fini belirten Toprak, bu sergide tahrip edilmi\u015f do\u011fay\u0131 betimlemeye \u00e7al\u0131\u015ft\u0131\u011f\u0131n\u0131 da s\u00f6zlerine ekledi.\u00a0<\/p>\n<\/td>\n<\/tr>\n<\/tbody>\n<\/table>\n<\/td>\n<\/tr>\n<\/tbody>\n<\/table>\n<\/blockquote>\n<\/blockquote>\n","protected":false},"excerpt":{"rendered":"<p>Mersin Ticaret ve Sanayi Odas\u0131 (MTSO) Sanat Galerisi, ressamlar\u0131n sergilerine ev sahipli\u011fi yapmaya devam ediyor. Bu hafta galeri, ressam ve ayn\u0131 zamanda resim \u00f6\u011fretmeni olan Be\u015fir Bayar ile Sait Toprak\u2019\u0131n &hellip; <a href=\"https:\/\/akdenizolaygazetesi.com\/?p=1819\" class=\"more-link\">Devam\u0131n\u0131 Oku&#8230;<\/a><\/p>\n","protected":false},"author":1,"featured_media":0,"comment_status":"open","ping_status":"open","sticky":false,"template":"","format":"standard","meta":[],"categories":[],"tags":[],"_links":{"self":[{"href":"https:\/\/akdenizolaygazetesi.com\/index.php?rest_route=\/wp\/v2\/posts\/1819"}],"collection":[{"href":"https:\/\/akdenizolaygazetesi.com\/index.php?rest_route=\/wp\/v2\/posts"}],"about":[{"href":"https:\/\/akdenizolaygazetesi.com\/index.php?rest_route=\/wp\/v2\/types\/post"}],"author":[{"embeddable":true,"href":"https:\/\/akdenizolaygazetesi.com\/index.php?rest_route=\/wp\/v2\/users\/1"}],"replies":[{"embeddable":true,"href":"https:\/\/akdenizolaygazetesi.com\/index.php?rest_route=%2Fwp%2Fv2%2Fcomments&post=1819"}],"version-history":[{"count":0,"href":"https:\/\/akdenizolaygazetesi.com\/index.php?rest_route=\/wp\/v2\/posts\/1819\/revisions"}],"wp:attachment":[{"href":"https:\/\/akdenizolaygazetesi.com\/index.php?rest_route=%2Fwp%2Fv2%2Fmedia&parent=1819"}],"wp:term":[{"taxonomy":"category","embeddable":true,"href":"https:\/\/akdenizolaygazetesi.com\/index.php?rest_route=%2Fwp%2Fv2%2Fcategories&post=1819"},{"taxonomy":"post_tag","embeddable":true,"href":"https:\/\/akdenizolaygazetesi.com\/index.php?rest_route=%2Fwp%2Fv2%2Ftags&post=1819"}],"curies":[{"name":"wp","href":"https:\/\/api.w.org\/{rel}","templated":true}]}}