{"id":1820,"date":"2020-11-04T18:22:21","date_gmt":"2020-11-04T15:22:21","guid":{"rendered":"http:\/\/mersinekonomipolitikagazetesi.com\/?p=1820"},"modified":"2020-11-04T18:22:21","modified_gmt":"2020-11-04T15:22:21","slug":"mersinin-ucuncu-katli-kavsagi-aciliyor","status":"publish","type":"post","link":"https:\/\/akdenizolaygazetesi.com\/?p=1820","title":{"rendered":"MERS\u0130N\u0130N \u00dc\u00c7\u00dcNC\u00dc KATLI KAV\u015eA\u011eI A\u00c7ILIYOR"},"content":{"rendered":"<p>Mersin B\u00fcy\u00fck\u015fehir Belediyesi taraf\u0131ndan yap\u0131m\u0131 tamamlanan \u00fc\u00e7\u00fcnc\u00fc katl\u0131 kav\u015fak olan Egemenlik Katl\u0131 Kav\u015fa\u011f\u0131 bug\u00fcn saat 14.00\u2019de a\u00e7\u0131l\u0131yor.<\/p>\n<blockquote type=\"cite\">\n<div dir=\"ltr\">\n<div>\n<p><span style=\"font-size:16px;\">Mersinin \u00fc\u00e7\u00fcnc\u00fc katl\u0131 kav\u015fa\u011f\u0131 a\u00e7\u0131l\u0131\u015f\u0131 H. Okan Merzeci ve \u00dcniversite Caddesinin kesi\u015fti\u011fi noktada yap\u0131lacak.<\/span><\/p>\n<p><span style=\"font-size:16px;\">Bug\u00fcn a\u00e7\u0131l\u0131\u015f\u0131 yap\u0131lacak olan Egemenlik Katl\u0131 Kav\u015fa\u011f\u0131n vatanda\u015fa ekonomik y\u00f6nden pek \u00e7ok fayda sa\u011flayaca\u011f\u0131 \u015fu \u015fekilde belirtildi: \u201cH\u00fcseyin Okan Merzeci-\u00dcniversite Kav\u015fa\u011f\u0131 ile vatanda\u015flar\u0131n trafikte bekleme s\u00fcresi azal\u0131rken, yak\u0131ttan tasarruf sa\u011flanacak ve emisyon kazanc\u0131 ile hem Mersin ekonomisine hem \u00fclke ekonomisine katk\u0131 sa\u011flanacak. Trafikteki bekleme s\u00fcresinin azalt\u0131lmas\u0131 ile de egzoz emisyonu azalt\u0131larak motorlu ta\u015f\u0131tlardan kaynaklanan hava kirlili\u011fi azalt\u0131lm\u0131\u015f olacak. Bu proje toplamda 21.616.812 TL\u2019lik kazan\u00e7 ile milli ekonomiye sa\u011flad\u0131\u011f\u0131 kazanc\u0131n yan\u0131nda, zaman ve \u00e7evre a\u00e7\u0131s\u0131ndan da \u00e7ok b\u00fcy\u00fck kazan\u0131mlar sa\u011flayacak.\u201d<\/span><\/p>\n<\/div>\n<\/div>\n<\/blockquote>\n<div>\n<div dir=\"ltr\">\n<div>\n<p>\u00a0<\/p>\n<\/div>\n<\/div>\n<\/div>\n","protected":false},"excerpt":{"rendered":"<p>Mersin B\u00fcy\u00fck\u015fehir Belediyesi taraf\u0131ndan yap\u0131m\u0131 tamamlanan \u00fc\u00e7\u00fcnc\u00fc katl\u0131 kav\u015fak olan Egemenlik Katl\u0131 Kav\u015fa\u011f\u0131 bug\u00fcn saat 14.00\u2019de a\u00e7\u0131l\u0131yor. Mersinin \u00fc\u00e7\u00fcnc\u00fc katl\u0131 kav\u015fa\u011f\u0131 a\u00e7\u0131l\u0131\u015f\u0131 H. Okan Merzeci ve \u00dcniversite Caddesinin kesi\u015fti\u011fi noktada &hellip; <a href=\"https:\/\/akdenizolaygazetesi.com\/?p=1820\" class=\"more-link\">Devam\u0131n\u0131 Oku&#8230;<\/a><\/p>\n","protected":false},"author":1,"featured_media":0,"comment_status":"open","ping_status":"open","sticky":false,"template":"","format":"standard","meta":[],"categories":[],"tags":[],"_links":{"self":[{"href":"https:\/\/akdenizolaygazetesi.com\/index.php?rest_route=\/wp\/v2\/posts\/1820"}],"collection":[{"href":"https:\/\/akdenizolaygazetesi.com\/index.php?rest_route=\/wp\/v2\/posts"}],"about":[{"href":"https:\/\/akdenizolaygazetesi.com\/index.php?rest_route=\/wp\/v2\/types\/post"}],"author":[{"embeddable":true,"href":"https:\/\/akdenizolaygazetesi.com\/index.php?rest_route=\/wp\/v2\/users\/1"}],"replies":[{"embeddable":true,"href":"https:\/\/akdenizolaygazetesi.com\/index.php?rest_route=%2Fwp%2Fv2%2Fcomments&post=1820"}],"version-history":[{"count":0,"href":"https:\/\/akdenizolaygazetesi.com\/index.php?rest_route=\/wp\/v2\/posts\/1820\/revisions"}],"wp:attachment":[{"href":"https:\/\/akdenizolaygazetesi.com\/index.php?rest_route=%2Fwp%2Fv2%2Fmedia&parent=1820"}],"wp:term":[{"taxonomy":"category","embeddable":true,"href":"https:\/\/akdenizolaygazetesi.com\/index.php?rest_route=%2Fwp%2Fv2%2Fcategories&post=1820"},{"taxonomy":"post_tag","embeddable":true,"href":"https:\/\/akdenizolaygazetesi.com\/index.php?rest_route=%2Fwp%2Fv2%2Ftags&post=1820"}],"curies":[{"name":"wp","href":"https:\/\/api.w.org\/{rel}","templated":true}]}}