{"id":1821,"date":"2020-11-04T18:22:21","date_gmt":"2020-11-04T15:22:21","guid":{"rendered":"http:\/\/mersinekonomipolitikagazetesi.com\/?p=1821"},"modified":"2020-11-04T18:22:21","modified_gmt":"2020-11-04T15:22:21","slug":"ebelerin-calisma-sartlari-iyilestirilsin","status":"publish","type":"post","link":"https:\/\/akdenizolaygazetesi.com\/?p=1821","title":{"rendered":"\u201cEBELER\u0130N \u00c7ALI\u015eMA \u015eARTLARI \u0130Y\u0130LE\u015eT\u0130R\u0130LS\u0130N\u201d"},"content":{"rendered":"<p>Sa\u011fl\u0131k-Sen Mersin \u015eube Ba\u015fkan\u0131 \u015eemsettin Karado\u011fan 21-28 Nisan Ebeler Haftas\u0131 nedeniyle a\u00e7\u0131klama yapt\u0131.<\/p>\n<blockquote type=\"cite\">\n<div dir=\"ltr\">\n<p><span style=\"font-size:16px;\">Sa\u011fl\u0131k-Sen Mersin \u015eube Ba\u015fkan\u0131 \u015eemsettin Karado\u011fan a\u00e7\u0131klamas\u0131n\u0131 \u2018Ebeler Hayat Kurtar\u0131rken T\u00fckeniyor\u2019 ba\u015fl\u0131\u011f\u0131 alt\u0131nda ger\u00e7ekle\u015ftirdi.<\/span><\/p>\n<p><span style=\"font-size:16px;\">Konu\u015fmas\u0131nda Karado\u011fan, yapt\u0131klar\u0131 ara\u015ft\u0131rmalara g\u00f6re ebelerin \u00e7al\u0131\u015fma \u015fartlar\u0131ndaki memnuniyetsizli\u011fi dile getirerek \u00e7ocuklara hayat veren ebelerin \u00e7al\u0131\u015fma \u015fartlar\u0131n\u0131n iyile\u015ftirilmesine de\u011findi.<\/span><\/p>\n<p>\u00a0<\/p>\n<p><span style=\"font-size:16px;\">\u201cEKONOM\u0130K SEBEPLERLE T\u00dcKENM\u0130\u015eL\u0130K \u0130\u00c7\u0130NDE YA\u015eIYOR\u201d<\/span><\/p>\n<p>\u00a0<\/p>\n<p><span style=\"font-size:16px;\">Karado\u011fan: \u201cHayata ilk ad\u0131m att\u0131\u011f\u0131m\u0131zda ve g\u00f6z\u00fcm\u00fcz\u00fc ilk onlara a\u00e7t\u0131\u011f\u0131m\u0131z ebeler, anne ve bebek \u00f6l\u00fcmlerinin azalmas\u0131nda \u00f6nemli bir paya sahip olmas\u0131na kar\u015f\u0131n, \u00e7al\u0131\u015fma \u015fartlar\u0131 ve ekonomik sebeplerle t\u00fckenmi\u015flik i\u00e7inde ya\u015f\u0131yor.\u201d \u015feklinde belirterek \u00fclkede bebek \u00f6l\u00fcmlerinin \u00f6nemli \u00f6l\u00e7\u00fcde azalmas\u0131nda b\u00fcy\u00fck bir paya sahip olan ebelerle ilgili yapt\u0131klar\u0131 ara\u015ft\u0131rma raporundan \u00e7\u0131kan sonu\u00e7 \u00e7al\u0131\u015fanlardaki t\u00fckenmi\u015fli\u011fi ve \u00e7al\u0131\u015fma \u015fartlar\u0131ndaki memnuniyetsizli\u011fi ortaya koydu\u011funu \u00f6ne s\u00fcrd\u00fc.<\/span><\/p>\n<p><span style=\"font-size:16px;\">Ebelerin \u00e7al\u0131\u015fma ko\u015fullar\u0131ndan memnun olmad\u0131\u011f\u0131n\u0131 dile getiren Karado\u011fan, \u00e7al\u0131\u015fan oran\u0131 y\u00fczde 82 \u00e7al\u0131\u015fma ko\u015fullar\u0131n\u0131 bir \u00f6nceki y\u0131ldan daha k\u00f6t\u00fc olarak de\u011ferlendirenlerin oran\u0131 ise y\u00fczde 47 olarak tespit edildi\u011fini ifade etti.<\/span><\/p>\n<div>\n<div aria-label=\"Geni\u015fletilen i\u00e7eri\u011fi gizleyin\" data-tooltip=\"Geni\u015fletilen i\u00e7eri\u011fi gizleyin\" id=\":24v\" role=\"button\" style=\"clear:both;\" tabindex=\"0\"><span style=\"font-size:16px;\"><img src=\"https:\/\/ssl.gstatic.com\/ui\/v1\/icons\/mail\/images\/cleardot.gif\" style=\"height:8px;width:20px;\" \/><\/span><\/div>\n<\/div>\n<div>\n<p>\u00a0<\/p>\n<p><span style=\"font-size:16px;\">\u201cSESLER\u0130NE KULAK VER\u0130LMEL\u0130D\u0130R\u201d<\/span><\/p>\n<p>\u00a0<\/p>\n<p><span style=\"font-size:16px;\">Bu oranlar, \u00fczerinde d\u00fc\u015f\u00fcn\u00fclmesi gereken bir sonu\u00e7 oldu\u011funu kaydeden Karado\u011fan: \u201cEldeki t\u00fcm bulgular birlikte de\u011ferlendirildi\u011finde, ebelerimizin \u00e7al\u0131\u015fma \u015fartlar\u0131n\u0131n iyile\u015ftirilmedi\u011fi, \u00e7al\u0131\u015fma \u015fartlar\u0131ndan memnun olmad\u0131klar\u0131, mesle\u011fi isteyerek se\u00e7mi\u015f olmalar\u0131na ra\u011fmen (% 70,11), f\u0131rsatlar\u0131 olsa bu durumu de\u011fi\u015ftirmek istedikleri (% 68,06), ekonomik s\u0131k\u0131nt\u0131lar sebebiyle aile i\u00e7inde ve psikolojik olarak s\u0131k\u0131nt\u0131lar ya\u015fad\u0131klar\u0131 (% 40,29), kendilerine (% 87,95) ve ailelerine (% 81,28) yeterince zaman ay\u0131ramad\u0131klar\u0131, sosyal hayatlar\u0131n\u0131n yok oldu\u011fu (% 81,2) ve b\u00fct\u00fcn bunlar\u0131n ya\u015fam kalitelerini (ya\u015fam kalitelerinden memnun olmayanlar\u0131n oran\u0131 % 74,39) ve memnuniyetlerini d\u00fc\u015f\u00fcrerek t\u00fckenmi\u015fli\u011fe yol a\u00e7t\u0131\u011f\u0131 g\u00f6r\u00fclmektedir.\u00a0 Fedakarca \u00e7al\u0131\u015fan sa\u011fl\u0131k \u00e7al\u0131\u015fanlar\u0131n\u0131n \u00f6nemli bir oran\u0131n\u0131 olu\u015fturan ebelerimizin sorunlar\u0131 bir an \u00f6nce giderilmeli, seslerine kulak verilmelidir. T\u00fcm ebelerin g\u00fcnlerini kutluyor, sorunlar\u0131n\u0131n \u00e7\u00f6z\u00fcld\u00fc\u011f\u00fc, mesle\u011fe olan sevgilerinin artt\u0131\u011f\u0131 ayd\u0131nl\u0131k bir gelecek diliyorum.\u201d \u015feklinde konu\u015ftu.<\/span><\/p>\n<\/div>\n<\/div>\n<\/blockquote>\n","protected":false},"excerpt":{"rendered":"<p>Sa\u011fl\u0131k-Sen Mersin \u015eube Ba\u015fkan\u0131 \u015eemsettin Karado\u011fan 21-28 Nisan Ebeler Haftas\u0131 nedeniyle a\u00e7\u0131klama yapt\u0131. Sa\u011fl\u0131k-Sen Mersin \u015eube Ba\u015fkan\u0131 \u015eemsettin Karado\u011fan a\u00e7\u0131klamas\u0131n\u0131 \u2018Ebeler Hayat Kurtar\u0131rken T\u00fckeniyor\u2019 ba\u015fl\u0131\u011f\u0131 alt\u0131nda ger\u00e7ekle\u015ftirdi. Konu\u015fmas\u0131nda Karado\u011fan, yapt\u0131klar\u0131 &hellip; <a href=\"https:\/\/akdenizolaygazetesi.com\/?p=1821\" class=\"more-link\">Devam\u0131n\u0131 Oku&#8230;<\/a><\/p>\n","protected":false},"author":1,"featured_media":0,"comment_status":"open","ping_status":"open","sticky":false,"template":"","format":"standard","meta":[],"categories":[],"tags":[],"_links":{"self":[{"href":"https:\/\/akdenizolaygazetesi.com\/index.php?rest_route=\/wp\/v2\/posts\/1821"}],"collection":[{"href":"https:\/\/akdenizolaygazetesi.com\/index.php?rest_route=\/wp\/v2\/posts"}],"about":[{"href":"https:\/\/akdenizolaygazetesi.com\/index.php?rest_route=\/wp\/v2\/types\/post"}],"author":[{"embeddable":true,"href":"https:\/\/akdenizolaygazetesi.com\/index.php?rest_route=\/wp\/v2\/users\/1"}],"replies":[{"embeddable":true,"href":"https:\/\/akdenizolaygazetesi.com\/index.php?rest_route=%2Fwp%2Fv2%2Fcomments&post=1821"}],"version-history":[{"count":0,"href":"https:\/\/akdenizolaygazetesi.com\/index.php?rest_route=\/wp\/v2\/posts\/1821\/revisions"}],"wp:attachment":[{"href":"https:\/\/akdenizolaygazetesi.com\/index.php?rest_route=%2Fwp%2Fv2%2Fmedia&parent=1821"}],"wp:term":[{"taxonomy":"category","embeddable":true,"href":"https:\/\/akdenizolaygazetesi.com\/index.php?rest_route=%2Fwp%2Fv2%2Fcategories&post=1821"},{"taxonomy":"post_tag","embeddable":true,"href":"https:\/\/akdenizolaygazetesi.com\/index.php?rest_route=%2Fwp%2Fv2%2Ftags&post=1821"}],"curies":[{"name":"wp","href":"https:\/\/api.w.org\/{rel}","templated":true}]}}