{"id":1822,"date":"2020-11-04T18:22:21","date_gmt":"2020-11-04T15:22:21","guid":{"rendered":"http:\/\/mersinekonomipolitikagazetesi.com\/?p=1822"},"modified":"2020-11-04T18:22:21","modified_gmt":"2020-11-04T15:22:21","slug":"egemenligin-saraydan-alinip-halka-verildigi-gun","status":"publish","type":"post","link":"https:\/\/akdenizolaygazetesi.com\/?p=1822","title":{"rendered":"\u201cEGEMENL\u0130\u011e\u0130N SARAYDAN ALINIP HALKA VER\u0130LD\u0130\u011e\u0130 G\u00dcN\u201d"},"content":{"rendered":"<p>Mersin CHP \u0130l Ba\u015fkanl\u0131\u011f\u0131 \u00f6nc\u00fcl\u00fc\u011f\u00fcnde 23 Nisan \u00c7ocuk Bayram\u0131 kutland\u0131. Kutlanan \u00c7ocuk Bayram\u0131 konu\u015fmas\u0131n\u0131 ger\u00e7ekle\u015ftiren CHP \u0130l Ba\u015fkan\u0131 Adil Aktay, \u00fclkenin gelece\u011fi \u00e7ocuklar\u0131n ellerinde oldu\u011funu aktard\u0131.<\/p>\n<blockquote type=\"cite\">\n<div dir=\"ltr\">\n<p><span style=\"font-size:16px;\">Mersin CHP \u0130l Ba\u015fkanl\u0131\u011f\u0131 \u00f6n\u00fcnde bir araya\u00a0 gelen CHP\u2019li vekiller, vatanda\u015flar, \u00e7ocuklar 23 Nisan \u00c7ocuk Bayram\u0131n\u0131 kutlamak i\u00e7in Cumhuriyet Meydan\u0131\u2019na y\u00fcr\u00fcy\u00fc\u015f yapt\u0131lar.<\/span><\/p>\n<p><span style=\"font-size:16px;\">Cumhuriyet Meydan\u0131 y\u00fcr\u00fcy\u00fc\u015f\u00fc esnas\u0131nda \u201cMustafa Kemal\u2019in askerleriyiz\u201d \u015feklinde slogan at\u0131ld\u0131.<\/span><\/p>\n<p><span style=\"font-size:16px;\">Y\u00fcr\u00fcy\u00fc\u015fe CHP \u0130l Ba\u015fkan\u0131 Adil Aktay, CHP Mersin Milletvekili Dr. H\u00fcseyin \u00c7amak, CHP Mersin Milletvekili Prof. Dr. Aytu\u011f At\u0131c\u0131, CHP Mezitli Belediye Ba\u015fkan\u0131 Ne\u015fet Tarhan ve CHP\u2019li vatanda\u015flar ve \u00e7ocuklar kat\u0131ld\u0131.<\/span><\/p>\n<p><span style=\"font-size:16px;\">Meydanda kutlama i\u00e7in toplanan vatanda\u015flarla ile beraber Adil Aktay\u00a0 meydana \u00e7elenk koydu.<\/span><\/p>\n<p><span style=\"font-size:16px;\">Ard\u0131ndan Aktay, 23 Nisan \u00c7ocuk Bayram\u0131 kutlama konu\u015fmas\u0131n\u0131 ger\u00e7ekle\u015ftirdi.<\/span><\/p>\n<p>\u00a0<\/p>\n<p>\u00a0<\/p>\n<p><span style=\"font-size:16px;\">\u201cANKARA\u2019DA KURTULU\u015e ATE\u015e\u0130N\u0130 TUTU\u015eTURDU\u011eU G\u00dcN\u201d<\/span><\/p>\n<p>\u00a0<\/p>\n<p><span style=\"font-size:16px;\">Bug\u00fcn bayram diyerek s\u00f6zlerine ba\u015flayan Aktay: \u201c\u00c7\u00fcnk\u00fc bug\u00fcn, i\u015fgal alt\u0131ndaki bir \u00fclkede, t\u00fcm zorluklara ra\u011fmen umudu diri tutanlar\u0131n, T\u00fcrkiye B\u00fcy\u00fck Millet Meclisi\u2019ni toplad\u0131\u011f\u0131 g\u00fcn. Bug\u00fcn bayram. \u00c7\u00fcnk\u00fc bug\u00fcn, T\u00fcrkiye\u2019nin d\u00f6rt bir yan\u0131nda i\u015fgalcilere kar\u015f\u0131 yak\u0131lan k\u0131v\u0131lc\u0131mlar\u0131n, Ankara\u2019da kurtulu\u015f ate\u015fini tutu\u015fturdu\u011fu g\u00fcn. Bug\u00fcn bayram. \u00c7\u00fcnk\u00fc bug\u00fcn, egemenli\u011fin saraydan al\u0131n\u0131p halka verildi\u011fi g\u00fcn.\u201d ifadelerini kulland\u0131.<\/span><\/p>\n<p>\u00a0<\/p>\n<p><span style=\"font-size:16px;\">\u201cM\u0130RASINI KORUMAK HEP\u0130M\u0130Z\u0130N G\u00d6REV\u0130\u201d<\/span><\/p>\n<p>\u00a0<\/p>\n<p><span style=\"font-size:16px;\">98 y\u0131l \u00f6nce toplanan o Meclis ba\u011f\u0131ms\u0131zl\u0131klar\u0131n\u0131 ve Cumhuriyeti kendilerine emanet etti\u011fini belirten Aktay: \u201c B\u00fcy\u00fck \u00f6nderimiz Mustafa Kemal Atat\u00fcrk, bu emanete en iyi,\u00a0 yeni nesillerin sahip \u00e7\u0131kaca\u011f\u0131n\u0131 bildi\u011fi i\u00e7in, 23 Nisan\u2019\u0131 \u00e7ocuklara arma\u011fan etti. Evet, gelecek \u00e7ocuklar\u0131m\u0131z\u0131n ellerindedir. Onlar\u0131n t\u0131rna\u011f\u0131na zarar gelse y\u00fcre\u011fimiz yanar, uykular\u0131m\u0131z ka\u00e7ar. Onlar, hayat\u0131 g\u00fczelle\u015ftirendir. Aileleri aile k\u0131lan, toplumlar\u0131 toplum yapan, \u00e7ocuklar\u0131na verdikleri de\u011ferdir. \u00c7ocuklar\u0131m\u0131za huzur, bar\u0131\u015f ve refah i\u00e7inde, temiz bir d\u00fcnya miras b\u0131rakmak hepimizin g\u00f6revi. \u0130\u015fgal \u015fartlar\u0131nda Meclis\u2019i toplayarak, halk egemenli\u011fini kuranlar\u0131n miras\u0131n\u0131 korumak hepimizin g\u00f6revi.\u201d dedi.<\/span><\/p>\n<p>\u00a0<\/p>\n<p><span style=\"font-size:16px;\">\u201cCUMHUR\u0130YET\u0130 KURDULAR VE B\u0130ZE EMANET ETT\u0130LER\u201d<\/span><\/p>\n<p>\u00a0<\/p>\n<p><span style=\"font-size:16px;\">\u00dclkeyi ve \u00e7ocuklar\u0131n gelece\u011fine sahip \u00e7\u0131kmak i\u00e7in kenetlenmek zorunda olduklar\u0131n\u0131 dile getiren Aktay: \u201cBug\u00fcn burada \u00e7ocuklar\u0131m\u0131zla birlikteyiz. Benim gibi \u015fansl\u0131 olanlar ise hem \u00e7ocuklar\u0131 hem de torunlar\u0131yla birlikte burada. \u00c7ocuklar\u0131m\u0131zla, torunlar\u0131m\u0131zla birlikte buraday\u0131z, \u00e7\u00fcnk\u00fc bizler m\u00fccadele g\u00fcc\u00fcm\u00fcz\u00fc onlardan al\u0131r\u0131z. Onlar\u0131n gelece\u011fine, onlar\u0131n mutlulu\u011funa, \u00f6zg\u00fcrl\u00fc\u011f\u00fcne g\u00f6z dikenlerin kar\u015f\u0131s\u0131nda her zaman dimdik dururuz. \u015eartlar zor olabilir. Ama unutmayal\u0131m. Mustafa Kemal ve arkada\u015flar\u0131 i\u015fgal alt\u0131nda, yokluklar i\u00e7inde, bir dakika bile umutsuzlu\u011fa kap\u0131lmadan, bu Cumhuriyeti kurdular ve bize emanet ettiler.\u201d \u015feklinde belirtti.<\/span><\/p>\n<p>\u00a0<\/p>\n<p><span style=\"font-size:16px;\">\u00a0\u201cYA\u015eASIN 23 N\u0130SAN, YA\u015eASIN \u00c7OCUKLAR, YA\u015eASIN CUMHUR\u0130YET\u201d<\/span><\/p>\n<p>\u00a0<\/p>\n<p><span style=\"font-size:16px;\">S\u00f6zlerine devam eden Aktay: \u201c\u0130lk Meclis\u2019in \u00e7ok \u00f6zel bir ruhu vard\u0131: &#8220;Birlik ruhu&#8221;&#8230; Kutupla\u015ft\u0131rmaya, ayr\u0131\u015ft\u0131rmaya inat, \u015fimdi yeniden birli\u011fi g\u00fc\u00e7lendirmenin zaman\u0131. Hep birlikte, egemenli\u011fimize sahip \u00e7\u0131kma zaman\u0131. 23 Nisan 1920\u2019de Saray\u2019dan al\u0131n\u0131p halka verilen egemenli\u011fin, yeniden bir Saray\u2019a devredilmesine izin veremeyiz. Bir bayram co\u015fkusuyla Cumhuriyetimize, Meclisimize sahip \u00e7\u0131kaca\u011f\u0131z. \u00c7ocuklar\u0131m\u0131za iyi bir e\u011fitim, iyi bir gelecek, bar\u0131\u015f, huzur ve refah i\u00e7inde bir \u00fclke b\u0131rakaca\u011f\u0131z. Cumhuriyetimizi \u00e7a\u011fda\u015f demokrasi ile ta\u00e7land\u0131raca\u011f\u0131z. \u00c7\u00fcnk\u00fc \u00e7ocuklar\u0131m\u0131z her \u015feyin en iyisi hak ediyor. Onlara en iyi gelece\u011fi sunmak i\u00e7in, bir aile gibi kenetlenme, el ele verme vakti geldi. 23 Nisan Ulusal Egemenlik ve \u00c7ocuk Bayram\u0131 vesilesiyle bir kez daha, \u00f6mr\u00fcn\u00fc bu \u00fclkenin \u00e7ocuklar\u0131na adayan Mustafa Kemal Atat\u00fcrk ve silah arkada\u015flar\u0131n\u0131, ilk Meclisimizin de\u011ferli \u00fcyelerini sayg\u0131yla an\u0131yorum. T\u00fcm \u00e7ocuklar\u0131m\u0131z\u0131n g\u00f6zlerinden \u00f6p\u00fcyor, bayramlar\u0131n\u0131 en i\u00e7ten dileklerimle kutluyorum. Her \u015fey onlar\u0131n g\u00f6nl\u00fcnce olsun. Egemenlik milletin, gelecek \u00e7ocuklar\u0131m\u0131z\u0131nd\u0131r. Ya\u015fas\u0131n 23 Nisan, Ya\u015fas\u0131n \u00c7ocuklar, Ya\u015fas\u0131n Cumhuriyet&#8230;\u201d ifadelerini kulland\u0131.<\/span><\/p>\n<p>\u00a0<\/p>\n<p><span style=\"font-size:16px;\">Kutlanan 23 Nisan etkinli\u011fin son b\u00f6l\u00fcmde \u00e7ocuklarla beraber kutlama \u015fark\u0131lar\u0131 s\u00f6ylenerek etkinlik sona erdi.<\/span><\/p>\n<\/div>\n<\/blockquote>\n","protected":false},"excerpt":{"rendered":"<p>Mersin CHP \u0130l Ba\u015fkanl\u0131\u011f\u0131 \u00f6nc\u00fcl\u00fc\u011f\u00fcnde 23 Nisan \u00c7ocuk Bayram\u0131 kutland\u0131. Kutlanan \u00c7ocuk Bayram\u0131 konu\u015fmas\u0131n\u0131 ger\u00e7ekle\u015ftiren CHP \u0130l Ba\u015fkan\u0131 Adil Aktay, \u00fclkenin gelece\u011fi \u00e7ocuklar\u0131n ellerinde oldu\u011funu aktard\u0131. Mersin CHP \u0130l Ba\u015fkanl\u0131\u011f\u0131 &hellip; <a href=\"https:\/\/akdenizolaygazetesi.com\/?p=1822\" class=\"more-link\">Devam\u0131n\u0131 Oku&#8230;<\/a><\/p>\n","protected":false},"author":1,"featured_media":0,"comment_status":"open","ping_status":"open","sticky":false,"template":"","format":"standard","meta":[],"categories":[],"tags":[],"_links":{"self":[{"href":"https:\/\/akdenizolaygazetesi.com\/index.php?rest_route=\/wp\/v2\/posts\/1822"}],"collection":[{"href":"https:\/\/akdenizolaygazetesi.com\/index.php?rest_route=\/wp\/v2\/posts"}],"about":[{"href":"https:\/\/akdenizolaygazetesi.com\/index.php?rest_route=\/wp\/v2\/types\/post"}],"author":[{"embeddable":true,"href":"https:\/\/akdenizolaygazetesi.com\/index.php?rest_route=\/wp\/v2\/users\/1"}],"replies":[{"embeddable":true,"href":"https:\/\/akdenizolaygazetesi.com\/index.php?rest_route=%2Fwp%2Fv2%2Fcomments&post=1822"}],"version-history":[{"count":0,"href":"https:\/\/akdenizolaygazetesi.com\/index.php?rest_route=\/wp\/v2\/posts\/1822\/revisions"}],"wp:attachment":[{"href":"https:\/\/akdenizolaygazetesi.com\/index.php?rest_route=%2Fwp%2Fv2%2Fmedia&parent=1822"}],"wp:term":[{"taxonomy":"category","embeddable":true,"href":"https:\/\/akdenizolaygazetesi.com\/index.php?rest_route=%2Fwp%2Fv2%2Fcategories&post=1822"},{"taxonomy":"post_tag","embeddable":true,"href":"https:\/\/akdenizolaygazetesi.com\/index.php?rest_route=%2Fwp%2Fv2%2Ftags&post=1822"}],"curies":[{"name":"wp","href":"https:\/\/api.w.org\/{rel}","templated":true}]}}