{"id":1823,"date":"2020-11-04T18:22:21","date_gmt":"2020-11-04T15:22:21","guid":{"rendered":"http:\/\/mersinekonomipolitikagazetesi.com\/?p=1823"},"modified":"2020-11-04T18:22:21","modified_gmt":"2020-11-04T15:22:21","slug":"suriyeli-cocuklar-23-nisani-kutladi","status":"publish","type":"post","link":"https:\/\/akdenizolaygazetesi.com\/?p=1823","title":{"rendered":"Suriyeli \u00e7ocuklar 23 Nisan\u2019\u0131 kutlad\u0131"},"content":{"rendered":"<p>\u00dclkelerindeki sava\u015ftan ka\u00e7arak Mersin&#8217;e yerle\u015fen Suriyeli ailelerin \u00e7ocuklar\u0131, d\u00fcnya \u00e7ocuklar\u0131na arma\u011fan edilmi\u015f ilk resmi bayram olan \u201823 Nisan Ulusal Egemenlik ve \u00c7ocuk Bayram\u0131\u2019n\u0131 co\u015fkuyla kutlad\u0131.<\/p>\n<p><span style=\"font-size:16px;\"><span style=\"font-family: sans-serif; line-height: 20px; text-align: justify; background-color: rgb(242, 244, 245);\">\u0130l G\u00f6\u00e7 \u0130daresi M\u00fcd\u00fcrl\u00fc\u011f\u00fc&#8217;nden yap\u0131lan a\u00e7\u0131klamaya g\u00f6re, Mersin\u2019de ya\u015fayan ve bir\u00e7o\u011fu bu kentte d\u00fcnyaya gelen yakla\u015f\u0131k 100 Suriyeli \u00e7ocu\u011fun kat\u0131ld\u0131\u011f\u0131 etkinlikte, \u00e7ocuklar t\u00fcm olumsuzluklardan uzak bir \u015fekilde g\u00f6n\u00fcllerince e\u011flendiler.\u00a0<\/span><br style=\"box-sizing: border-box; font-family: sans-serif; font-size: 14px; line-height: 20px; text-align: justify; background-color: rgb(242, 244, 245);\" \/><br \/>\n<span style=\"font-family: sans-serif; line-height: 20px; text-align: justify; background-color: rgb(242, 244, 245);\">Oyuncak ve hediyelerin de da\u011f\u0131t\u0131ld\u0131\u011f\u0131 etkinlikte \u00e7ocuklar, haz\u0131rlad\u0131klar\u0131 g\u00f6sterileri aileleri ve t\u00fcm kat\u0131lanlar\u0131n \u00f6n\u00fcnde sergileyerek co\u015fkunun daha da b\u00fcy\u00fcmesine vesile oldular.\u00a0<\/span><br style=\"box-sizing: border-box; font-family: sans-serif; font-size: 14px; line-height: 20px; text-align: justify; background-color: rgb(242, 244, 245);\" \/><br \/>\n<span style=\"font-family: sans-serif; line-height: 20px; text-align: justify; background-color: rgb(242, 244, 245);\">Mersin \u0130l G\u00f6\u00e7 \u0130daresi M\u00fcd\u00fcr Vekili Nalan Yetim, dezavantajl\u0131 gruplar aras\u0131nda yer alan \u00e7ocuklar ve kad\u0131nlar\u0131n toplumdaki \u00f6nemine vurgu yaparak, etkinli\u011fe kat\u0131lan \u00e7ocuklar\u0131n baz\u0131lar\u0131n\u0131n d\u00fcnyaya geldi\u011fi g\u00fcnden bu yana di\u011ferlerinin ise uzun bir s\u00fcredir Mersin&#8217;de ya\u015fad\u0131klar\u0131 b\u00f6lgenin k\u00fclt\u00fcr\u00fcyle b\u00fcy\u00fcd\u00fc\u011f\u00fcn\u00fc s\u00f6yledi.\u00a0<\/span><\/span><\/p>\n","protected":false},"excerpt":{"rendered":"<p>\u00dclkelerindeki sava\u015ftan ka\u00e7arak Mersin&#8217;e yerle\u015fen Suriyeli ailelerin \u00e7ocuklar\u0131, d\u00fcnya \u00e7ocuklar\u0131na arma\u011fan edilmi\u015f ilk resmi bayram olan \u201823 Nisan Ulusal Egemenlik ve \u00c7ocuk Bayram\u0131\u2019n\u0131 co\u015fkuyla kutlad\u0131. \u0130l G\u00f6\u00e7 \u0130daresi M\u00fcd\u00fcrl\u00fc\u011f\u00fc&#8217;nden yap\u0131lan &hellip; <a href=\"https:\/\/akdenizolaygazetesi.com\/?p=1823\" class=\"more-link\">Devam\u0131n\u0131 Oku&#8230;<\/a><\/p>\n","protected":false},"author":1,"featured_media":0,"comment_status":"open","ping_status":"open","sticky":false,"template":"","format":"standard","meta":[],"categories":[],"tags":[],"_links":{"self":[{"href":"https:\/\/akdenizolaygazetesi.com\/index.php?rest_route=\/wp\/v2\/posts\/1823"}],"collection":[{"href":"https:\/\/akdenizolaygazetesi.com\/index.php?rest_route=\/wp\/v2\/posts"}],"about":[{"href":"https:\/\/akdenizolaygazetesi.com\/index.php?rest_route=\/wp\/v2\/types\/post"}],"author":[{"embeddable":true,"href":"https:\/\/akdenizolaygazetesi.com\/index.php?rest_route=\/wp\/v2\/users\/1"}],"replies":[{"embeddable":true,"href":"https:\/\/akdenizolaygazetesi.com\/index.php?rest_route=%2Fwp%2Fv2%2Fcomments&post=1823"}],"version-history":[{"count":0,"href":"https:\/\/akdenizolaygazetesi.com\/index.php?rest_route=\/wp\/v2\/posts\/1823\/revisions"}],"wp:attachment":[{"href":"https:\/\/akdenizolaygazetesi.com\/index.php?rest_route=%2Fwp%2Fv2%2Fmedia&parent=1823"}],"wp:term":[{"taxonomy":"category","embeddable":true,"href":"https:\/\/akdenizolaygazetesi.com\/index.php?rest_route=%2Fwp%2Fv2%2Fcategories&post=1823"},{"taxonomy":"post_tag","embeddable":true,"href":"https:\/\/akdenizolaygazetesi.com\/index.php?rest_route=%2Fwp%2Fv2%2Ftags&post=1823"}],"curies":[{"name":"wp","href":"https:\/\/api.w.org\/{rel}","templated":true}]}}