{"id":18233,"date":"2022-04-26T12:23:16","date_gmt":"2022-04-26T09:23:16","guid":{"rendered":"http:\/\/akdenizolaygazetesi.com\/?p=18233"},"modified":"2022-04-26T12:23:16","modified_gmt":"2022-04-26T09:23:16","slug":"bizim-cocuklarimiz-sporu-cok-seviyor","status":"publish","type":"post","link":"https:\/\/akdenizolaygazetesi.com\/?p=18233","title":{"rendered":"&#8220;B\u0130Z\u0130M \u00c7OCUKLARIMIZ SPORU \u00c7OK SEV\u0130YOR&#8221;"},"content":{"rendered":"<p>Mersin B\u00fcy\u00fck\u015fehir Belediye Ba\u015fkan\u0131 Vahap Se\u00e7er, T\u00fcrkiye Milli Olimpiyat Komitesi&#8217;nin ilkokul \u00f6\u011frencilerine y\u00f6nelik interaktif olarak d\u00fczenledi\u011fi ve B\u00fcy\u00fck\u015fehir Belediyesi&#8217;nin ev sahipli\u011finde Mersin&#8217;de ger\u00e7ekle\u015ftirilen &#8220;Spor K\u00fclt\u00fcr\u00fc ve Olimpik E\u011fitim Projesi&#8221; konulu e\u011fitimin ilk g\u00fcn\u00fcne kat\u0131ld\u0131. E\u011fitime kat\u0131lan \u00f6\u011frencilere sporun \u00f6nemini anlatan Ba\u015fkan Se\u00e7er, &#8220;Spor; bar\u0131\u015ft\u0131r, karde\u015fliktir, d\u00fcr\u00fcstl\u00fckt\u00fcr, \u00e7al\u0131\u015fmakt\u0131r, disiplindir, birliktir, beraberliktir&#8221; dedi.<br \/>\n&#8220;Bug\u00fcnlerde \u00f6\u011frendiklerinizi yar\u0131nlarda uygulayacaks\u0131n\u0131z&#8221;<br \/>\nE\u011fitimin ilk g\u00fcn\u00fcne Ba\u015fkan Se\u00e7er&#8217;in yan\u0131 s\u0131ra Mersin \u0130l Milli E\u011fitim M\u00fcd\u00fcr\u00fc Adem Koca, Mersin Gen\u00e7lik ve Spor \u0130l M\u00fcd\u00fcr\u00fc \u00d6kke\u015f Demir, B\u00fcy\u00fck\u015fehir Belediyesi b\u00fcrokratlar\u0131 ile daire ba\u015fkanlar\u0131 ve \u00e7ok say\u0131da \u00e7ocuk kat\u0131ld\u0131. \u00c7ocuklar\u0131n co\u015fkuyla kar\u015f\u0131lad\u0131\u011f\u0131 Ba\u015fkan Se\u00e7er, salonun ve \u00e7ocuklar\u0131n enerjisinin \u00e7ok y\u00fcksek oldu\u011funu s\u00f6yleyerek, &#8220;B\u00f6yle g\u00fczel bir tabloyla kar\u015f\u0131la\u015faca\u011f\u0131m\u0131 hi\u00e7 tahmin etmemi\u015ftim. Bizim \u00e7ocuklar\u0131m\u0131z sporu \u00e7ok seviyor. Burada bir mesaj var \u00e7ocuklar, bunu unutmay\u0131n, bu ya\u015fta bunu \u00f6\u011frenin; bir eline nesi var, iki elin sesi var. Demek ki birlikten ne do\u011fuyormu\u015f? Kuvvet do\u011fuyormu\u015f. \u0130\u015fte onun i\u00e7in ortam \u00e7ok g\u00fczel. Herkes i\u015fin bir ucundan tutunca b\u00f6yle g\u00fczel sonu\u00e7lar \u00e7\u0131k\u0131yor. Sizler bug\u00fcnlerde \u00f6\u011frendiklerinizi yar\u0131nlarda, b\u00fcy\u00fcd\u00fc\u011f\u00fcn\u00fcz zaman uygulayacaks\u0131n\u0131z&#8221; dedi.<br \/>\n&#8220;Spor; bar\u0131\u015ft\u0131r, karde\u015fliktir, d\u00fcr\u00fcstl\u00fckt\u00fcr&#8221;<br \/>\nBa\u015fkan Se\u00e7er, \u00e7ocuklara sporun ne anlama geldi\u011fini sordu. \u00c7ocuklardan hep bir a\u011f\u0131zdan &#8216;sa\u011fl\u0131k&#8217; ve &#8216;karde\u015flik&#8217; cevab\u0131n\u0131 ald\u0131. Sporun ve e\u011fitimin \u00f6nemine de\u011finen Se\u00e7er, &#8220;Spora dair \u00e7ok g\u00fczel \u015feyler anlat\u0131l\u0131yor. Spor; bar\u0131\u015ft\u0131r, karde\u015fliktir, d\u00fcr\u00fcstl\u00fckt\u00fcr, \u00e7al\u0131\u015fmakt\u0131r, disiplindir, birliktir, beraberliktir. Herkes \u00f6\u011frenmi\u015f. Demek ki e\u011fitim iyi gidiyor, gayet g\u00fczel gidiyor. Sizlere de te\u015fekk\u00fcr ediyoruz. Hepinizi \u00e7ok seviyorum. Annenize, baban\u0131za, ailenize selamlar\u0131m\u0131 g\u00f6t\u00fcr\u00fcn&#8221; diye konu\u015ftu.<br \/>\nKonu\u015fmas\u0131n\u0131n ard\u0131ndan Ba\u015fkan Se\u00e7er&#8217;e plaket takdim edildi. Ba\u015fkan Se\u00e7er, g\u00fcn\u00fcn an\u0131s\u0131na sahneden \u00e7ocuklarla birlikte \u00f6z \u00e7ekim yapt\u0131.<br \/>\n\u00c7ocuklar hem \u00f6\u011freniyor hem e\u011fleniyor<br \/>\n\u00c7ocuklar\u0131n ve gen\u00e7lerin fiziksel aktivitelere kat\u0131l\u0131m\u0131n\u0131 te\u015fvik etmek, spor yoluyla bedensel, duygusal, zihinsel ve sosyal y\u00f6nden geli\u015fimine katk\u0131da bulunmak amac\u0131yla T\u00fcrkiye Milli Olimpiyat Komitesi&#8217;nin d\u00fczenledi\u011fi d\u00fcnyadaki en \u00f6nemli e\u011fitim projelerinden olan ve pek \u00e7ok \u00f6d\u00fcl alan &#8220;Spor K\u00fclt\u00fcr\u00fc ve Olimpik E\u011fitim Projesi&#8221;, \u00e7ocuklara e\u011fitim verirken ayn\u0131 zamanda e\u011flendiren interaktif bir e\u011fitim projesi olarak dikkat \u00e7ekiyor.<br \/>\nB\u00fcy\u00fck\u015fehir Belediyesi Gen\u00e7lik ve Spor Hizmetleri Dairesi&#8217;nin talebi ve daveti \u00fczerine gelen e\u011fitim ekibi, 3 g\u00fcn boyunca Kongre ve Sergi Saray\u0131&#8217;nda 9-11 ya\u015f aras\u0131 toplam 6 bin 300 \u00f6\u011frenciye e\u011fitim verecek. 45 dakikal\u0131k interaktif sunumlarla \u00e7ocuklar hem e\u011fleniyor hem de \u00f6\u011freniyor. Spor k\u00fclt\u00fcr\u00fc ve ahlak\u0131, olimpiyat oyunlar\u0131 ve felsefesi, fair play, \u00e7evre duyarl\u0131l\u0131\u011f\u0131 gibi konular \u00e7e\u015fitli film ve animasyonlar, renkli g\u00f6rseller ve \u00f6d\u00fcll\u00fc k\u00fc\u00e7\u00fck yar\u0131\u015fmalarla anlat\u0131l\u0131yor.   <\/p>\n","protected":false},"excerpt":{"rendered":"<p>Mersin B\u00fcy\u00fck\u015fehir Belediye Ba\u015fkan\u0131 Vahap Se\u00e7er, T\u00fcrkiye Milli Olimpiyat Komitesi&#8217;nin ilkokul \u00f6\u011frencilerine y\u00f6nelik interaktif olarak d\u00fczenledi\u011fi ve B\u00fcy\u00fck\u015fehir Belediyesi&#8217;nin ev sahipli\u011finde Mersin&#8217;de ger\u00e7ekle\u015ftirilen &#8220;Spor K\u00fclt\u00fcr\u00fc ve Olimpik E\u011fitim Projesi&#8221; konulu &hellip; <a href=\"https:\/\/akdenizolaygazetesi.com\/?p=18233\" class=\"more-link\">Devam\u0131n\u0131 Oku&#8230;<\/a><\/p>\n","protected":false},"author":2,"featured_media":18234,"comment_status":"open","ping_status":"open","sticky":false,"template":"","format":"standard","meta":[],"categories":[2,3,5,10],"tags":[],"_links":{"self":[{"href":"https:\/\/akdenizolaygazetesi.com\/index.php?rest_route=\/wp\/v2\/posts\/18233"}],"collection":[{"href":"https:\/\/akdenizolaygazetesi.com\/index.php?rest_route=\/wp\/v2\/posts"}],"about":[{"href":"https:\/\/akdenizolaygazetesi.com\/index.php?rest_route=\/wp\/v2\/types\/post"}],"author":[{"embeddable":true,"href":"https:\/\/akdenizolaygazetesi.com\/index.php?rest_route=\/wp\/v2\/users\/2"}],"replies":[{"embeddable":true,"href":"https:\/\/akdenizolaygazetesi.com\/index.php?rest_route=%2Fwp%2Fv2%2Fcomments&post=18233"}],"version-history":[{"count":1,"href":"https:\/\/akdenizolaygazetesi.com\/index.php?rest_route=\/wp\/v2\/posts\/18233\/revisions"}],"predecessor-version":[{"id":18235,"href":"https:\/\/akdenizolaygazetesi.com\/index.php?rest_route=\/wp\/v2\/posts\/18233\/revisions\/18235"}],"wp:featuredmedia":[{"embeddable":true,"href":"https:\/\/akdenizolaygazetesi.com\/index.php?rest_route=\/wp\/v2\/media\/18234"}],"wp:attachment":[{"href":"https:\/\/akdenizolaygazetesi.com\/index.php?rest_route=%2Fwp%2Fv2%2Fmedia&parent=18233"}],"wp:term":[{"taxonomy":"category","embeddable":true,"href":"https:\/\/akdenizolaygazetesi.com\/index.php?rest_route=%2Fwp%2Fv2%2Fcategories&post=18233"},{"taxonomy":"post_tag","embeddable":true,"href":"https:\/\/akdenizolaygazetesi.com\/index.php?rest_route=%2Fwp%2Fv2%2Ftags&post=18233"}],"curies":[{"name":"wp","href":"https:\/\/api.w.org\/{rel}","templated":true}]}}