{"id":1824,"date":"2020-11-04T18:22:21","date_gmt":"2020-11-04T15:22:21","guid":{"rendered":"http:\/\/mersinekonomipolitikagazetesi.com\/?p=1824"},"modified":"2020-11-04T18:22:21","modified_gmt":"2020-11-04T15:22:21","slug":"sahil-guvenlik-botu-cocuklarin-ilgi-odagi-oldu","status":"publish","type":"post","link":"https:\/\/akdenizolaygazetesi.com\/?p=1824","title":{"rendered":"Sahil G\u00fcvenlik botu \u00e7ocuklar\u0131n ilgi oda\u011f\u0131 oldu"},"content":{"rendered":"<p>Mersin&#8217;de 23 Nisan Ulusal Egemenlik ve \u00c7ocuk Bayram\u0131 etkinlikleri kapsam\u0131nda halk\u0131n ziyaretine a\u00e7\u0131lan Akdeniz B\u00f6lge Komutanl\u0131\u011f\u0131na ba\u011fl\u0131 Sahil G\u00fcvenlik botu, \u00e7ocuklar\u0131n ilgi oda\u011f\u0131 oldu.<\/p>\n<p><span style=\"font-size:16px;\"><span style=\"font-family: sans-serif; line-height: 20px; text-align: justify; background-color: rgb(242, 244, 245);\">23 Nisan Ulusal Egemenlik ve \u00c7ocuk Bayram\u0131 etkinlikleri kapsam\u0131nda, Akdeniz B\u00f6lge Komutanl\u0131\u011f\u0131na ba\u011fl\u0131 Sahil G\u00fcvenlik botu halk\u0131n ziyaretine a\u00e7\u0131ld\u0131. G\u00fcn boyu y\u00fczlerce ki\u015fi taraf\u0131ndan ziyaret edilen bota en b\u00fcy\u00fck ilgiyi ise \u00e7ocuklar g\u00f6sterdi. Sahil G\u00fcvenlik botu i\u00e7erisindeki materyaller ve i\u015flevleri hakk\u0131nda bilgi alan \u00e7ocuklar, Akdeniz B\u00f6lge Komutanl\u0131\u011f\u0131na ba\u011fl\u0131 personellerle foto\u011fraf \u00e7ektirdi.\u00a0<\/span><br style=\"box-sizing: border-box; font-family: sans-serif; font-size: 14px; line-height: 20px; text-align: justify; background-color: rgb(242, 244, 245);\" \/><br \/>\n<span style=\"font-family: sans-serif; line-height: 20px; text-align: justify; background-color: rgb(242, 244, 245);\">\u00c7ocuk Bayram\u0131 dolay\u0131s\u0131yla botu gezmek i\u00e7in ailesiyle birlikte geldi\u011fini belirten 11 ya\u015f\u0131ndaki Eren Balkanl\u0131, &#8220;Botun i\u00e7erisi \u00e7ok g\u00fczeldi. Nas\u0131l s\u00fcr\u00fcld\u00fc\u011f\u00fcn\u00fc g\u00f6sterdiler. Komutanlar bize baz\u0131 aletler hakk\u0131nda bilgi verdi. Keyifli bir g\u00fcn ge\u00e7irdim&#8221; dedi.\u00a0<\/span><br style=\"box-sizing: border-box; font-family: sans-serif; font-size: 14px; line-height: 20px; text-align: justify; background-color: rgb(242, 244, 245);\" \/><br \/>\n<span style=\"font-family: sans-serif; line-height: 20px; text-align: justify; background-color: rgb(242, 244, 245);\">13 ya\u015f\u0131ndaki G\u00f6rken Ersoy ise &#8220;Sahil G\u00fcvenlik botunu gezdik. Nas\u0131l s\u00fcr\u00fcld\u00fc\u011f\u00fc hakk\u0131nda bilgi ald\u0131k. Kontrol panelleri vard\u0131. Botun g\u00fcvenli\u011fini sa\u011flamak i\u00e7in arka tarafta toplar vard\u0131 onlar\u0131 da g\u00f6rd\u00fcm. Bot \u00e7ok ilgimi \u00e7ekti. Bir daha gelirlerse bir daha gezece\u011fim&#8221; ifadelerini kulland\u0131.\u00a0<\/span><\/span><\/p>\n","protected":false},"excerpt":{"rendered":"<p>Mersin&#8217;de 23 Nisan Ulusal Egemenlik ve \u00c7ocuk Bayram\u0131 etkinlikleri kapsam\u0131nda halk\u0131n ziyaretine a\u00e7\u0131lan Akdeniz B\u00f6lge Komutanl\u0131\u011f\u0131na ba\u011fl\u0131 Sahil G\u00fcvenlik botu, \u00e7ocuklar\u0131n ilgi oda\u011f\u0131 oldu. 23 Nisan Ulusal Egemenlik ve \u00c7ocuk &hellip; <a href=\"https:\/\/akdenizolaygazetesi.com\/?p=1824\" class=\"more-link\">Devam\u0131n\u0131 Oku&#8230;<\/a><\/p>\n","protected":false},"author":1,"featured_media":0,"comment_status":"open","ping_status":"open","sticky":false,"template":"","format":"standard","meta":[],"categories":[],"tags":[],"_links":{"self":[{"href":"https:\/\/akdenizolaygazetesi.com\/index.php?rest_route=\/wp\/v2\/posts\/1824"}],"collection":[{"href":"https:\/\/akdenizolaygazetesi.com\/index.php?rest_route=\/wp\/v2\/posts"}],"about":[{"href":"https:\/\/akdenizolaygazetesi.com\/index.php?rest_route=\/wp\/v2\/types\/post"}],"author":[{"embeddable":true,"href":"https:\/\/akdenizolaygazetesi.com\/index.php?rest_route=\/wp\/v2\/users\/1"}],"replies":[{"embeddable":true,"href":"https:\/\/akdenizolaygazetesi.com\/index.php?rest_route=%2Fwp%2Fv2%2Fcomments&post=1824"}],"version-history":[{"count":0,"href":"https:\/\/akdenizolaygazetesi.com\/index.php?rest_route=\/wp\/v2\/posts\/1824\/revisions"}],"wp:attachment":[{"href":"https:\/\/akdenizolaygazetesi.com\/index.php?rest_route=%2Fwp%2Fv2%2Fmedia&parent=1824"}],"wp:term":[{"taxonomy":"category","embeddable":true,"href":"https:\/\/akdenizolaygazetesi.com\/index.php?rest_route=%2Fwp%2Fv2%2Fcategories&post=1824"},{"taxonomy":"post_tag","embeddable":true,"href":"https:\/\/akdenizolaygazetesi.com\/index.php?rest_route=%2Fwp%2Fv2%2Ftags&post=1824"}],"curies":[{"name":"wp","href":"https:\/\/api.w.org\/{rel}","templated":true}]}}