{"id":18242,"date":"2022-04-26T12:29:22","date_gmt":"2022-04-26T09:29:22","guid":{"rendered":"http:\/\/akdenizolaygazetesi.com\/?p=18242"},"modified":"2022-04-26T12:29:22","modified_gmt":"2022-04-26T09:29:22","slug":"uyuyan-guzel-ilk-kez-mersinde","status":"publish","type":"post","link":"https:\/\/akdenizolaygazetesi.com\/?p=18242","title":{"rendered":"Uyuyan G\u00fczel ilk kez Mersin\u2019de"},"content":{"rendered":"<p>Mersin Devlet Opera ve Balesi, \u201cUyuyan G\u00fczel\u201d Balesini ilk kez  28 Nisan 2022 Per\u015fembe g\u00fcn\u00fc saat 20:30\u2019da Opera Sahnesi\u2019nde ger\u00e7ekle\u015ftirecek.<\/p>\n<p>\tD\u00fcnyaca \u00fcnl\u00fc Ku\u011fu G\u00f6l\u00fc, F\u0131nd\u0131kk\u0131ran gibi klasik balelerin aras\u0131nda \u00f6nemli bir yer tutan \u201cUyuyan G\u00fczel\u201d balesi Mersinli sanatseverler ile bulu\u015facak.<br \/>\n\tK\u00f6t\u00fc kalpli b\u00fcy\u00fcc\u00fc Carabosse\u2019un 100 y\u0131l boyunca uyuttu\u011fu prensesin \u00f6yk\u00fcs\u00fcn\u00fcn anlat\u0131ld\u0131\u011f\u0131, m\u00fczi\u011fi \u00fcnl\u00fc besteci \u00c7aykovski\u2019 ye ait iki perdelik eserin orkestra \u015fefli\u011fini Lorenzo Castriota Skanderbeg \u00fcstleniyor. Marius Petipa\u2019n\u0131n koreografisinin \u00fczerine Volkan Ersoy ve Arma\u011fan Davran\u2019\u0131n koreografisi ile sahnelenecek olan eser bale sanat\u00e7\u0131lar\u0131n\u0131n \u00fcst\u00fcn performans\u0131 ve m\u00fczi\u011fin b\u00fcy\u00fcl\u00fc g\u00fcc\u00fc ile Mersin Devlet Opera ve Balesi\u2019nde izleyici ile bulu\u015facak.<br \/>\n\tEserin dekoru Hatice Kapt\u0131\u2019ya, kost\u00fcm\u00fc Nursun \u00dcnl\u00fc\u2019ye, \u0131\u015f\u0131k tasar\u0131m\u0131 Tar\u0131 Deniz\u2019e, eser sorumlulu\u011fu ise Erdo\u011fan \u015eanal\u2019a ait.<br \/>\n\tUzun bir aradan sonra beyaz bir bale ile izleyici kar\u015f\u0131s\u0131na \u00e7\u0131kacak olan Mersin Devlet Operas\u0131 ve Balesi, \u201cUyuyan G\u00fczel\u201din  pr\u00f6miyerini 28 Nisan 2022 Per\u015fembe g\u00fcn\u00fc saat 20:30\u2019da Opera Sahnesi\u2019nde, ikinci g\u00f6sterimi ise 30 Nisan 2022 Cumartesi 20:30\u2019da yine opera sahnesinde ger\u00e7ekle\u015ftirilecek.<\/p>\n","protected":false},"excerpt":{"rendered":"<p>Mersin Devlet Opera ve Balesi, \u201cUyuyan G\u00fczel\u201d Balesini ilk kez 28 Nisan 2022 Per\u015fembe g\u00fcn\u00fc saat 20:30\u2019da Opera Sahnesi\u2019nde ger\u00e7ekle\u015ftirecek. D\u00fcnyaca \u00fcnl\u00fc Ku\u011fu G\u00f6l\u00fc, F\u0131nd\u0131kk\u0131ran gibi klasik balelerin aras\u0131nda \u00f6nemli &hellip; <a href=\"https:\/\/akdenizolaygazetesi.com\/?p=18242\" class=\"more-link\">Devam\u0131n\u0131 Oku&#8230;<\/a><\/p>\n","protected":false},"author":2,"featured_media":18243,"comment_status":"open","ping_status":"open","sticky":false,"template":"","format":"standard","meta":[],"categories":[3],"tags":[],"_links":{"self":[{"href":"https:\/\/akdenizolaygazetesi.com\/index.php?rest_route=\/wp\/v2\/posts\/18242"}],"collection":[{"href":"https:\/\/akdenizolaygazetesi.com\/index.php?rest_route=\/wp\/v2\/posts"}],"about":[{"href":"https:\/\/akdenizolaygazetesi.com\/index.php?rest_route=\/wp\/v2\/types\/post"}],"author":[{"embeddable":true,"href":"https:\/\/akdenizolaygazetesi.com\/index.php?rest_route=\/wp\/v2\/users\/2"}],"replies":[{"embeddable":true,"href":"https:\/\/akdenizolaygazetesi.com\/index.php?rest_route=%2Fwp%2Fv2%2Fcomments&post=18242"}],"version-history":[{"count":1,"href":"https:\/\/akdenizolaygazetesi.com\/index.php?rest_route=\/wp\/v2\/posts\/18242\/revisions"}],"predecessor-version":[{"id":18244,"href":"https:\/\/akdenizolaygazetesi.com\/index.php?rest_route=\/wp\/v2\/posts\/18242\/revisions\/18244"}],"wp:featuredmedia":[{"embeddable":true,"href":"https:\/\/akdenizolaygazetesi.com\/index.php?rest_route=\/wp\/v2\/media\/18243"}],"wp:attachment":[{"href":"https:\/\/akdenizolaygazetesi.com\/index.php?rest_route=%2Fwp%2Fv2%2Fmedia&parent=18242"}],"wp:term":[{"taxonomy":"category","embeddable":true,"href":"https:\/\/akdenizolaygazetesi.com\/index.php?rest_route=%2Fwp%2Fv2%2Fcategories&post=18242"},{"taxonomy":"post_tag","embeddable":true,"href":"https:\/\/akdenizolaygazetesi.com\/index.php?rest_route=%2Fwp%2Fv2%2Ftags&post=18242"}],"curies":[{"name":"wp","href":"https:\/\/api.w.org\/{rel}","templated":true}]}}