{"id":18245,"date":"2022-04-26T12:30:38","date_gmt":"2022-04-26T09:30:38","guid":{"rendered":"http:\/\/akdenizolaygazetesi.com\/?p=18245"},"modified":"2022-04-26T12:30:38","modified_gmt":"2022-04-26T09:30:38","slug":"secer-sosyal-belediyecilik-bu-demek","status":"publish","type":"post","link":"https:\/\/akdenizolaygazetesi.com\/?p=18245","title":{"rendered":"SE\u00c7ER: &#8220;SOSYAL BELED\u0130YEC\u0130L\u0130K BU DEMEK&#8221;"},"content":{"rendered":"<p>Mersin B\u00fcy\u00fck\u015fehir Belediye Ba\u015fkan\u0131 Vahap Se\u00e7er, sivil toplum bulu\u015fmalar\u0131n\u0131n 3&#8217;\u00fcnc\u00fc toplant\u0131s\u0131nda emek \u00f6rg\u00fctleri olan sendikalar\u0131n ba\u015fkan ve y\u00f6neticileriyle bir araya geldi. Ger\u00e7ekle\u015ftirilen bulu\u015fmada sendika ba\u015fkanlar\u0131 ve temsilciler ayr\u0131 ayr\u0131 s\u00f6z alarak kent hakk\u0131ndaki talep ve fikirlerini bildirirken, Ba\u015fkan Se\u00e7er de kat\u0131l\u0131mc\u0131lar\u0131n sorular\u0131na tek tek yan\u0131t verdi. Bulu\u015fmada, sosyal belediyecilik anlam\u0131nda hayata ge\u00e7irdikleri uygulama ve projeleri anlatan Ba\u015fkan Se\u00e7er,  hizmet yaparken hi\u00e7bir ayr\u0131m yapmad\u0131klar\u0131n\u0131 ve Mersin&#8217;in her noktas\u0131na e\u015fit hizmet ula\u015ft\u0131rd\u0131klar\u0131n\u0131 s\u00f6yledi. Se\u00e7er, &#8220;Mersin, 320 km bir u\u00e7tan bir uca. \u0130lk do\u011fu giri\u015finde 1. kilometrede de bu hizmetler gidiyor; 320 kilometre sonraya da gidiyor. Zaten sosyal belediyecilik bu demek&#8221; dedi.<br \/>\nEmek d\u00fcnyas\u0131 temsilcileri, B\u00fcy\u00fck\u015fehir Belediyesi&#8217;nin hizmetlerinden duyduklar\u0131 memnuniyeti dile getirirken, b\u00f6yle bir toplant\u0131y\u0131 d\u00fczenledi\u011fi ve sivil toplumun sesine verdi\u011fi \u00f6nemden dolay\u0131 Ba\u015fkan Se\u00e7er&#8217;e te\u015fekk\u00fcr etti.<br \/>\n&#8220;Kente dair en do\u011fru kararlar\u0131 verme ad\u0131na fikir al\u0131\u015fveri\u015finde bulunmay\u0131 \u00f6nemsiyoruz&#8221;<br \/>\nKongre ve Sergi Saray\u0131 Meclis Salonu&#8217;ndaki toplant\u0131da Ba\u015fkan Se\u00e7er&#8217;e B\u00fcy\u00fck\u015fehir Belediyesi Genel Sekreter Yard\u0131mc\u0131lar\u0131 Ali R\u0131za \u00d6zdemir ve Hasan G\u00f6kbel ile b\u00fcrokratlar ve daire ba\u015fkanlar\u0131 da e\u015flik etti. Toplumun her kesimiyle ileti\u015fimi \u00f6nemsediklerini ifade eden Ba\u015fkan Se\u00e7er, &#8220;Kente dair en do\u011fru kararlar\u0131 verme ad\u0131na fikir al\u0131\u015fveri\u015finde bulunmay\u0131 \u00f6nemsiyoruz ve de\u011ferli g\u00f6r\u00fcyoruz&#8221; dedi.  Mersin&#8217;in her ge\u00e7en g\u00fcn kalitatif olarak \u00f6nemli geli\u015fmelerin oldu\u011fu bir kent haline geldi\u011fini s\u00f6yleyen Ba\u015fkan Se\u00e7er, bunun bir\u00e7ok sebebi oldu\u011funa vurgu yapt\u0131. Se\u00e7er, ya\u015fanan geli\u015fmelerin Mersin&#8217;in sosyo-k\u00fclt\u00fcrel yap\u0131s\u0131na da yans\u0131d\u0131\u011f\u0131n\u0131 ifade etti. Ba\u015fkan Se\u00e7er, &#8220;Mersin&#8217;i, &#8216;bir sonraki se\u00e7imi nas\u0131l kazan\u0131r\u0131z&#8217;\u0131n \u00f6tesinde, klasik anlay\u0131\u015f\u0131n d\u0131\u015f\u0131nda bir anlay\u0131\u015fla y\u00f6netmeye \u00e7al\u0131\u015f\u0131yoruz. \u00c7ok a\u00e7\u0131k s\u00f6yleyeyim Ba\u015fkan olarak, 2024 se\u00e7iminde benim siyasi ikbalimden \u00f6te bu 5 y\u0131ll\u0131k s\u00fcre\u00e7te benim kente kataca\u011f\u0131m de\u011fer benim i\u00e7in \u00f6n planda&#8221; dedi.<br \/>\n&#8220;Bu toplant\u0131lar demokrasinin uygulamaya d\u00f6k\u00fclmesinin resmidir&#8221;<br \/>\nSivil toplum ve sendika temsilcileri ile yap\u0131lan bulu\u015fmalar\u0131n \u00f6nemine dikkat \u00e7eken Ba\u015fkan Se\u00e7er, &#8220;Demokrasi sadece dile pelesenk olmu\u015f g\u00fczel bir retorik olarak de\u011fil, uygulamalarda da olmal\u0131. \u0130\u015fte bu toplant\u0131lar da asl\u0131nda bir anlamda demokrasinin retorik d\u0131\u015f\u0131na \u00e7\u0131k\u0131p uygulamaya d\u00f6k\u00fclmesinin resmidir. Onun i\u00e7in bu toplant\u0131lar\u0131 yap\u0131yoruz. Klasik anlay\u0131\u015ftan \u00f6te bir belediyecilik anlay\u0131\u015f\u0131 tam da bu asl\u0131nda. \u00c7\u00fcnk\u00fc bug\u00fcne kadar \u00f6rne\u011fi olmam\u0131\u015f&#8221; diye konu\u015ftu. Ba\u015fkan Se\u00e7er, hizmet yaparken hi\u00e7bir ayr\u0131m yapmad\u0131klar\u0131n\u0131n alt\u0131n\u0131 \u00e7izerek, &#8220;Hizmet yaparken, bunu t\u00fcm kalbimle s\u00f6yl\u00fcyorum; \u015fu sokakta CHP&#8217;li, \u015fu sokakta MHP&#8217;li, AK Partili, \u00f6tekili, berikili oturuyor demiyoruz. Bizim \u00f6yle bir derdimiz asla yok. Hi\u00e7 akl\u0131m\u0131za dahi gelmiyor&#8221; dedi.<br \/>\n&#8220;Sosyal belediyecilik bu demek&#8221;<br \/>\nSosyal belediyecilik anlam\u0131nda hayata ge\u00e7irdikleri uygulama ve projeleri anlatan Ba\u015fkan Se\u00e7er, \u00f6zellikle dezavantajl\u0131 mahallelere y\u00f6nelik olarak s\u00fcren hizmetlere de\u011findi. Se\u00e7er, &#8220;Biz onlara &#8216;kimse&#8217; oluyoruz asl\u0131nda belediye olarak. Sadece merkezde de\u011fil; Anamur&#8217;da da Mut&#8217;ta da bu hizmetler var. Mersin, 320 km bir u\u00e7tan bir uca. \u0130lk do\u011fu giri\u015finde 1. kilometrede de bu hizmetler gidiyor; 320 kilometre sonraya da gidiyor. Zaten sosyal belediyecilik bu demek. Bu \u00fclkedeki yer alt\u0131, yer \u00fcst\u00fc zenginliklerinde, 84 milyonda bir hissem var. Sizin de \u00f6yle. Her birimizin hissesi 84 milyonda bir. Yani biz bunu g\u00f6zeterek bu hizmetleri yap\u0131yoruz&#8221; diye konu\u015ftu.<br \/>\n&#8220;B\u00fcy\u00fck\u015fehir&#8217;in otob\u00fcs filosunun ya\u015f ortalamas\u0131 2,5 olacak&#8221;<br \/>\nBu y\u0131l\u0131n A\u011fustos ay\u0131na kadar yakla\u015f\u0131k 3,5 y\u0131ll\u0131k g\u00f6rev s\u00fcrelerini tamamlam\u0131\u015f olacaklar\u0131n\u0131 hat\u0131rlatan Ba\u015fkan Se\u00e7er, &#8220;Biz bu 3,5 y\u0131lda Mersin&#8217;in toplu ta\u015f\u0131ma konusundaki problemini \u00e7\u00f6zm\u00fc\u015f oluyoruz&#8221; dedi. Toplu ta\u015f\u0131may\u0131 bir ticari faaliyet olarak g\u00f6rmediklerini belirten Ba\u015fkan Se\u00e7er, &#8220;Belediye olarak bu sistemin \u00e7al\u0131\u015fmas\u0131 i\u00e7in biz yolculardan bir bedel al\u0131yoruz, biz de \u00fczerine 250 milyon lira s\u00fcbvansiyon yap\u0131yoruz&#8221; diye konu\u015ftu. Bu y\u0131l\u0131n Temmuz ay\u0131 sonuna kadar 272 yeni otob\u00fcs\u00fc sefere ba\u015flatacaklar\u0131n\u0131 kaydeden Se\u00e7er, &#8220;Bu ekonomik \u00e7alkant\u0131 i\u00e7inde biz toplu ta\u015f\u0131may\u0131 \u00e7ok ekonomik fiyatlarla yenilemi\u015f olduk. Bu \u00f6zenli bir kazan\u0131md\u0131r. \u0130yi bir filonun maksimum 10 ya\u015f ortalamas\u0131 olmas\u0131 laz\u0131m. \u015eu anda ya\u015f ortalamas\u0131 12. Mersin B\u00fcy\u00fck\u015fehir&#8217;in Temmuz ay\u0131 itibariyle toplu ta\u015f\u0131ma otob\u00fcs filosunun ya\u015f ortalamas\u0131 2,5 olacak. Bu muazzam bir \u015fey. Bu ara\u00e7lar daha temiz, daha konforlu, CNG&#8217;li, \u00e7evre dostu, daha ekonomik, klimas\u0131 bu b\u00f6lgeye uygun, Wi-Fi sistemi var. Bunlar \u00e7ok muazzam geli\u015fmeler&#8221; ifadelerini kulland\u0131. Ba\u015fkan Se\u00e7er, Per\u015fembe g\u00fcn\u00fc de Tarsus&#8217;ta merkez ve k\u00f6ylere hizmet verecek olan 41 yeni otob\u00fcs\u00fcn filoya al\u0131naca\u011f\u0131n\u0131 kaydetti.<br \/>\n &#8220;Yapt\u0131\u011f\u0131m\u0131z hi\u00e7bir i\u015f gelecekte se\u00e7imi kazanmak i\u00e7in de\u011fil&#8221;<br \/>\nB\u00fcy\u00fck\u015fehir Belediyesi olarak vatanda\u015flara hizmet g\u00f6t\u00fcrme noktas\u0131nda hi\u00e7bir ayr\u0131m g\u00f6zetmediklerini vurgulayan Ba\u015fkan Se\u00e7er, &#8220;Oy veren yerlere de bug\u00fcne kadar hizmet almam\u0131\u015f yerlere de hizmet yap\u0131yorum. \u00c7ay Mahallesi&#8217;ne de hizmet yap\u0131yorum, Kazanl\u0131&#8217;ya da Yenimahalle&#8217;ye de \u015eahna&#8217;ya da \u00dcz\u00fcml\u00fc&#8217;ye de \u00c7avu\u015flu&#8217;ya da Anamur&#8217;a da G\u00fclnar&#8217;a da. Hi\u00e7bir ayr\u0131m\u0131m\u0131z yok. Yapt\u0131\u011f\u0131m\u0131z hi\u00e7bir i\u015f g\u00f6z boyamak i\u00e7in de\u011fil. Yapt\u0131\u011f\u0131m\u0131z hi\u00e7bir i\u015f gelecekte se\u00e7imi kazanmak i\u00e7in de\u011fil&#8221; dedi.<\/p>\n","protected":false},"excerpt":{"rendered":"<p>Mersin B\u00fcy\u00fck\u015fehir Belediye Ba\u015fkan\u0131 Vahap Se\u00e7er, sivil toplum bulu\u015fmalar\u0131n\u0131n 3&#8217;\u00fcnc\u00fc toplant\u0131s\u0131nda emek \u00f6rg\u00fctleri olan sendikalar\u0131n ba\u015fkan ve y\u00f6neticileriyle bir araya geldi. Ger\u00e7ekle\u015ftirilen bulu\u015fmada sendika ba\u015fkanlar\u0131 ve temsilciler ayr\u0131 ayr\u0131 s\u00f6z &hellip; <a href=\"https:\/\/akdenizolaygazetesi.com\/?p=18245\" class=\"more-link\">Devam\u0131n\u0131 Oku&#8230;<\/a><\/p>\n","protected":false},"author":2,"featured_media":18246,"comment_status":"open","ping_status":"open","sticky":false,"template":"","format":"standard","meta":[],"categories":[1,2,3,5],"tags":[],"_links":{"self":[{"href":"https:\/\/akdenizolaygazetesi.com\/index.php?rest_route=\/wp\/v2\/posts\/18245"}],"collection":[{"href":"https:\/\/akdenizolaygazetesi.com\/index.php?rest_route=\/wp\/v2\/posts"}],"about":[{"href":"https:\/\/akdenizolaygazetesi.com\/index.php?rest_route=\/wp\/v2\/types\/post"}],"author":[{"embeddable":true,"href":"https:\/\/akdenizolaygazetesi.com\/index.php?rest_route=\/wp\/v2\/users\/2"}],"replies":[{"embeddable":true,"href":"https:\/\/akdenizolaygazetesi.com\/index.php?rest_route=%2Fwp%2Fv2%2Fcomments&post=18245"}],"version-history":[{"count":1,"href":"https:\/\/akdenizolaygazetesi.com\/index.php?rest_route=\/wp\/v2\/posts\/18245\/revisions"}],"predecessor-version":[{"id":18247,"href":"https:\/\/akdenizolaygazetesi.com\/index.php?rest_route=\/wp\/v2\/posts\/18245\/revisions\/18247"}],"wp:featuredmedia":[{"embeddable":true,"href":"https:\/\/akdenizolaygazetesi.com\/index.php?rest_route=\/wp\/v2\/media\/18246"}],"wp:attachment":[{"href":"https:\/\/akdenizolaygazetesi.com\/index.php?rest_route=%2Fwp%2Fv2%2Fmedia&parent=18245"}],"wp:term":[{"taxonomy":"category","embeddable":true,"href":"https:\/\/akdenizolaygazetesi.com\/index.php?rest_route=%2Fwp%2Fv2%2Fcategories&post=18245"},{"taxonomy":"post_tag","embeddable":true,"href":"https:\/\/akdenizolaygazetesi.com\/index.php?rest_route=%2Fwp%2Fv2%2Ftags&post=18245"}],"curies":[{"name":"wp","href":"https:\/\/api.w.org\/{rel}","templated":true}]}}