{"id":1825,"date":"2020-11-04T18:22:23","date_gmt":"2020-11-04T15:22:23","guid":{"rendered":"http:\/\/mersinekonomipolitikagazetesi.com\/?p=1825"},"modified":"2020-11-04T18:22:23","modified_gmt":"2020-11-04T15:22:23","slug":"mersinde-23-nisan-coskusu","status":"publish","type":"post","link":"https:\/\/akdenizolaygazetesi.com\/?p=1825","title":{"rendered":"Mersin\u2019de 23 Nisan co\u015fkusu"},"content":{"rendered":"<p>23 Nisan Ulusal Egemenlik ve \u00c7ocuk Bayram\u0131, bu y\u0131l 98\u2019inci kez T\u00fcrkiye&#8217;nin d\u00f6rt bir yan\u0131nda oldu\u011fu gibi Mersin&#8217;de de co\u015fkuyla kutland\u0131.<\/p>\n<p><span style=\"font-size:16px;\"><span style=\"font-family: sans-serif; line-height: 20px; text-align: justify; background-color: rgb(242, 244, 245);\">\u0130l Milli E\u011fitim M\u00fcd\u00fcrl\u00fc\u011f\u00fcnce Cumhuriyet Meydan\u0131&#8217;ndaki Atat\u00fcrk An\u0131t\u0131na \u00e7elenk sunmas\u0131yla ba\u015flayan kutlama program\u0131 kapsam\u0131nda, Mersin Valili\u011fi himayesinde \u0130l Milli E\u011fitim M\u00fcd\u00fcrl\u00fc\u011f\u00fc taraf\u0131ndan Yeni\u015fehir Atat\u00fcrk K\u00fclt\u00fcr Merkezi&#8217;nde etkinlik d\u00fczenlendi.\u00a0<\/span><br style=\"box-sizing: border-box; font-family: sans-serif; font-size: 14px; line-height: 20px; text-align: justify; background-color: rgb(242, 244, 245);\" \/><br \/>\n<span style=\"font-family: sans-serif; line-height: 20px; text-align: justify; background-color: rgb(242, 244, 245);\">Program, Akdeniz B\u00f6lge Komutanl\u0131\u011f\u0131 Bandosu\u2019nun etkinlik \u00f6ncesinde verdi\u011fi mini konserin ard\u0131ndan sayg\u0131 duru\u015funda bulunulmas\u0131 ve akabinde \u0130stiklal Mar\u015f\u0131&#8217;n\u0131n okunmas\u0131yla ba\u015flad\u0131. Kalk\u0131nma Bakan\u0131 L\u00fctfi Elvan ve Milli E\u011fitim Bakan\u0131 \u0130smet Y\u0131lmaz\u2019\u0131n da mesajlar\u0131n\u0131n okundu\u011fu etkinlik, 23 Nisan Ulusal Egemenlik ve \u00c7ocuk Bayram\u0131 kapsam\u0131nda d\u00fczenlenen ilkokullar aras\u0131 resim ve \u015fiir yar\u0131\u015fmalar\u0131nda dereceye giren \u00f6\u011frencilere \u00f6d\u00fcllerinin verilmesi ile devam etti.\u00a0<\/span><br style=\"box-sizing: border-box; font-family: sans-serif; font-size: 14px; line-height: 20px; text-align: justify; background-color: rgb(242, 244, 245);\" \/><br \/>\n<span style=\"font-family: sans-serif; line-height: 20px; text-align: justify; background-color: rgb(242, 244, 245);\">Etkinlikte, \u00f6\u011frenciler taraf\u0131ndan \u015fiirler okunurken, anaokulu \u00f6\u011frencileri de g\u00f6steri yapt\u0131. \u00d6\u011frencilerin sundu\u011fu halk oyunlar\u0131 g\u00f6sterisi de b\u00fcy\u00fck be\u011feniyle izlendi.\u00a0<\/span><br style=\"box-sizing: border-box; font-family: sans-serif; font-size: 14px; line-height: 20px; text-align: justify; background-color: rgb(242, 244, 245);\" \/><br \/>\n<span style=\"font-family: sans-serif; line-height: 20px; text-align: justify; background-color: rgb(242, 244, 245);\">Vali Yard\u0131mc\u0131s\u0131 S\u00fcleyman Deniz, Deniz Kuvvetleri Akdeniz B\u00f6lge ve Garnizon Komutan\u0131 Tu\u011famiral \u00d6nder G\u00fcrb\u00fcz ve B\u00fcy\u00fck\u015fehir Belediye Ba\u015fkan\u0131 Burhanettin Kocamaz&#8217;\u0131n da kat\u0131ld\u0131 program, \u00e7ocuklarla g\u00fcn\u00fcn an\u0131s\u0131na toplu foto\u011fraf \u00e7ekilmesinin ard\u0131ndan sona erdi.\u00a0<\/span><\/span><\/p>\n","protected":false},"excerpt":{"rendered":"<p>23 Nisan Ulusal Egemenlik ve \u00c7ocuk Bayram\u0131, bu y\u0131l 98\u2019inci kez T\u00fcrkiye&#8217;nin d\u00f6rt bir yan\u0131nda oldu\u011fu gibi Mersin&#8217;de de co\u015fkuyla kutland\u0131. \u0130l Milli E\u011fitim M\u00fcd\u00fcrl\u00fc\u011f\u00fcnce Cumhuriyet Meydan\u0131&#8217;ndaki Atat\u00fcrk An\u0131t\u0131na \u00e7elenk &hellip; <a href=\"https:\/\/akdenizolaygazetesi.com\/?p=1825\" class=\"more-link\">Devam\u0131n\u0131 Oku&#8230;<\/a><\/p>\n","protected":false},"author":1,"featured_media":0,"comment_status":"open","ping_status":"open","sticky":false,"template":"","format":"standard","meta":[],"categories":[],"tags":[],"_links":{"self":[{"href":"https:\/\/akdenizolaygazetesi.com\/index.php?rest_route=\/wp\/v2\/posts\/1825"}],"collection":[{"href":"https:\/\/akdenizolaygazetesi.com\/index.php?rest_route=\/wp\/v2\/posts"}],"about":[{"href":"https:\/\/akdenizolaygazetesi.com\/index.php?rest_route=\/wp\/v2\/types\/post"}],"author":[{"embeddable":true,"href":"https:\/\/akdenizolaygazetesi.com\/index.php?rest_route=\/wp\/v2\/users\/1"}],"replies":[{"embeddable":true,"href":"https:\/\/akdenizolaygazetesi.com\/index.php?rest_route=%2Fwp%2Fv2%2Fcomments&post=1825"}],"version-history":[{"count":0,"href":"https:\/\/akdenizolaygazetesi.com\/index.php?rest_route=\/wp\/v2\/posts\/1825\/revisions"}],"wp:attachment":[{"href":"https:\/\/akdenizolaygazetesi.com\/index.php?rest_route=%2Fwp%2Fv2%2Fmedia&parent=1825"}],"wp:term":[{"taxonomy":"category","embeddable":true,"href":"https:\/\/akdenizolaygazetesi.com\/index.php?rest_route=%2Fwp%2Fv2%2Fcategories&post=1825"},{"taxonomy":"post_tag","embeddable":true,"href":"https:\/\/akdenizolaygazetesi.com\/index.php?rest_route=%2Fwp%2Fv2%2Ftags&post=1825"}],"curies":[{"name":"wp","href":"https:\/\/api.w.org\/{rel}","templated":true}]}}