{"id":1826,"date":"2020-11-04T18:22:23","date_gmt":"2020-11-04T15:22:23","guid":{"rendered":"http:\/\/mersinekonomipolitikagazetesi.com\/?p=1826"},"modified":"2020-11-04T18:22:23","modified_gmt":"2020-11-04T15:22:23","slug":"ak-partili-encten-kilicdarogluna-yoruk-cevabi","status":"publish","type":"post","link":"https:\/\/akdenizolaygazetesi.com\/?p=1826","title":{"rendered":"AK Partili En\u00e7&#8217;ten K\u0131l\u0131\u00e7daro\u011flu&#8217;na &#8216;Y\u00f6r\u00fck&#8217; cevab\u0131"},"content":{"rendered":"<p>Mersin&#8217;de Silifke Y\u00f6r\u00fck T\u00fcrkmen \u00c7al\u0131\u015ftay\u0131&#8217;na kat\u0131lan CHP Genel Ba\u015fkan\u0131 Kemal K\u0131l\u0131\u00e7daro\u011flu&#8217;nun buradaki Y\u00f6r\u00fcklerle ilgili s\u00f6zlerine AK Parti Antalya Milletvekili G\u00f6k\u00e7en \u00d6zdo\u011fan En\u00e7&#8217;ten cevap geldi. En\u00e7, &#8220;Y\u00f6r\u00fcklerin asla vatanlar\u0131n\u0131 satmad\u0131\u011f\u0131n\u0131 K\u0131l\u0131\u00e7daro\u011flu&#8217;na birisi s\u00f6ylemeli&#8221; dedi.<\/p>\n<p><span style=\"font-size:16px;\"><span style=\"font-family: sans-serif; line-height: 20px; text-align: justify; background-color: rgb(242, 244, 245);\">Mersin&#8217;de G\u00f6kbelen Yaylas\u0131&#8217;nda d\u00fczenlenen Silifke Y\u00f6r\u00fck T\u00fcrkmen \u00c7al\u0131\u015ftay\u0131&#8217;na kat\u0131lan CHP Genel Ba\u015fkan\u0131 Kemal K\u0131l\u0131\u00e7daro\u011flu&#8217;nun burada Y\u00f6r\u00fckler ile ilgili s\u00f6zlerine AK Parti Antalya Milletvekili G\u00f6k\u00e7en \u00d6zdo\u011fan En\u00e7&#8217;ten cevap geldi. K\u0131l\u0131\u00e7daro\u011flu&#8217;nun, &#8220;Bu \u00e7ad\u0131rlar g\u00fczel T\u00fcrk\u00e7emizi as\u0131rlar boyu ya\u015fatan \u00e7ad\u0131rlard\u0131r. Osmanl\u0131&#8217;n\u0131n zulm\u00fcne kar\u015f\u0131 bu \u00e7ad\u0131rlarda ne m\u00fccadeleler verildi&#8221; s\u00f6zlerini sert bir \u015fekilde ele\u015ftiren En\u00e7, &#8220;Y\u00f6r\u00fcklerin asla vatanlar\u0131n\u0131 satmad\u0131\u011f\u0131n\u0131 K\u0131l\u0131\u00e7daro\u011flu&#8217;na birisi s\u00f6ylemeli&#8221; dedi.\u00a0<\/span><br style=\"box-sizing: border-box; font-family: sans-serif; font-size: 14px; line-height: 20px; text-align: justify; background-color: rgb(242, 244, 245);\" \/><br \/>\n<br style=\"box-sizing: border-box; font-family: sans-serif; font-size: 14px; line-height: 20px; text-align: justify; background-color: rgb(242, 244, 245);\" \/><br \/>\n<span style=\"font-family: sans-serif; line-height: 20px; text-align: justify; background-color: rgb(242, 244, 245);\">&#8220;Hainlik Y\u00f6r\u00fcklerin kitab\u0131nda yazmaz&#8221;\u00a0<\/span><br style=\"box-sizing: border-box; font-family: sans-serif; font-size: 14px; line-height: 20px; text-align: justify; background-color: rgb(242, 244, 245);\" \/><br \/>\n<span style=\"font-family: sans-serif; line-height: 20px; text-align: justify; background-color: rgb(242, 244, 245);\">Hainli\u011fin Y\u00f6r\u00fcklerin kitab\u0131nda yazmad\u0131\u011f\u0131n\u0131 s\u00f6yleyen Milletvekili En\u00e7, &#8220;Bilmedi\u011fi belli. Osmanl\u0131&#8217;n\u0131n temeli Y\u00f6r\u00fck obalar\u0131nda at\u0131lm\u0131\u015ft\u0131r. 3 k\u0131taya bar\u0131\u015f ve huzur getirerek h\u00fckmetmi\u015f ecdad\u0131m\u0131za bu \u015fekilde sald\u0131rmas\u0131n\u0131n arkas\u0131nda ba\u015fka nedenler oldu\u011funu d\u00fc\u015f\u00fcn\u00fcyorum. Sak\u0131n ama sak\u0131n Y\u00f6r\u00fcklere bula\u015fmas\u0131n, ayran\u0131m\u0131z\u0131 kabartmas\u0131n. Y\u00f6r\u00fck ve T\u00fcrkmenleri kirli siyasetine alet etmesin&#8221; dedi.\u00a0<\/span><br style=\"box-sizing: border-box; font-family: sans-serif; font-size: 14px; line-height: 20px; text-align: justify; background-color: rgb(242, 244, 245);\" \/><br \/>\n<span style=\"font-family: sans-serif; line-height: 20px; text-align: justify; background-color: rgb(242, 244, 245);\">Mustafa Kemal Atat\u00fcrk&#8217;\u00fcn &#8220;Arkada\u015flar, gidip Toros Da\u011flar\u0131na bak\u0131n\u0131z, e\u011fer orada bir tek Y\u00f6r\u00fck \u00e7ad\u0131r\u0131 g\u00f6r\u00fcrseniz ve o \u00e7ad\u0131rda bir duman t\u00fct\u00fcyorsa, \u015funu \u00e7ok iyi biliniz ki bu d\u00fcnyada hi\u00e7bir g\u00fc\u00e7 ve kuvvet asla bizi yenemez&#8221; s\u00f6z\u00fcn\u00fc hat\u0131rlatan En\u00e7, &#8220;Atat\u00fcrk&#8217;\u00fcn bu s\u00f6z\u00fcn\u00fcn ruhunu anlamam\u0131\u015f bir ki\u015finin \u00e7\u0131k\u0131p Osmanl\u0131&#8217;ya laf etmesini bir Y\u00f6r\u00fck kad\u0131n\u0131 olarak asla affetmiyorum&#8221; diye konu\u015ftu.\u00a0<\/span><\/span><\/p>\n","protected":false},"excerpt":{"rendered":"<p>Mersin&#8217;de Silifke Y\u00f6r\u00fck T\u00fcrkmen \u00c7al\u0131\u015ftay\u0131&#8217;na kat\u0131lan CHP Genel Ba\u015fkan\u0131 Kemal K\u0131l\u0131\u00e7daro\u011flu&#8217;nun buradaki Y\u00f6r\u00fcklerle ilgili s\u00f6zlerine AK Parti Antalya Milletvekili G\u00f6k\u00e7en \u00d6zdo\u011fan En\u00e7&#8217;ten cevap geldi. En\u00e7, &#8220;Y\u00f6r\u00fcklerin asla vatanlar\u0131n\u0131 satmad\u0131\u011f\u0131n\u0131 K\u0131l\u0131\u00e7daro\u011flu&#8217;na &hellip; <a href=\"https:\/\/akdenizolaygazetesi.com\/?p=1826\" class=\"more-link\">Devam\u0131n\u0131 Oku&#8230;<\/a><\/p>\n","protected":false},"author":1,"featured_media":0,"comment_status":"open","ping_status":"open","sticky":false,"template":"","format":"standard","meta":[],"categories":[],"tags":[],"_links":{"self":[{"href":"https:\/\/akdenizolaygazetesi.com\/index.php?rest_route=\/wp\/v2\/posts\/1826"}],"collection":[{"href":"https:\/\/akdenizolaygazetesi.com\/index.php?rest_route=\/wp\/v2\/posts"}],"about":[{"href":"https:\/\/akdenizolaygazetesi.com\/index.php?rest_route=\/wp\/v2\/types\/post"}],"author":[{"embeddable":true,"href":"https:\/\/akdenizolaygazetesi.com\/index.php?rest_route=\/wp\/v2\/users\/1"}],"replies":[{"embeddable":true,"href":"https:\/\/akdenizolaygazetesi.com\/index.php?rest_route=%2Fwp%2Fv2%2Fcomments&post=1826"}],"version-history":[{"count":0,"href":"https:\/\/akdenizolaygazetesi.com\/index.php?rest_route=\/wp\/v2\/posts\/1826\/revisions"}],"wp:attachment":[{"href":"https:\/\/akdenizolaygazetesi.com\/index.php?rest_route=%2Fwp%2Fv2%2Fmedia&parent=1826"}],"wp:term":[{"taxonomy":"category","embeddable":true,"href":"https:\/\/akdenizolaygazetesi.com\/index.php?rest_route=%2Fwp%2Fv2%2Fcategories&post=1826"},{"taxonomy":"post_tag","embeddable":true,"href":"https:\/\/akdenizolaygazetesi.com\/index.php?rest_route=%2Fwp%2Fv2%2Ftags&post=1826"}],"curies":[{"name":"wp","href":"https:\/\/api.w.org\/{rel}","templated":true}]}}