{"id":18263,"date":"2022-04-27T12:31:51","date_gmt":"2022-04-27T09:31:51","guid":{"rendered":"http:\/\/akdenizolaygazetesi.com\/?p=18263"},"modified":"2022-04-27T12:31:51","modified_gmt":"2022-04-27T09:31:51","slug":"baskan-yilmaz-tum-cocuklarimizla-gurur-duyuyoruz","status":"publish","type":"post","link":"https:\/\/akdenizolaygazetesi.com\/?p=18263","title":{"rendered":"Ba\u015fkan Y\u0131lmaz; &#8220;T\u00fcm \u00c7ocuklar\u0131m\u0131zla Gurur Duyuyoruz&#8221;"},"content":{"rendered":"<p>Ulu \u00d6nder Gazi Mustafa Kemal Atat\u00fcrk&#8217;\u00fcn \u00e7ocuklara arma\u011fan etti\u011fi 23 Nisan Ulusal Egemenlik ve \u00c7ocuk Bayram\u0131&#8217;n\u0131n 102&#8217;nci y\u0131l d\u00f6n\u00fcm\u00fc, Toroslar&#8217;da co\u015fkuya d\u00f6n\u00fc\u015ft\u00fc.<\/p>\n<p>&#8220;\u00c7ocuklar\u0131m\u0131zla her zaman gurur duyuyoruz&#8221; diyen Toroslar Belediye Ba\u015fkan\u0131 Ats\u0131z Af\u015f\u0131n Y\u0131lmaz&#8217;\u0131n; &#8220;Evini s\u00fcsle, \u015fiirini oku veya mar\u015f\u0131n\u0131 s\u00f6yle. Videoya \u00e7ek, yay\u0131nlayal\u0131m!&#8221; \u00e7a\u011fr\u0131s\u0131na, \u00e7ocuklar da yo\u011fun ilgi g\u00f6sterdi.<\/p>\n<p>Evlerini bayraklarla s\u00fcsleyen ve en g\u00fczel k\u0131yafetlerini giyen \u00e7ocuklar; okuduklar\u0131 23 Nisan \u015fiirlerini, \u015fark\u0131lar\u0131 ve mar\u015flar\u0131 videoya \u00e7ekip, belediyeye g\u00f6nderdi.<\/p>\n<p>\u00c7ocuklar\u0131n, birbirinden g\u00fczel bayram mesajlar\u0131; Toroslar Belediyesinin ve Ba\u015fkan Y\u0131lmaz&#8217;\u0131n sosyal medya hesaplar\u0131ndan payla\u015f\u0131l\u0131rken, bu co\u015fkuya ise herkes ortak oldu.<\/p>\n<p> &#8220;\u00c7ocuklar\u0131m\u0131z, Bizim Umudumuz&#8221;<\/p>\n<p>Toroslar Belediye Ba\u015fkan\u0131 Ats\u0131z Af\u015f\u0131n Y\u0131lmaz; &#8220;23 Nisan&#8217;da, \u00e7ocuklar\u0131m\u0131zdan en sevdikleri \u015fiirleri, mar\u015flar\u0131 okuyup \u00e7ekerek biz g\u00f6ndermelerini istedik. Bizimle co\u015fkular\u0131n\u0131, ne\u015felerini payla\u015fan t\u00fcm \u00e7ocuklar\u0131m\u0131za sevgilerimizi iletiyoruz. \u00c7ocuklar\u0131m\u0131z\u0131n umutla bakt\u0131klar\u0131 bir gelecek i\u00e7in \u00e7al\u0131\u015f\u0131yoruz&#8221; dedi.<\/p>\n<p>&#8220;\u00c7ocuklar\u0131m\u0131z\u0131n; co\u015fkular\u0131n\u0131, ne\u015felerini ve umutlar\u0131n\u0131 asla kaybetmemelerini istiyoruz&#8221; diyen Ba\u015fkan Y\u0131lmaz; &#8220;Ne mutlu bize \u00fclkemizin gelece\u011fi \u00e7ocuklar\u0131m\u0131za emanet. Toroslar Belediyesi olarak \u00e7ocuklar\u0131m\u0131z\u0131n ve gen\u00e7lerimizin bilgi \u00e7a\u011f\u0131n\u0131n b\u00fct\u00fcn geli\u015fmi\u015fliklerini kullanabilen, ara\u015ft\u0131ran, T\u00fcrk milletinin var olan de\u011ferlerini \u00f6z\u00fcmsemi\u015f bir nesil olarak yeti\u015fmeleri en b\u00fcy\u00fck arzumuz. Bu noktada onlar\u0131n her zaman yanlar\u0131nday\u0131z&#8221; ifadelerini kulland\u0131.<\/p>\n","protected":false},"excerpt":{"rendered":"<p>Ulu \u00d6nder Gazi Mustafa Kemal Atat\u00fcrk&#8217;\u00fcn \u00e7ocuklara arma\u011fan etti\u011fi 23 Nisan Ulusal Egemenlik ve \u00c7ocuk Bayram\u0131&#8217;n\u0131n 102&#8217;nci y\u0131l d\u00f6n\u00fcm\u00fc, Toroslar&#8217;da co\u015fkuya d\u00f6n\u00fc\u015ft\u00fc. &#8220;\u00c7ocuklar\u0131m\u0131zla her zaman gurur duyuyoruz&#8221; diyen Toroslar Belediye &hellip; <a href=\"https:\/\/akdenizolaygazetesi.com\/?p=18263\" class=\"more-link\">Devam\u0131n\u0131 Oku&#8230;<\/a><\/p>\n","protected":false},"author":2,"featured_media":18264,"comment_status":"open","ping_status":"open","sticky":false,"template":"","format":"standard","meta":[],"categories":[1,2,3],"tags":[],"_links":{"self":[{"href":"https:\/\/akdenizolaygazetesi.com\/index.php?rest_route=\/wp\/v2\/posts\/18263"}],"collection":[{"href":"https:\/\/akdenizolaygazetesi.com\/index.php?rest_route=\/wp\/v2\/posts"}],"about":[{"href":"https:\/\/akdenizolaygazetesi.com\/index.php?rest_route=\/wp\/v2\/types\/post"}],"author":[{"embeddable":true,"href":"https:\/\/akdenizolaygazetesi.com\/index.php?rest_route=\/wp\/v2\/users\/2"}],"replies":[{"embeddable":true,"href":"https:\/\/akdenizolaygazetesi.com\/index.php?rest_route=%2Fwp%2Fv2%2Fcomments&post=18263"}],"version-history":[{"count":1,"href":"https:\/\/akdenizolaygazetesi.com\/index.php?rest_route=\/wp\/v2\/posts\/18263\/revisions"}],"predecessor-version":[{"id":18265,"href":"https:\/\/akdenizolaygazetesi.com\/index.php?rest_route=\/wp\/v2\/posts\/18263\/revisions\/18265"}],"wp:featuredmedia":[{"embeddable":true,"href":"https:\/\/akdenizolaygazetesi.com\/index.php?rest_route=\/wp\/v2\/media\/18264"}],"wp:attachment":[{"href":"https:\/\/akdenizolaygazetesi.com\/index.php?rest_route=%2Fwp%2Fv2%2Fmedia&parent=18263"}],"wp:term":[{"taxonomy":"category","embeddable":true,"href":"https:\/\/akdenizolaygazetesi.com\/index.php?rest_route=%2Fwp%2Fv2%2Fcategories&post=18263"},{"taxonomy":"post_tag","embeddable":true,"href":"https:\/\/akdenizolaygazetesi.com\/index.php?rest_route=%2Fwp%2Fv2%2Ftags&post=18263"}],"curies":[{"name":"wp","href":"https:\/\/api.w.org\/{rel}","templated":true}]}}