{"id":18266,"date":"2022-04-27T12:34:13","date_gmt":"2022-04-27T09:34:13","guid":{"rendered":"http:\/\/akdenizolaygazetesi.com\/?p=18266"},"modified":"2022-04-27T12:34:13","modified_gmt":"2022-04-27T09:34:13","slug":"milletimize-ve-ulkemize-verilen-maddi-manevi-zarari-unutmadik","status":"publish","type":"post","link":"https:\/\/akdenizolaygazetesi.com\/?p=18266","title":{"rendered":"&#8220;M\u0130LLET\u0130M\u0130ZE VE \u00dcLKEM\u0130ZE VER\u0130LEN MADD\u0130 MANEV\u0130 ZARARI UNUTMADIK&#8221;"},"content":{"rendered":"<p>TBMM Anayasa Komisyonu Katip \u00dcyesi ve AK Parti Mersin Milletvekili Zeynep G\u00fcl Y\u0131lmaz, CHP Grup Ba\u015fkanvekili \u00d6zg\u00fcr \u00d6zel&#8217;in, Cumhurba\u015fkan\u0131 Recep Tayyip Erdo\u011fan ile ilgili s\u00f6zlerine y\u00f6nelik olarak, &#8220;Milletimizin deste\u011fini ve hay\u0131r duas\u0131n\u0131 alan Say\u0131n Cumhurba\u015fkan\u0131m\u0131z\u0131 hi\u00e7 kimse tehdit edemez. Bu milli iradeyi yok saymakt\u0131r. \u00d6zlemini duydu\u011funuz vesayet\u00e7i eski T\u00fcrkiye yok art\u0131k.&#8221; dedi.<br \/>\nYaz\u0131l\u0131 bir a\u00e7\u0131klama yapan AK Parti&#8217;li Zeynep G\u00fcl Y\u0131lmaz, T\u00fcrkiye&#8217;nin yak\u0131n d\u00f6nem tarihi a\u00e7\u0131s\u0131ndan kritik s\u00fcre\u00e7lerden biri olarak g\u00f6sterilen Gezi kalk\u0131\u015fmas\u0131n\u0131n ba\u015fta ekonomi olmak \u00fczere pek \u00e7ok alanda zarara neden oldu\u011funu s\u00f6yledi. Gezi Park\u0131&#8217;nda ba\u015flayan ve \u00fclkenin bir\u00e7ok yerinde geni\u015f \u00e7apl\u0131 bir kaos ortam\u0131 olu\u015fturan eylemlerin do\u011frudan maliyetinin 1,4 milyar dolar, dolayl\u0131 maliyetinin ise 100&#8217;lerce milyar dolar\u0131 buldu\u011funu kaydeden Y\u0131lmaz, Gezi kalk\u0131\u015fmas\u0131n\u0131 &#8216;ihanet&#8217; olarak nitelendirdi.<br \/>\n&#8220;M\u0130LLET\u0130M\u0130ZE VE \u00dcLKEM\u0130ZE VER\u0130LEN MADD\u0130 MANEV\u0130 ZARARI UNUTMADIK&#8221;<br \/>\n\u00dczerinden yakla\u015f\u0131k 9 y\u0131l ge\u00e7mesine ra\u011fmen etkisinin hala s\u00fcrd\u00fc\u011f\u00fcn\u00fc belirten Y\u0131lmaz, &#8220;Gezi kalk\u0131\u015fmas\u0131nda meselenin a\u011fa\u00e7 olmad\u0131\u011f\u0131n\u0131 hepimiz ya\u015fad\u0131\u011f\u0131m\u0131z olaylarda g\u00f6rd\u00fck. Gezi vandall\u0131\u011f\u0131nda 58 kamu binas\u0131, 68 MOBESE kameras\u0131, 3 bin 337 i\u015fyeri, 90 belediye otob\u00fcs\u00fc, 214 \u00f6zel ara\u00e7, 240 polis arac\u0131, 45 ambulans, 14 parti binas\u0131na zarar verildi. Hatta T\u00fcrk bayra\u011f\u0131 yak\u0131ld\u0131. Bu bir direni\u015f de\u011fil; \u015fiddettir, vandall\u0131kt\u0131r, vatana ihanettir. Bu millete, bu \u00fclkeye verilen maddi manevi zarar\u0131 asla unutmad\u0131k, unutmayaca\u011f\u0131z.&#8221; diye konu\u015ftu.<br \/>\n&#8220;CUMHURBA\u015eKANIMIZI K\u0130MSE TEHD\u0130T EDEMEZ&#8221;<br \/>\nAK Parti Mersin Milletvekili Y\u0131lmaz, d\u00fcn \u0130stanbul 13. A\u011f\u0131r Ceza Mahkemesinde Gezi Ana Davas\u0131nda verilen mahkumiyet karar\u0131n\u0131n ard\u0131ndan yapt\u0131\u011f\u0131 a\u00e7\u0131klamada Cumhurba\u015fkan\u0131 Recep Tayyip Erdo\u011fan&#8217;\u0131 hedef alan CHP Grup Ba\u015fkanvekili \u00d6zg\u00fcr \u00d6zel&#8217;e de tepki g\u00f6sterdi. \u00d6zel&#8217;in Cumhurba\u015fkan\u0131&#8217;n\u0131 tehdit etmesinin milli iradeyi yok saymak oldu\u011funu vurgulayan Y\u0131lmaz, \u015funlar\u0131 s\u00f6yledi:<br \/>\n&#8220;20 y\u0131ld\u0131r vesayetten hesap soran, ter\u00f6r \u00f6rg\u00fctlerinin inlerine giren, emperyalizmin kirli planlar\u0131n\u0131 bozan, tehditlere boyun e\u011fmeyen Cumhurba\u015fkan\u0131m\u0131z\u0131n yan\u0131nday\u0131z. Her daim milletimizin deste\u011fini ve hay\u0131r duas\u0131n\u0131 alan Say\u0131n Cumhurba\u015fkan\u0131m\u0131z\u0131 hi\u00e7 kimse tehdit edemez. Demokratik me\u015fruiyete sahip Cumhurba\u015fkan\u0131m\u0131z\u0131 tehdit etmek, T\u00fcrkiye&#8217;yi tehdit etmektir, milli iradeyi yok saymakt\u0131r. Demokrasiyi kabullenin art\u0131k. \u00d6zlemini duydu\u011funuz vesayet\u00e7i eski T\u00fcrkiye yok art\u0131k.&#8221; <\/p>\n","protected":false},"excerpt":{"rendered":"<p>TBMM Anayasa Komisyonu Katip \u00dcyesi ve AK Parti Mersin Milletvekili Zeynep G\u00fcl Y\u0131lmaz, CHP Grup Ba\u015fkanvekili \u00d6zg\u00fcr \u00d6zel&#8217;in, Cumhurba\u015fkan\u0131 Recep Tayyip Erdo\u011fan ile ilgili s\u00f6zlerine y\u00f6nelik olarak, &#8220;Milletimizin deste\u011fini ve &hellip; <a href=\"https:\/\/akdenizolaygazetesi.com\/?p=18266\" class=\"more-link\">Devam\u0131n\u0131 Oku&#8230;<\/a><\/p>\n","protected":false},"author":2,"featured_media":18267,"comment_status":"open","ping_status":"open","sticky":false,"template":"","format":"standard","meta":[],"categories":[2,3,6],"tags":[],"_links":{"self":[{"href":"https:\/\/akdenizolaygazetesi.com\/index.php?rest_route=\/wp\/v2\/posts\/18266"}],"collection":[{"href":"https:\/\/akdenizolaygazetesi.com\/index.php?rest_route=\/wp\/v2\/posts"}],"about":[{"href":"https:\/\/akdenizolaygazetesi.com\/index.php?rest_route=\/wp\/v2\/types\/post"}],"author":[{"embeddable":true,"href":"https:\/\/akdenizolaygazetesi.com\/index.php?rest_route=\/wp\/v2\/users\/2"}],"replies":[{"embeddable":true,"href":"https:\/\/akdenizolaygazetesi.com\/index.php?rest_route=%2Fwp%2Fv2%2Fcomments&post=18266"}],"version-history":[{"count":1,"href":"https:\/\/akdenizolaygazetesi.com\/index.php?rest_route=\/wp\/v2\/posts\/18266\/revisions"}],"predecessor-version":[{"id":18268,"href":"https:\/\/akdenizolaygazetesi.com\/index.php?rest_route=\/wp\/v2\/posts\/18266\/revisions\/18268"}],"wp:featuredmedia":[{"embeddable":true,"href":"https:\/\/akdenizolaygazetesi.com\/index.php?rest_route=\/wp\/v2\/media\/18267"}],"wp:attachment":[{"href":"https:\/\/akdenizolaygazetesi.com\/index.php?rest_route=%2Fwp%2Fv2%2Fmedia&parent=18266"}],"wp:term":[{"taxonomy":"category","embeddable":true,"href":"https:\/\/akdenizolaygazetesi.com\/index.php?rest_route=%2Fwp%2Fv2%2Fcategories&post=18266"},{"taxonomy":"post_tag","embeddable":true,"href":"https:\/\/akdenizolaygazetesi.com\/index.php?rest_route=%2Fwp%2Fv2%2Ftags&post=18266"}],"curies":[{"name":"wp","href":"https:\/\/api.w.org\/{rel}","templated":true}]}}