{"id":1827,"date":"2020-11-04T18:22:23","date_gmt":"2020-11-04T15:22:23","guid":{"rendered":"http:\/\/mersinekonomipolitikagazetesi.com\/?p=1827"},"modified":"2020-11-04T18:22:23","modified_gmt":"2020-11-04T15:22:23","slug":"engelli-annenin-hayali-gercek-oldu","status":"publish","type":"post","link":"https:\/\/akdenizolaygazetesi.com\/?p=1827","title":{"rendered":"Engelli annenin hayali ger\u00e7ek oldu"},"content":{"rendered":"<p>Mersin&#8217;de 6 y\u0131l \u00f6nce ge\u00e7irdi\u011fi rahats\u0131zl\u0131k sonucunda y\u00fcr\u00fcyemez hale gelen ve ak\u00fcl\u00fc araba isteyen Kader Aykan&#8217;a B\u00fcy\u00fck\u015fehir Belediyesi ak\u00fcl\u00fc ara\u00e7 verdi. Bu ara\u00e7la o\u011flunun 23 Nisan g\u00f6sterisini izlemek i\u00e7in okula giden annenin mutlulu\u011fu g\u00f6zlerinden okundu. Aykan, &#8220;2 hayalim vard\u0131. Biri ak\u00fcl\u00fc ara\u00e7, di\u011feri o\u011flumun g\u00f6sterisini izlemek. Bug\u00fcn 2 hayalim de ger\u00e7ek oldu, \u00e7ok mutluyum&#8221; dedi.<\/p>\n<p><span style=\"font-size:16px;\"><span style=\"font-family: sans-serif; line-height: 20px; text-align: justify; background-color: rgb(242, 244, 245);\">Mersin&#8217;in merkez Toroslar il\u00e7esinde ya\u015fayan evli ve 1 \u00e7ocuk annesi Kader Aykan (30), 6 y\u0131l \u00f6nce ge\u00e7irdi\u011fi bir rahats\u0131zl\u0131k sonucunda neredeyse y\u00fcr\u00fcyemez duruma geldi. Y\u00fczde 74 engelli olan talihsiz kad\u0131n, y\u00fcr\u00fcte\u00e7 ve yak\u0131nlar\u0131n\u0131n yard\u0131m\u0131 ile ancak birka\u00e7 ad\u0131m y\u00fcr\u00fcyebilirken, yetkililerden yard\u0131m istedi. \u0130hlas Haber Ajans\u0131&#8217;n\u0131n (\u0130HA) 27 Mart&#8217;ta &#8220;Engelli annenin tek iste\u011fi o\u011flunun 23 Nisan\u2019daki g\u00f6sterisini izlemek&#8221; ba\u015fl\u0131kl\u0131 haberiyle harekete ge\u00e7en Mersin B\u00fcy\u00fck\u015fehir Belediyesi Engelliler Dairesi Ba\u015fkanl\u0131\u011f\u0131 ekipleri, gen\u00e7 kad\u0131na ilk etapta tekerlikli sandalye verdi. Daha sonra Aykan&#8217;\u0131 doktora g\u00f6t\u00fcren ekipler, ak\u00fcl\u00fc ara\u00e7 kullanabilir y\u00f6n\u00fcnde rapor al\u0131nca bu sabah engelli kad\u0131na ak\u00fcl\u00fc arac\u0131n\u0131 teslim etti. Arac\u0131n\u0131 alan Aykan&#8217;\u0131n mutlulu\u011fu g\u00f6zlerinden okunurken, ara\u00e7la o\u011flunun okudu\u011fu okula giderek g\u00f6sterisini izledi.\u00a0<\/span><br style=\"box-sizing: border-box; font-family: sans-serif; font-size: 14px; line-height: 20px; text-align: justify; background-color: rgb(242, 244, 245);\" \/><br \/>\n<br style=\"box-sizing: border-box; font-family: sans-serif; font-size: 14px; line-height: 20px; text-align: justify; background-color: rgb(242, 244, 245);\" \/><br \/>\n<span style=\"font-family: sans-serif; line-height: 20px; text-align: justify; background-color: rgb(242, 244, 245);\">&#8220;6 y\u0131ll\u0131k dile\u011fim ger\u00e7ek oldu&#8221;\u00a0<\/span><br style=\"box-sizing: border-box; font-family: sans-serif; font-size: 14px; line-height: 20px; text-align: justify; background-color: rgb(242, 244, 245);\" \/><br \/>\n<span style=\"font-family: sans-serif; line-height: 20px; text-align: justify; background-color: rgb(242, 244, 245);\">Kader Aykan \u00e7ok mutlu oldu\u011funu s\u00f6yledi. 6 y\u0131ll\u0131k dile\u011finin ger\u00e7ek oldu\u011funu vurgulayan Aykan, &#8220;O\u011flumun g\u00f6sterisini izledim. En b\u00fcy\u00fck mutluluk buydu. 2 dile\u011fim vard\u0131. Bir ak\u00fcl\u00fc sandalye bir o\u011flumun g\u00f6sterisi. Bunun ikisi de ger\u00e7ek oldu. Allah herkesten raz\u0131 olsun. \u00c7ocu\u011fumun g\u00f6sterisini izlemek beni \u00e7ok gururland\u0131rd\u0131, \u00e7ok mutlu oldum. Art\u0131k ak\u00fcl\u00fc arac\u0131m var. O\u011flumla gezmek istiyordum. Bundan sonra o\u011flumla gezebilece\u011fim. Bu ak\u00fcl\u00fc sandalye benimle o\u011flum demek. Benle o\u011flum art\u0131k her yere gidebilece\u011fiz. Her \u015feyi bununla yapaca\u011f\u0131z. Yapamad\u0131\u011f\u0131m\u0131z \u015feyleri yapabilece\u011fiz. Bu sandalye benim \u00f6zg\u00fcrl\u00fc\u011f\u00fcm gibi oldu. Art\u0131k evde sabahtan ak\u015fama kadar oturmayaca\u011f\u0131m. \u0130stedi\u011fim yere gidebilece\u011fim. \u00c7ok g\u00fczel&#8221; diye konu\u015ftu.\u00a0<\/span><br style=\"box-sizing: border-box; font-family: sans-serif; font-size: 14px; line-height: 20px; text-align: justify; background-color: rgb(242, 244, 245);\" \/><br \/>\n<br style=\"box-sizing: border-box; font-family: sans-serif; font-size: 14px; line-height: 20px; text-align: justify; background-color: rgb(242, 244, 245);\" \/><br \/>\n<span style=\"font-family: sans-serif; line-height: 20px; text-align: justify; background-color: rgb(242, 244, 245);\">&#8220;Hastane yatmak i\u00e7in para gerekiyor&#8221;\u00a0<\/span><br style=\"box-sizing: border-box; font-family: sans-serif; font-size: 14px; line-height: 20px; text-align: justify; background-color: rgb(242, 244, 245);\" \/><br \/>\n<span style=\"font-family: sans-serif; line-height: 20px; text-align: justify; background-color: rgb(242, 244, 245);\">Hastal\u0131\u011f\u0131yla ilgili de konu\u015fan Aykan, &#8220;Ankara&#8217;ya gittim, yat\u0131\u015f verildi. Maddi olarak durumum olmad\u0131\u011f\u0131 i\u00e7in gidemiyorum. Hacettepe \u00dcniversitesi T\u0131p Fak\u00fcltesi Hastanesine yataca\u011f\u0131m ama g\u00fcnl\u00fck yatak paras\u0131 al\u0131n\u0131yor. Oraya da g\u00fcnl\u00fck verecek param yok. Kaymakaml\u0131\u011fa ba\u015fvurdum. Per\u015fembe g\u00fcn\u00fc haber verecekler. Onlardan haber gelmeden gidemiyorum. \u00c7\u00fcnk\u00fc yat\u0131\u015f yapaca\u011f\u0131m zaman para vermem laz\u0131m. Nas\u0131l yapaca\u011f\u0131m\u0131 bilemiyorum. Yetkililerden haber bekliyorum. Doktorlar 2 y\u0131ld\u0131r atak ge\u00e7irdi\u011fimi s\u00f6ylediler. O y\u00fczden de hastal\u0131\u011f\u0131m s\u00fcrekli geriye gidiyor. O y\u00fczden yat\u0131r\u0131p, kontrolle yap\u0131ld\u0131ktan sonra de\u011ferlendirmeler yap\u0131lacak&#8221; \u015feklinde konu\u015ftu.\u00a0<\/span><br style=\"box-sizing: border-box; font-family: sans-serif; font-size: 14px; line-height: 20px; text-align: justify; background-color: rgb(242, 244, 245);\" \/><br \/>\n<span style=\"font-family: sans-serif; line-height: 20px; text-align: justify; background-color: rgb(242, 244, 245);\">Deren Alkan ise \u00e7ok mutlu oldu\u011funu s\u00f6yleyerek, annesiyle art\u0131k her yere gidebileceklerini ve gezeceklerini ifade etti.\u00a0<\/span><\/span><\/p>\n","protected":false},"excerpt":{"rendered":"<p>Mersin&#8217;de 6 y\u0131l \u00f6nce ge\u00e7irdi\u011fi rahats\u0131zl\u0131k sonucunda y\u00fcr\u00fcyemez hale gelen ve ak\u00fcl\u00fc araba isteyen Kader Aykan&#8217;a B\u00fcy\u00fck\u015fehir Belediyesi ak\u00fcl\u00fc ara\u00e7 verdi. Bu ara\u00e7la o\u011flunun 23 Nisan g\u00f6sterisini izlemek i\u00e7in okula &hellip; <a href=\"https:\/\/akdenizolaygazetesi.com\/?p=1827\" class=\"more-link\">Devam\u0131n\u0131 Oku&#8230;<\/a><\/p>\n","protected":false},"author":1,"featured_media":0,"comment_status":"open","ping_status":"open","sticky":false,"template":"","format":"standard","meta":[],"categories":[],"tags":[],"_links":{"self":[{"href":"https:\/\/akdenizolaygazetesi.com\/index.php?rest_route=\/wp\/v2\/posts\/1827"}],"collection":[{"href":"https:\/\/akdenizolaygazetesi.com\/index.php?rest_route=\/wp\/v2\/posts"}],"about":[{"href":"https:\/\/akdenizolaygazetesi.com\/index.php?rest_route=\/wp\/v2\/types\/post"}],"author":[{"embeddable":true,"href":"https:\/\/akdenizolaygazetesi.com\/index.php?rest_route=\/wp\/v2\/users\/1"}],"replies":[{"embeddable":true,"href":"https:\/\/akdenizolaygazetesi.com\/index.php?rest_route=%2Fwp%2Fv2%2Fcomments&post=1827"}],"version-history":[{"count":0,"href":"https:\/\/akdenizolaygazetesi.com\/index.php?rest_route=\/wp\/v2\/posts\/1827\/revisions"}],"wp:attachment":[{"href":"https:\/\/akdenizolaygazetesi.com\/index.php?rest_route=%2Fwp%2Fv2%2Fmedia&parent=1827"}],"wp:term":[{"taxonomy":"category","embeddable":true,"href":"https:\/\/akdenizolaygazetesi.com\/index.php?rest_route=%2Fwp%2Fv2%2Fcategories&post=1827"},{"taxonomy":"post_tag","embeddable":true,"href":"https:\/\/akdenizolaygazetesi.com\/index.php?rest_route=%2Fwp%2Fv2%2Ftags&post=1827"}],"curies":[{"name":"wp","href":"https:\/\/api.w.org\/{rel}","templated":true}]}}