{"id":18278,"date":"2022-04-27T12:42:41","date_gmt":"2022-04-27T09:42:41","guid":{"rendered":"http:\/\/akdenizolaygazetesi.com\/?p=18278"},"modified":"2022-04-27T12:42:41","modified_gmt":"2022-04-27T09:42:41","slug":"baskan-yilmaz-kadir-gecesini-kutladi","status":"publish","type":"post","link":"https:\/\/akdenizolaygazetesi.com\/?p=18278","title":{"rendered":"BA\u015eKAN YILMAZ, KAD\u0130R GECES\u0130&#8217;N\u0130 KUTLADI"},"content":{"rendered":"<p>Toroslar Belediye Ba\u015fkan\u0131 Ats\u0131z Af\u015f\u0131n Y\u0131lmaz, m\u00fcbarek Kadir Gecesi dolay\u0131s\u0131yla bir mesaj yay\u0131nlad\u0131.<\/p>\n<p>Kadir Gecesi&#8217;nin t\u00fcm \u0130slam alemine hay\u0131rlar getirmesini dileyen Ba\u015fkan Y\u0131lmaz; &#8220;11 ay\u0131n sultan\u0131 Ramazan ay\u0131n\u0131n son g\u00fcnlerine yakla\u015f\u0131rken y\u00fcce kitab\u0131m\u0131z Kuran-\u0131 Kerim&#8217;in indirilmeye ba\u015fland\u0131\u011f\u0131 bin aydan daha hay\u0131rl\u0131 Kadir Gecesi&#8217;ne kavu\u015fman\u0131n huzuru ve heyecan\u0131 i\u00e7erisindeyiz&#8221; dedi.<\/p>\n<p>Ba\u015fkan Y\u0131lmaz; &#8220;Kadir Gecesi, en faziletli ve kutsal gecelerden biridir. Rahmet ve bereket kap\u0131lar\u0131n\u0131n sonuna kadar a\u00e7\u0131ld\u0131\u011f\u0131, manevi duygular\u0131n \u00fcst seviyelere y\u00fckseldi\u011fi bu kutsal gecede, yap\u0131lacak t\u00fcm dualar\u0131n ailemizin, milletimizin ve \u00fclkemizin birli\u011fi ve b\u00fct\u00fcnl\u00fc\u011f\u00fc ad\u0131na kabul olmas\u0131n\u0131 diliyorum. Bu vesileyle t\u00fcm hem\u015fehrilerimin ve \u0130slam Alemi&#8217;nin m\u00fcbarek Kadir Gecesi&#8217;ni tebrik ediyor, t\u00fcm insanl\u0131\u011fa ba\u015fta sa\u011fl\u0131k, bar\u0131\u015f ve hay\u0131rlar getirmesini Y\u00fcce Allah&#8217;tan niyaz ediyorum&#8221; \u015feklinde konu\u015ftu.<\/p>\n<p>Ba\u015fkan Y\u0131lmaz, Kadir Gecesi dolay\u0131s\u0131yla bu ak\u015fam Halkkent Mahallesi&#8217;nde bulunan Emir Sultan Camii&#8217;nde d\u00fczenleyecekleri \u0130ftar ve Mevlit Program\u0131na da t\u00fcm hem\u015fehrilerini davet etti.<\/p>\n","protected":false},"excerpt":{"rendered":"<p>Toroslar Belediye Ba\u015fkan\u0131 Ats\u0131z Af\u015f\u0131n Y\u0131lmaz, m\u00fcbarek Kadir Gecesi dolay\u0131s\u0131yla bir mesaj yay\u0131nlad\u0131. Kadir Gecesi&#8217;nin t\u00fcm \u0130slam alemine hay\u0131rlar getirmesini dileyen Ba\u015fkan Y\u0131lmaz; &#8220;11 ay\u0131n sultan\u0131 Ramazan ay\u0131n\u0131n son g\u00fcnlerine &hellip; <a href=\"https:\/\/akdenizolaygazetesi.com\/?p=18278\" class=\"more-link\">Devam\u0131n\u0131 Oku&#8230;<\/a><\/p>\n","protected":false},"author":2,"featured_media":18279,"comment_status":"open","ping_status":"open","sticky":false,"template":"","format":"standard","meta":[],"categories":[3],"tags":[],"_links":{"self":[{"href":"https:\/\/akdenizolaygazetesi.com\/index.php?rest_route=\/wp\/v2\/posts\/18278"}],"collection":[{"href":"https:\/\/akdenizolaygazetesi.com\/index.php?rest_route=\/wp\/v2\/posts"}],"about":[{"href":"https:\/\/akdenizolaygazetesi.com\/index.php?rest_route=\/wp\/v2\/types\/post"}],"author":[{"embeddable":true,"href":"https:\/\/akdenizolaygazetesi.com\/index.php?rest_route=\/wp\/v2\/users\/2"}],"replies":[{"embeddable":true,"href":"https:\/\/akdenizolaygazetesi.com\/index.php?rest_route=%2Fwp%2Fv2%2Fcomments&post=18278"}],"version-history":[{"count":1,"href":"https:\/\/akdenizolaygazetesi.com\/index.php?rest_route=\/wp\/v2\/posts\/18278\/revisions"}],"predecessor-version":[{"id":18280,"href":"https:\/\/akdenizolaygazetesi.com\/index.php?rest_route=\/wp\/v2\/posts\/18278\/revisions\/18280"}],"wp:featuredmedia":[{"embeddable":true,"href":"https:\/\/akdenizolaygazetesi.com\/index.php?rest_route=\/wp\/v2\/media\/18279"}],"wp:attachment":[{"href":"https:\/\/akdenizolaygazetesi.com\/index.php?rest_route=%2Fwp%2Fv2%2Fmedia&parent=18278"}],"wp:term":[{"taxonomy":"category","embeddable":true,"href":"https:\/\/akdenizolaygazetesi.com\/index.php?rest_route=%2Fwp%2Fv2%2Fcategories&post=18278"},{"taxonomy":"post_tag","embeddable":true,"href":"https:\/\/akdenizolaygazetesi.com\/index.php?rest_route=%2Fwp%2Fv2%2Ftags&post=18278"}],"curies":[{"name":"wp","href":"https:\/\/api.w.org\/{rel}","templated":true}]}}