{"id":1829,"date":"2020-11-04T18:22:23","date_gmt":"2020-11-04T15:22:23","guid":{"rendered":"http:\/\/mersinekonomipolitikagazetesi.com\/?p=1829"},"modified":"2020-11-04T18:22:23","modified_gmt":"2020-11-04T15:22:23","slug":"ikinci-beleki-umutla-bekliyoruz","status":"publish","type":"post","link":"https:\/\/akdenizolaygazetesi.com\/?p=1829","title":{"rendered":"\u0130K\u0130NC\u0130 BELEK\u2019\u0130 UMUTLA BEKL\u0130YORUZ!"},"content":{"rendered":"<p>R\u00fcyam\u0131z ger\u00e7ek olacak m\u0131?<br \/>\nGer\u00e7ekle\u015firse: \u201c8 bin yatak kapasiteli bir yat\u0131r\u0131m. Oteller, golf sahalar\u0131 olacak bir alan. 5 bin do\u011frudan istihdam yaratacak.\u201d<\/p>\n<p class=\"p1\">CNN T\u00dcRK&#8217;te canl\u0131 yay\u0131nda Hakan \u00c7elik&#8217;in sorular\u0131n\u0131 yan\u0131tlayan Kalk\u0131nma Bakan\u0131 L\u00fctfi Elvan, &#8220;Mersin Tarsus Kazanl\u0131&#8217;da bir turizm b\u00f6lgemiz var. Bu b\u00f6lgeye 1 milyar dolarl\u0131k yat\u0131r\u0131m yapaca\u011f\u0131z.<\/p>\n<p class=\"p2\">\u00a0<\/p>\n<p class=\"p1\">\u00a0T\u00fcrkiye&#8217;nin ikinci Belek&#8217;i olacak&#8221; dedi.<\/p>\n<p class=\"p1\">Mersin&#8217;e \u00fcst \u00fcste yat\u0131r\u0131m m\u00fcjdeleri veren ve verdi\u011fi s\u00f6zleri tek tek yerine getiren Bakan Elvan, Kazanl\u0131&#8217;da hayata ge\u00e7irilecek yat\u0131r\u0131m\u0131n T\u00fcrkiye&#8217;nin ikinci Belek&#8217;i olaca\u011f\u0131n\u0131 kaydetti. Elvan<\/p>\n<p class=\"p1\">\u00a0&#8220;T\u00fcrkiye&#8217;nin ikinci Belek&#8217;i olacak bir yer. Tarsus Kazanl\u0131 b\u00f6lgesi, 10 km sahili olan arkas\u0131 tamamen ormanl\u0131k ve turizm a\u00e7\u0131s\u0131ndan olduk\u00e7a cazip bir yer. T\u00fcrk yat\u0131r\u0131mc\u0131lar oraya 1 milyar dolarl\u0131k bir yat\u0131r\u0131m yapacaklar. Yeni Belek olacak. Kazanl\u0131 Turizm Koruma<\/p>\n<p class=\"p1\">\u00a0ve Geli\u015ftirme B\u00f6lgesi diyoruz. \u015eu anda uygulama projelerine ba\u015fland\u0131 bu y\u0131l temelini ataca\u011f\u0131z. T\u00fcrkiye i\u00e7in son derece \u00f6nemli bir yat\u0131r\u0131m. 8 bin yatak kapasiteli bir yat\u0131r\u0131m. Oteller, golf sahalar\u0131 olacak bir alan. 5 bin do\u011frudan istihdam yaratacak. \u00c7ok ciddi<\/p>\n<p class=\"p1\">\u00a0bir katk\u0131 getirecek T\u00fcrkiye ekonomisine. O b\u00f6lgenin de turizm a\u00e7\u0131s\u0131ndan geli\u015fmesine \u00e7ok katk\u0131 sa\u011flayacakt\u0131r.&#8221; diye konu\u015ftu.\u00a0<\/p>\n","protected":false},"excerpt":{"rendered":"<p>R\u00fcyam\u0131z ger\u00e7ek olacak m\u0131? Ger\u00e7ekle\u015firse: \u201c8 bin yatak kapasiteli bir yat\u0131r\u0131m. Oteller, golf sahalar\u0131 olacak bir alan. 5 bin do\u011frudan istihdam yaratacak.\u201d CNN T\u00dcRK&#8217;te canl\u0131 yay\u0131nda Hakan \u00c7elik&#8217;in sorular\u0131n\u0131 yan\u0131tlayan &hellip; <a href=\"https:\/\/akdenizolaygazetesi.com\/?p=1829\" class=\"more-link\">Devam\u0131n\u0131 Oku&#8230;<\/a><\/p>\n","protected":false},"author":1,"featured_media":0,"comment_status":"open","ping_status":"open","sticky":false,"template":"","format":"standard","meta":[],"categories":[],"tags":[],"_links":{"self":[{"href":"https:\/\/akdenizolaygazetesi.com\/index.php?rest_route=\/wp\/v2\/posts\/1829"}],"collection":[{"href":"https:\/\/akdenizolaygazetesi.com\/index.php?rest_route=\/wp\/v2\/posts"}],"about":[{"href":"https:\/\/akdenizolaygazetesi.com\/index.php?rest_route=\/wp\/v2\/types\/post"}],"author":[{"embeddable":true,"href":"https:\/\/akdenizolaygazetesi.com\/index.php?rest_route=\/wp\/v2\/users\/1"}],"replies":[{"embeddable":true,"href":"https:\/\/akdenizolaygazetesi.com\/index.php?rest_route=%2Fwp%2Fv2%2Fcomments&post=1829"}],"version-history":[{"count":0,"href":"https:\/\/akdenizolaygazetesi.com\/index.php?rest_route=\/wp\/v2\/posts\/1829\/revisions"}],"wp:attachment":[{"href":"https:\/\/akdenizolaygazetesi.com\/index.php?rest_route=%2Fwp%2Fv2%2Fmedia&parent=1829"}],"wp:term":[{"taxonomy":"category","embeddable":true,"href":"https:\/\/akdenizolaygazetesi.com\/index.php?rest_route=%2Fwp%2Fv2%2Fcategories&post=1829"},{"taxonomy":"post_tag","embeddable":true,"href":"https:\/\/akdenizolaygazetesi.com\/index.php?rest_route=%2Fwp%2Fv2%2Ftags&post=1829"}],"curies":[{"name":"wp","href":"https:\/\/api.w.org\/{rel}","templated":true}]}}