{"id":18292,"date":"2022-04-27T16:53:49","date_gmt":"2022-04-27T13:53:49","guid":{"rendered":"http:\/\/akdenizolaygazetesi.com\/?p=18292"},"modified":"2022-04-27T16:53:49","modified_gmt":"2022-04-27T13:53:49","slug":"secer-muzik-mersine-yakisiyor-mersin-bir-renk-cumbusu","status":"publish","type":"post","link":"https:\/\/akdenizolaygazetesi.com\/?p=18292","title":{"rendered":"SE\u00c7ER: &#8220;M\u00dcZ\u0130K MERS\u0130N&#8217;E YAKI\u015eIYOR; MERS\u0130N B\u0130R RENK C\u00dcMB\u00dc\u015e\u00dc&#8221;"},"content":{"rendered":"<p>Mersin B\u00fcy\u00fck\u015fehir Belediye Ba\u015fkan\u0131 Vahap Se\u00e7er ve Meral Se\u00e7er, &#8216;Kanun Nam\u0131na Ahmet Baran Konseri&#8217;ni dinledi. B\u00fcy\u00fck\u015fehir Belediyesi K\u00fclt\u00fcr ve Sosyal \u0130\u015fler Dairesi taraf\u0131ndan halka a\u00e7\u0131k ger\u00e7ekle\u015ftirilen konserde Mersinli sanatseverler sanat dolu bir gece ge\u00e7irdi. Ba\u015fkan Se\u00e7er, &#8220;M\u00fczik Mersin&#8217;e yak\u0131\u015f\u0131yor. Mersin&#8217;e g\u00fczel olan her \u015fey yak\u0131\u015f\u0131yor&#8221; dedi.<br \/>\nKonser Mersinlilerden tam not ald\u0131<br \/>\nAtat\u00fcrk Park\u0131 i\u00e7erisindeki Amfi Tiyatro&#8217;da kanun ezgilerinin y\u00fckseldi\u011fi konseri, Ba\u015fkan Se\u00e7er ve Meral Se\u00e7er, \u0130Y\u0130 Parti Mersin \u0130l Ba\u015fkan\u0131 Mehmet Dutar, Meclis \u00fcyeleri, B\u00fcy\u00fck\u015fehir Belediyesi b\u00fcrokratlar\u0131 ve daire ba\u015fkanlar\u0131 ile \u00e7ok say\u0131da Mersinli dinledi.  7 ya\u015f\u0131ndan beri m\u00fczi\u011fin i\u00e7inde olan ve 18 ya\u015f\u0131nda Senfoni Orkestralar\u0131n\u0131n En Gen\u00e7 Solist Kanunisi unvan\u0131 alan d\u00fcnyaca \u00fcnl\u00fc kanun virt\u00fc\u00f6z\u00fc Ahmet Baran, &#8216;Kanun Nam\u0131na&#8217; alb\u00fcm\u00fcnde yer alan eserleri ve birbirinden g\u00fczel daha bir\u00e7ok eseri Mersinli sanatseverlerle bulu\u015fturdu. Mersinli dinleyiciler de \u015fark\u0131lara e\u015flik ederek adeta b\u00fcy\u00fck bir koro olu\u015fturdu. Ba\u015fkan Se\u00e7er ve Meral Se\u00e7er de t\u00fcm \u015fark\u0131lara e\u015flik ederken, sahnede B\u00fcy\u00fck\u015fehir Belediyesi Kent Orkestras\u0131 sanat\u00e7\u0131lar\u0131 yer ald\u0131. Ahmet Baran&#8217;\u0131n sahne performans\u0131 konser sonunda Mersinliler taraf\u0131ndan ayakta alk\u0131\u015fland\u0131.<br \/>\n&#8216;Ay G\u0131z&#8217; par\u00e7as\u0131n\u0131 \u00d6zd\u00fclger seslendirdi<br \/>\nAhmet Baran&#8217;\u0131n sahne performans\u0131 dinleyenleri b\u00fcy\u00fcl\u00fc bir yolculu\u011fa \u00e7\u0131kar\u0131rken, t\u00fcm par\u00e7alar b\u00fcy\u00fck alk\u0131\u015f toplad\u0131. &#8216;Ay G\u0131z&#8217; par\u00e7as\u0131n\u0131 da K\u00fclt\u00fcr ve Sosyal \u0130\u015fler Dairesi Ba\u015fkanl\u0131\u011f\u0131 Koordinat\u00f6r\u00fc ve Opera Sanat\u00e7\u0131s\u0131 Bengi \u0130spir \u00d6zd\u00fclger seslendirdi.<br \/>\n&#8216;Yi\u011fidim Aslan\u0131m&#8217; Atat\u00fcrk&#8217;\u00fcn aziz hat\u0131ras\u0131 i\u00e7in s\u00f6ylendi<br \/>\n&#8216;Yi\u011fidim Aslan\u0131m&#8217; par\u00e7as\u0131nda da sahneye yans\u0131t\u0131lan Ulu \u00d6nder Mustafa Kemal Atat\u00fcrk&#8217;\u00fcn g\u00f6rselini g\u00f6ren Mersinliler bu tabloyu ayakta alk\u0131\u015flad\u0131. Ahmet Baran, \u015fark\u0131y\u0131 Atat\u00fcrk&#8217;\u00fcn aziz hat\u0131ras\u0131 i\u00e7in Mersinlilerle hep bir a\u011f\u0131zdan s\u00f6yledi. Konserde \u0131\u015f\u0131klar kapat\u0131ld\u0131 ve telefonlar\u0131n \u0131\u015f\u0131klar\u0131n\u0131n a\u00e7\u0131lmas\u0131 ile muazzam bir g\u00f6r\u00fcnt\u00fc ortaya \u00e7\u0131kt\u0131.<br \/>\nBaran: &#8220;Evimin s\u0131cakl\u0131\u011f\u0131nda konser yap\u0131yor gibiyim&#8221;<br \/>\nAhmet Baran, &#8220;Evimin s\u0131cakl\u0131\u011f\u0131nda konser yap\u0131yor gibiyim&#8221; dedi ve konseri d\u00fczenleyenlere te\u015fekk\u00fcr etti. M\u00fczi\u011fin insanlar\u0131 ayn\u0131 duyguda bulu\u015fturan bir mucize oldu\u011funu ifade eden Baran, &#8220;Bu ak\u015fam kanunun bana verdi\u011fi yetkiye dayanarak sizleri insanl\u0131k tarihi ile ya\u015f\u0131t, konuyu \u00f6z, duyguyu k\u00f6z edip kalbimize i\u015fleyen m\u00fczi\u011fi beyaz, bembeyaz bir bulut farz edelim istiyorum. O k\u00f6p\u00fck k\u00f6p\u00fck duygular\u0131n terc\u00fcman\u0131, bembeyaz bulut dola\u015f\u0131rken t\u00fcm d\u00fcnyay\u0131, biz de g\u00f6nl\u00fcm\u00fcz\u00fc kanunun tellerine ba\u011fl\u0131, sevgilinin g\u00fcftesini, umutlar\u0131n bestesini yapt\u0131\u011f\u0131m g\u00fczel Mersinimizin o masmavi g\u00f6ky\u00fcz\u00fcne beyaz kanatl\u0131 bir ku\u015f u\u00e7ural\u0131m hep birlikte&#8221; dedi.<br \/>\nDinleyicilere de seslenen Baran, &#8220;Muhte\u015fem enerjinizi ve \u0131\u015f\u0131l \u0131\u015f\u0131l g\u00f6zlerinizi \u00e7ok \u00f6zlemi\u015fim. Burada olup kendinizi g\u00f6rmenizi \u00e7ok isterdim. Hava da m\u00fckemmel. Hakikaten bu g\u00fczel kavu\u015ftay\u0131, bu g\u00fczel bahar ak\u015fam\u0131nda bizim i\u00e7in haz\u0131rlayan, vizyonu ile hizmetleri ile \u015fehrimizin \u00e7ehresini, enerjisini de\u011fi\u015ftiren \u00e7ok de\u011ferli B\u00fcy\u00fck\u015fehir Belediye Ba\u015fkan\u0131m\u0131z Say\u0131n Vahap Se\u00e7er&#8217;e lezzetli bir alk\u0131\u015f&#8221; dedi ve dinleyiciler Ba\u015fkan Se\u00e7er&#8217;i dakikalarca alk\u0131\u015flad\u0131. Ahmet Baran, &#8220;Ba\u015fkan\u0131m emekleriniz var olsun, hakikaten \u015fehrimiz sanatla, teknoloji ile emeklerinizle \u00e7ok g\u00fczel. Var olsun hizmetleriniz&#8221; diye konu\u015ftu.<br \/>\nBa\u015fkan Se\u00e7er: &#8220;M\u00fczik Mersin&#8217;e yak\u0131\u015f\u0131yor&#8221;<br \/>\nAhmet Baran konserin sonunda, &#8220;Yapt\u0131\u011f\u0131 hizmetlerle b\u0131rak\u0131n Mersin&#8217;i, T\u00fcrkiye&#8217;de fark yaratan, sanata, sanat\u00e7\u0131ya, de\u011fer veren ve o kalbindeki \u0131\u015f\u0131lt\u0131s\u0131yla kentimizi adeta bir \u00e7i\u00e7ek bah\u00e7esine \u00e7eviren Mersin B\u00fcy\u00fck\u015fehir Belediye Ba\u015fkan\u0131m\u0131z Say\u0131n Vahap Se\u00e7er&#8217;e ve k\u0131ymetli e\u015fi Meral han\u0131mefendiye kocaman bir alk\u0131\u015f rica edebilir miyim?&#8221; diyerek, Ba\u015fkan Se\u00e7er&#8217;i sahneye davet etti. Ba\u015fkan Se\u00e7er, &#8220;\u00c7ok keyifli bir ak\u015fam ya\u015f\u0131yoruz. En \u00e7ok herhalde benim ihtiyac\u0131m varm\u0131\u015f. \u00c7ok keyif ald\u0131m ger\u00e7ekten. \u00c7ok te\u015fekk\u00fcr ediyorum. M\u00fczik Mersin&#8217;e yak\u0131\u015f\u0131yor. Mersin&#8217;e g\u00fczel olan her \u015fey yak\u0131\u015f\u0131yor asl\u0131nda. Sizler gibi, Ahmet Baran gibi g\u00fczel kalpli insanlar \u00e7ok yak\u0131\u015f\u0131yor. Mersin bir nefret kenti olmas\u0131n. \u00d6tekilerin oldu\u011fu kent olmas\u0131n. Mersin hepimizin olsun&#8221; dedi.<br \/>\n&#8220;Burada bir k\u00fclt\u00fcrler korosu olu\u015ftu&#8221;<br \/>\nDinleyicilerin olu\u015fturdu\u011fu koroyu da de\u011ferlendiren Ba\u015fkan Se\u00e7er, &#8220;Burada da Hatay&#8217;a \u00f6yk\u00fcnmek gibi olmas\u0131n, bir k\u00fclt\u00fcrler korosu olu\u015ftu. Mersin \u00e7\u00fcnk\u00fc T\u00fcrkiye. T\u00fcrkiye&#8217;nin \u00f6zeti. Her rengi var burada. Mersin bir renk c\u00fcmb\u00fc\u015f\u00fc. Biz \u00f6nce Mersin&#8217;e, Mersinliye, \u00fclkemize, insanl\u0131\u011fa lay\u0131k olmaya \u00e7al\u0131\u015f\u0131yoruz. E\u011fer g\u00fczel \u015feyler yapabiliyorsak hep beraber, ne mutlu bize&#8221; dedi. Ba\u015fkan Se\u00e7er, konu\u015fmas\u0131n\u0131n sonunda Ahmet Baran&#8217;a \u00e7i\u00e7ek verdi.<\/p>\n","protected":false},"excerpt":{"rendered":"<p>Mersin B\u00fcy\u00fck\u015fehir Belediye Ba\u015fkan\u0131 Vahap Se\u00e7er ve Meral Se\u00e7er, &#8216;Kanun Nam\u0131na Ahmet Baran Konseri&#8217;ni dinledi. B\u00fcy\u00fck\u015fehir Belediyesi K\u00fclt\u00fcr ve Sosyal \u0130\u015fler Dairesi taraf\u0131ndan halka a\u00e7\u0131k ger\u00e7ekle\u015ftirilen konserde Mersinli sanatseverler sanat &hellip; <a href=\"https:\/\/akdenizolaygazetesi.com\/?p=18292\" class=\"more-link\">Devam\u0131n\u0131 Oku&#8230;<\/a><\/p>\n","protected":false},"author":2,"featured_media":18293,"comment_status":"open","ping_status":"open","sticky":false,"template":"","format":"standard","meta":[],"categories":[1,2,3],"tags":[],"_links":{"self":[{"href":"https:\/\/akdenizolaygazetesi.com\/index.php?rest_route=\/wp\/v2\/posts\/18292"}],"collection":[{"href":"https:\/\/akdenizolaygazetesi.com\/index.php?rest_route=\/wp\/v2\/posts"}],"about":[{"href":"https:\/\/akdenizolaygazetesi.com\/index.php?rest_route=\/wp\/v2\/types\/post"}],"author":[{"embeddable":true,"href":"https:\/\/akdenizolaygazetesi.com\/index.php?rest_route=\/wp\/v2\/users\/2"}],"replies":[{"embeddable":true,"href":"https:\/\/akdenizolaygazetesi.com\/index.php?rest_route=%2Fwp%2Fv2%2Fcomments&post=18292"}],"version-history":[{"count":1,"href":"https:\/\/akdenizolaygazetesi.com\/index.php?rest_route=\/wp\/v2\/posts\/18292\/revisions"}],"predecessor-version":[{"id":18294,"href":"https:\/\/akdenizolaygazetesi.com\/index.php?rest_route=\/wp\/v2\/posts\/18292\/revisions\/18294"}],"wp:featuredmedia":[{"embeddable":true,"href":"https:\/\/akdenizolaygazetesi.com\/index.php?rest_route=\/wp\/v2\/media\/18293"}],"wp:attachment":[{"href":"https:\/\/akdenizolaygazetesi.com\/index.php?rest_route=%2Fwp%2Fv2%2Fmedia&parent=18292"}],"wp:term":[{"taxonomy":"category","embeddable":true,"href":"https:\/\/akdenizolaygazetesi.com\/index.php?rest_route=%2Fwp%2Fv2%2Fcategories&post=18292"},{"taxonomy":"post_tag","embeddable":true,"href":"https:\/\/akdenizolaygazetesi.com\/index.php?rest_route=%2Fwp%2Fv2%2Ftags&post=18292"}],"curies":[{"name":"wp","href":"https:\/\/api.w.org\/{rel}","templated":true}]}}