{"id":18295,"date":"2022-04-27T16:57:13","date_gmt":"2022-04-27T13:57:13","guid":{"rendered":"http:\/\/akdenizolaygazetesi.com\/?p=18295"},"modified":"2022-04-27T16:57:13","modified_gmt":"2022-04-27T13:57:13","slug":"bu-hakimin-bu-davada-olmasi-kanuna-aykiri","status":"publish","type":"post","link":"https:\/\/akdenizolaygazetesi.com\/?p=18295","title":{"rendered":"&#8216;BU HAK\u0130M\u0130N BU DAVADA OLMASI KANUNA AYKIRI&#8217;"},"content":{"rendered":"<p>CHP Mersin Milletvekili Alpay Antmen, yapt\u0131\u011f\u0131 bas\u0131n a\u00e7\u0131klamas\u0131nda Gezi Davas\u0131 karar\u0131n\u0131n esas a\u00e7\u0131s\u0131ndan oldu\u011fu gibi, usul a\u00e7\u0131s\u0131ndan da yok h\u00fckm\u00fcnde oldu\u011funu belirterek &#8220;\u0130stinkaf etmesi gereken Hakim&#8217;in kat\u0131l\u0131m\u0131 ile verilen karar usul a\u00e7\u0131s\u0131ndan da yok h\u00fckm\u00fcndedir. Karar\u0131n hukuken siyasal bir karar olmas\u0131 bir yana i\u015fin esas\u0131na girilmeden bile \u0130stinaf Mahkemesi taraf\u0131ndan evvel emirde karar\u0131n kald\u0131r\u0131lmas\u0131 gereklidir&#8221; dedi.<\/p>\n<p>Alpay Antmen, kararda k\u0131demli \u00fcye hakimin \u00e7ok \u00f6nemli bir muhalefet \u015ferhi yazd\u0131\u011f\u0131n\u0131 ancak mahkeme karar\u0131na kat\u0131lan k\u0131demsiz \u00fcye hakim Murat Bircan&#8217;\u0131n bu davaya bakmamas\u0131 gerekti\u011fini s\u00f6yleyerek &#8220;Bu hakimin bu davaya bakmaktan istinkaf etmesi gerekli iken karara kat\u0131lmas\u0131 Gezi Davas\u0131n\u0131 usul a\u00e7\u0131s\u0131ndan sakatlam\u0131\u015ft\u0131r&#8221; ifadelerini kulland\u0131.<\/p>\n<p>Antmen&#8217;in a\u00e7\u0131klamalar\u0131nda \u00f6ne \u00e7\u0131kanlar \u015fu \u015fekilde;<\/p>\n<p>BU HAK\u0130M\u0130N BU DAVADA OLMASI KANUNA AYKIRI<\/p>\n<p>&#8220;San\u0131klar AKP H\u00fck\u00fcmetini devirmeye \u00e7al\u0131\u015fmakla su\u00e7lan\u0131yorlar. Yasal bir protesto eyleminin ancak bu kadar \u00e7arp\u0131t\u0131lmas\u0131n\u0131 bir yana b\u0131rak\u0131rsak ; Karara imza atan k\u0131demsiz \u00fcye Hakim AKP \u00fcyesi ve 2018 y\u0131l\u0131nda AKP milletvekili aday aday\u0131 iken \u015fimdi AKP&#8217;ye kar\u015f\u0131 yap\u0131ld\u0131\u011f\u0131 ileri s\u00fcr\u00fclen bir su\u00e7un yarg\u0131lamas\u0131nda yer almakta ve karara kat\u0131larak san\u0131klar\u0131n cezaland\u0131r\u0131lmas\u0131 y\u00f6n\u00fcnde oy kullanm\u0131\u015ft\u0131r. Gezi direni\u015fi, s\u0131ras\u0131nda da bu hakim AKP \u00fcyesidir. Bu ba\u011flamda  Ceza Muhakemeleri Kanunu&#8217;nun 22.maddesi ve Hukuk Muhakemeleri Kanunu&#8217;nun 34.maddei bu konuda \u00e7ok a\u00e7\u0131kt\u0131r. An\u0131lan hakim bu davada g\u00f6rev yapamaz ve karara kat\u0131lamaz&#8221;<\/p>\n<p>\u0130DAM KALKMASAYDI \u0130DAM CEZASI VERECEKLERD\u0130<\/p>\n<p>&#8220;\u0130\u015fin esas\u0131nda Gezi Davas\u0131 yarg\u0131n\u0131n siyasalla\u015ft\u0131\u011f\u0131n\u0131n \u00e7ok a\u00e7\u0131k bir kan\u0131t\u0131d\u0131r. AKP \u00f6nce kendi y\u00f6netici ve \u00fcyeleri olan Avukatlar\u0131 Hakim yapt\u0131 ve \u015fimdi de b\u00f6yle kararlara imza att\u0131r\u0131yor. Bu karar bir hukuk suikast\u0131d\u0131r. Beraat karar\u0131 verilmi\u015f bir davada m\u00fcebbet karar verilmesi bunun bir yarg\u0131 cinayeti oldu\u011funun ispat\u0131d\u0131r. \u0130dam kald\u0131r\u0131lmasayd\u0131 bug\u00fcn idam karar\u0131 verilecekti. Avrupa \u0130nsan Haklar\u0131 ve Anayasa Mahkemesi kararlar\u0131na uyulmamas\u0131, Anayasam\u0131z\u0131n ayaklar alt\u0131na al\u0131nmas\u0131 ve evrensel hukukun yok edilmi\u015f olmas\u0131 bu iktidar\u0131n art\u0131k y\u00f6netme kapasitesinin bitti\u011fini g\u00f6stermektedir&#8221;<\/p>\n<p>BU KARARI TANIMIYORUZ<\/p>\n<p>&#8220;Mahkemelerin verdi\u011fi karar toplum vicdan\u0131nda kabul g\u00f6rd\u00fc\u011f\u00fc kadar ge\u00e7erlidir. Bu karar anlatt\u0131\u011f\u0131m gerek\u00e7elerle hem hukuken hem de vicdanen ge\u00e7erli de\u011fildir. \u0130ktidar \u015fu anda yarg\u0131y\u0131, i\u015flemi\u015f olduklar\u0131 su\u00e7lar\u0131 kapatma ve topluma sopa olarak kullanmaktad\u0131r. Kurucumuz, kurtar\u0131c\u0131m\u0131z Mustafa Kemal Atat\u00fcrk &#8220;Adalet g\u00fcc\u00fc ba\u011f\u0131ms\u0131z olmayan bir milletin, devlet halinde varl\u0131\u011f\u0131 kabul olunmaz&#8221; demektedir. Bug\u00fcn yarg\u0131 ba\u011f\u0131ms\u0131z de\u011fildir. Bu nedenle hem halktan, hem hukuktan hem de kurucumuzdan ald\u0131\u011f\u0131m\u0131z g\u00fc\u00e7le diyoruz ki; varl\u0131\u011f\u0131n\u0131z\u0131 da kararlar\u0131n\u0131z\u0131 da kabul etmiyor ve tan\u0131m\u0131yoruz&#8221;<\/p>\n<p>BU HAK\u0130MLER YARGILANACAK<\/p>\n<p>&#8220;Buradan Saray ve AKP&#8217;nin talimatlar\u0131n\u0131 dinleyenlere sesleniyorum. \u0130ktidar gidiyor. Kanuna, hukuka, adalete ayk\u0131r\u0131 i\u015f yapan herkes, hukuka ayk\u0131r\u0131 kararlar\u0131 veren herkes ba\u011f\u0131ms\u0131z mahkemeler \u00f6n\u00fcnde yapt\u0131klar\u0131n\u0131n hesab\u0131n\u0131 verecek. Hi\u00e7 kimse mahkemeye \u00e7\u0131k\u0131nca &#8216;ama bize adalet bakan\u0131 talimat verdi, ama bize Cumhurba\u015fkanl\u0131\u011f\u0131 talimat verdi&#8217; demesin, o zaman onlara talimat verenler dahi yanlar\u0131nda durmayacaklar ve i\u015flenen bu siyasal suikast su\u00e7lar\u0131 kendi \u00fczerlerine \u00fczerine kalacak&#8221;<\/p>\n","protected":false},"excerpt":{"rendered":"<p>CHP Mersin Milletvekili Alpay Antmen, yapt\u0131\u011f\u0131 bas\u0131n a\u00e7\u0131klamas\u0131nda Gezi Davas\u0131 karar\u0131n\u0131n esas a\u00e7\u0131s\u0131ndan oldu\u011fu gibi, usul a\u00e7\u0131s\u0131ndan da yok h\u00fckm\u00fcnde oldu\u011funu belirterek &#8220;\u0130stinkaf etmesi gereken Hakim&#8217;in kat\u0131l\u0131m\u0131 ile verilen karar &hellip; <a href=\"https:\/\/akdenizolaygazetesi.com\/?p=18295\" class=\"more-link\">Devam\u0131n\u0131 Oku&#8230;<\/a><\/p>\n","protected":false},"author":2,"featured_media":18296,"comment_status":"open","ping_status":"open","sticky":false,"template":"","format":"standard","meta":[],"categories":[2,3,5],"tags":[],"_links":{"self":[{"href":"https:\/\/akdenizolaygazetesi.com\/index.php?rest_route=\/wp\/v2\/posts\/18295"}],"collection":[{"href":"https:\/\/akdenizolaygazetesi.com\/index.php?rest_route=\/wp\/v2\/posts"}],"about":[{"href":"https:\/\/akdenizolaygazetesi.com\/index.php?rest_route=\/wp\/v2\/types\/post"}],"author":[{"embeddable":true,"href":"https:\/\/akdenizolaygazetesi.com\/index.php?rest_route=\/wp\/v2\/users\/2"}],"replies":[{"embeddable":true,"href":"https:\/\/akdenizolaygazetesi.com\/index.php?rest_route=%2Fwp%2Fv2%2Fcomments&post=18295"}],"version-history":[{"count":1,"href":"https:\/\/akdenizolaygazetesi.com\/index.php?rest_route=\/wp\/v2\/posts\/18295\/revisions"}],"predecessor-version":[{"id":18297,"href":"https:\/\/akdenizolaygazetesi.com\/index.php?rest_route=\/wp\/v2\/posts\/18295\/revisions\/18297"}],"wp:featuredmedia":[{"embeddable":true,"href":"https:\/\/akdenizolaygazetesi.com\/index.php?rest_route=\/wp\/v2\/media\/18296"}],"wp:attachment":[{"href":"https:\/\/akdenizolaygazetesi.com\/index.php?rest_route=%2Fwp%2Fv2%2Fmedia&parent=18295"}],"wp:term":[{"taxonomy":"category","embeddable":true,"href":"https:\/\/akdenizolaygazetesi.com\/index.php?rest_route=%2Fwp%2Fv2%2Fcategories&post=18295"},{"taxonomy":"post_tag","embeddable":true,"href":"https:\/\/akdenizolaygazetesi.com\/index.php?rest_route=%2Fwp%2Fv2%2Ftags&post=18295"}],"curies":[{"name":"wp","href":"https:\/\/api.w.org\/{rel}","templated":true}]}}