{"id":18298,"date":"2022-04-27T16:58:49","date_gmt":"2022-04-27T13:58:49","guid":{"rendered":"http:\/\/akdenizolaygazetesi.com\/?p=18298"},"modified":"2022-04-27T16:58:49","modified_gmt":"2022-04-27T13:58:49","slug":"mersin-festival-icin-tek-yurek","status":"publish","type":"post","link":"https:\/\/akdenizolaygazetesi.com\/?p=18298","title":{"rendered":"MERS\u0130N FEST\u0130VAL \u0130\u00c7\u0130N TEK Y\u00dcREK"},"content":{"rendered":"<p>Sanat Etkinlikleri Derne\u011fi\u2019nde bir araya gelen Mersin Sivil Toplum Kurulu\u015flar\u0131,  20. Mersin Uluslararas\u0131 M\u00fczik Festivali\u2019ne tam destek verdi.<br \/>\nMersin Uluslararas\u0131 M\u00fczik Festivali, sivil toplum kurulu\u015flar\u0131 ve meslek odalar\u0131na y\u00f6nelik bilgilendirme ve i\u015fbirli\u011fi toplant\u0131s\u0131 ger\u00e7ekle\u015ftirdi. 27 Nisan \u00c7ar\u015famba saat: 12.30\u2019da Sanat Etkinlikleri Derne\u011fi\u2019nde ger\u00e7ekle\u015ftirilen toplant\u0131da, 21 May\u0131s-11 Haziran tarihleri aras\u0131nda ger\u00e7ekle\u015ftirilecek festival hakk\u0131nda bilgiler sunuldu.<\/p>\n<p>Festivalin kent i\u00e7in \u00f6nemine de\u011finen kat\u0131l\u0131mc\u0131 kurumlar; Mersin \u00dcniversitesi, Mersin Kent Konseyi, K\u0131br\u0131s T\u00fcrk K\u00fclt\u00fcr Derne\u011fi, Toros Koleji, Mersin Foto\u011fraf Derne\u011fi, Akdeniz Lions Kul\u00fcb\u00fc Derne\u011fi, ODT\u00dc Mezunlar Derne\u011fi, Yeni\u015fehir Lions Kul\u00fcb\u00fc Derne\u011fi, Tarsus Amerikan Koleji, AKOB, T\u00fcrk Kad\u0131nlar Birli\u011fi, \u00c7YDD Mersin \u015eubesi, Mersin Eczac\u0131lar Odas\u0131, Mali M\u00fc\u015favirler Odas\u0131, G\u00fcnebakan Kad\u0131nlar Derne\u011fi, Z\u0130\u00c7EV, KADER, Toroslar Belediyesi, G\u0130\u015eKAD, \u0130\u00e7el Soroptimist Kul\u00fcb\u00fc, Ynei\u015fehir Kent Konseyi, Mersin Bisikletli Kad\u0131nlar, Mersin Aizheimer Derne\u011fi, Mersin Tabipler Odas\u0131, Mezitli Soroptimist Kul\u00fcb\u00fc, Toros \u00dcniversitesi, \u00d6zel Sistem T\u0131p Merkezi, K\u00fclt\u00fcrhane, Akdeniz Lions Kul\u00fcb\u00fc, ADD Mersin, Yeni\u015fehir Ya\u015fam G\u00f6n\u00fcll\u00fcleri festivale olan desteklerini bildirerek tam destek verdi.<\/p>\n","protected":false},"excerpt":{"rendered":"<p>Sanat Etkinlikleri Derne\u011fi\u2019nde bir araya gelen Mersin Sivil Toplum Kurulu\u015flar\u0131, 20. Mersin Uluslararas\u0131 M\u00fczik Festivali\u2019ne tam destek verdi. Mersin Uluslararas\u0131 M\u00fczik Festivali, sivil toplum kurulu\u015flar\u0131 ve meslek odalar\u0131na y\u00f6nelik bilgilendirme &hellip; <a href=\"https:\/\/akdenizolaygazetesi.com\/?p=18298\" class=\"more-link\">Devam\u0131n\u0131 Oku&#8230;<\/a><\/p>\n","protected":false},"author":2,"featured_media":18299,"comment_status":"open","ping_status":"open","sticky":false,"template":"","format":"standard","meta":[],"categories":[3],"tags":[],"_links":{"self":[{"href":"https:\/\/akdenizolaygazetesi.com\/index.php?rest_route=\/wp\/v2\/posts\/18298"}],"collection":[{"href":"https:\/\/akdenizolaygazetesi.com\/index.php?rest_route=\/wp\/v2\/posts"}],"about":[{"href":"https:\/\/akdenizolaygazetesi.com\/index.php?rest_route=\/wp\/v2\/types\/post"}],"author":[{"embeddable":true,"href":"https:\/\/akdenizolaygazetesi.com\/index.php?rest_route=\/wp\/v2\/users\/2"}],"replies":[{"embeddable":true,"href":"https:\/\/akdenizolaygazetesi.com\/index.php?rest_route=%2Fwp%2Fv2%2Fcomments&post=18298"}],"version-history":[{"count":1,"href":"https:\/\/akdenizolaygazetesi.com\/index.php?rest_route=\/wp\/v2\/posts\/18298\/revisions"}],"predecessor-version":[{"id":18300,"href":"https:\/\/akdenizolaygazetesi.com\/index.php?rest_route=\/wp\/v2\/posts\/18298\/revisions\/18300"}],"wp:featuredmedia":[{"embeddable":true,"href":"https:\/\/akdenizolaygazetesi.com\/index.php?rest_route=\/wp\/v2\/media\/18299"}],"wp:attachment":[{"href":"https:\/\/akdenizolaygazetesi.com\/index.php?rest_route=%2Fwp%2Fv2%2Fmedia&parent=18298"}],"wp:term":[{"taxonomy":"category","embeddable":true,"href":"https:\/\/akdenizolaygazetesi.com\/index.php?rest_route=%2Fwp%2Fv2%2Fcategories&post=18298"},{"taxonomy":"post_tag","embeddable":true,"href":"https:\/\/akdenizolaygazetesi.com\/index.php?rest_route=%2Fwp%2Fv2%2Ftags&post=18298"}],"curies":[{"name":"wp","href":"https:\/\/api.w.org\/{rel}","templated":true}]}}