{"id":18301,"date":"2022-04-27T17:00:20","date_gmt":"2022-04-27T14:00:20","guid":{"rendered":"http:\/\/akdenizolaygazetesi.com\/?p=18301"},"modified":"2022-04-27T17:00:20","modified_gmt":"2022-04-27T14:00:20","slug":"yenisehirde-1000-cocugun-fircasindan-1000-parcalik-ataturk-portresi","status":"publish","type":"post","link":"https:\/\/akdenizolaygazetesi.com\/?p=18301","title":{"rendered":"Yeni\u015fehir\u2019de 1000 \u00e7ocu\u011fun f\u0131r\u00e7as\u0131ndan 1000 par\u00e7al\u0131k Atat\u00fcrk portresi"},"content":{"rendered":"<p>Mersin Yeni\u015fehir Belediyesinin deste\u011fiyle 1000 ilkokul \u00f6\u011frencisinin \u00e7izdi\u011fi 1000 par\u00e7adan olu\u015fan Gazi Mustafa Kemal Atat\u00fcrk portresi Yeni\u015fehir Belediyesi Atat\u00fcrk K\u00fclt\u00fcr Merkezi\u2019ne as\u0131ld\u0131. Belediye Ba\u015fkan\u0131 Abdullah \u00d6zyi\u011fit de projenin y\u00fcr\u00fct\u00fcld\u00fc\u011f\u00fc okullar\u0131 ziyaret ederek, \u00e7ocuklarla birlikte boyama yapm\u0131\u015ft\u0131.<br \/>\n23 Nisan Ulusal Egemenlik ve \u00c7ocuk Bayram\u0131 kutlamalar\u0131 kapsam\u0131nda aralar\u0131nda \u00f6zel bireylerin de oldu\u011fu farkl\u0131 okullardan ilkokul \u00f6\u011frencilerinin \u00e7izdi\u011fi Atat\u00fcrk portresi Yeni\u015fehir Belediyesi Atat\u00fcrk K\u00fclt\u00fcr Merkezi\u2019ne as\u0131larak sergilendi.<br \/>\n\u00c7ocuklar\u0131n mutlulu\u011fu g\u00f6zlerinden okundu<br \/>\nReyhan \u00c7etinda\u015f\u2019\u0131n ment\u00f6rl\u00fc\u011f\u00fcn\u00fc \u00fcstlendi\u011fi projede ressam Fatmag\u00fcl Yetim, 1000 adetten olu\u015fan A4 boyutundaki puzzle k\u00e2\u011f\u0131tlar\u0131 \u00e7ocuklara da\u011f\u0131tarak, \u00e7izimler de onlara e\u015flik etti. Her bir \u00e7ocuk portrenin bir par\u00e7as\u0131n\u0131 boyad\u0131. Ard\u0131ndan t\u00fcm par\u00e7alar Yeni\u015fehir Belediyesi Atat\u00fcrk K\u00fclt\u00fcr Merkezi\u2019nde bir araya getirildi. Projeye kat\u0131larak, boyama yapan \u00e7ocuklar da \u00e7izdikleri resmin Atat\u00fcrk portresi oldu\u011funu sonradan \u00f6\u011frendi. Resmin tamam\u0131n\u0131 g\u00f6r\u00fcnce b\u00fcy\u00fck bir heyecan ya\u015fayan \u00e7ocuklar\u0131n mutlulu\u011fu ise g\u00f6zlerinden okundu.<br \/>\nPorte resmin sergi a\u00e7\u0131l\u0131\u015f\u0131na kat\u0131larak, \u00e7ocuklar\u0131n mutlulu\u011funa ortak olan Yeni\u015fehir Belediye Ba\u015fkan\u0131 Abdullah \u00d6zyi\u011fit, t\u00fcm \u00e7ocuklar\u0131 tebrik ederek, projeye katk\u0131 sunan herkese te\u015fekk\u00fcr etti.  (Haber Merkezi)<\/p>\n","protected":false},"excerpt":{"rendered":"<p>Mersin Yeni\u015fehir Belediyesinin deste\u011fiyle 1000 ilkokul \u00f6\u011frencisinin \u00e7izdi\u011fi 1000 par\u00e7adan olu\u015fan Gazi Mustafa Kemal Atat\u00fcrk portresi Yeni\u015fehir Belediyesi Atat\u00fcrk K\u00fclt\u00fcr Merkezi\u2019ne as\u0131ld\u0131. Belediye Ba\u015fkan\u0131 Abdullah \u00d6zyi\u011fit de projenin y\u00fcr\u00fct\u00fcld\u00fc\u011f\u00fc okullar\u0131 &hellip; <a href=\"https:\/\/akdenizolaygazetesi.com\/?p=18301\" class=\"more-link\">Devam\u0131n\u0131 Oku&#8230;<\/a><\/p>\n","protected":false},"author":2,"featured_media":18302,"comment_status":"open","ping_status":"open","sticky":false,"template":"","format":"standard","meta":[],"categories":[3,5],"tags":[],"_links":{"self":[{"href":"https:\/\/akdenizolaygazetesi.com\/index.php?rest_route=\/wp\/v2\/posts\/18301"}],"collection":[{"href":"https:\/\/akdenizolaygazetesi.com\/index.php?rest_route=\/wp\/v2\/posts"}],"about":[{"href":"https:\/\/akdenizolaygazetesi.com\/index.php?rest_route=\/wp\/v2\/types\/post"}],"author":[{"embeddable":true,"href":"https:\/\/akdenizolaygazetesi.com\/index.php?rest_route=\/wp\/v2\/users\/2"}],"replies":[{"embeddable":true,"href":"https:\/\/akdenizolaygazetesi.com\/index.php?rest_route=%2Fwp%2Fv2%2Fcomments&post=18301"}],"version-history":[{"count":1,"href":"https:\/\/akdenizolaygazetesi.com\/index.php?rest_route=\/wp\/v2\/posts\/18301\/revisions"}],"predecessor-version":[{"id":18303,"href":"https:\/\/akdenizolaygazetesi.com\/index.php?rest_route=\/wp\/v2\/posts\/18301\/revisions\/18303"}],"wp:featuredmedia":[{"embeddable":true,"href":"https:\/\/akdenizolaygazetesi.com\/index.php?rest_route=\/wp\/v2\/media\/18302"}],"wp:attachment":[{"href":"https:\/\/akdenizolaygazetesi.com\/index.php?rest_route=%2Fwp%2Fv2%2Fmedia&parent=18301"}],"wp:term":[{"taxonomy":"category","embeddable":true,"href":"https:\/\/akdenizolaygazetesi.com\/index.php?rest_route=%2Fwp%2Fv2%2Fcategories&post=18301"},{"taxonomy":"post_tag","embeddable":true,"href":"https:\/\/akdenizolaygazetesi.com\/index.php?rest_route=%2Fwp%2Fv2%2Ftags&post=18301"}],"curies":[{"name":"wp","href":"https:\/\/api.w.org\/{rel}","templated":true}]}}