{"id":1833,"date":"2020-11-04T18:22:23","date_gmt":"2020-11-04T15:22:23","guid":{"rendered":"http:\/\/mersinekonomipolitikagazetesi.com\/?p=1833"},"modified":"2020-11-04T18:22:23","modified_gmt":"2020-11-04T15:22:23","slug":"dr-huseyin-camak-asi-karsitligina-karsi-uyardi","status":"publish","type":"post","link":"https:\/\/akdenizolaygazetesi.com\/?p=1833","title":{"rendered":"DR. H\u00dcSEY\u0130N \u00c7AMAK, A\u015eI KAR\u015eITLI\u011eINA KAR\u015eI UYARDI"},"content":{"rendered":"<p>CHP Mersin Milletvekili Dr. H\u00fcseyin \u00c7amak, Sa\u011fl\u0131k Bakanl\u0131\u011f\u0131\u2019n\u0131n toplumda a\u015f\u0131 kar\u015f\u0131tl\u0131\u011f\u0131n\u0131n yayg\u0131nla\u015ft\u0131\u011f\u0131na dikkat \u00e7ekti ve neredeyse hi\u00e7 g\u00f6r\u00fclmeyen hastal\u0131klar\u0131n yeniden hortlayabilece\u011fi uyar\u0131s\u0131nda bulundu.<\/p>\n<blockquote style=\"color: rgb(34, 34, 34); font-family: arial, sans-serif; font-size: 12.8px; font-style: normal; line-height: normal;\" type=\"cite\">\n<div dir=\"ltr\">\n<p class=\"m_-5714302742693380021x_MsoNormal\" style=\"margin: 0cm 0cm 10pt; line-height: 16.8667px; font-size: 11pt; font-family: Calibri, sans-serif;\"><span style=\"font-size:16px;\">Cumhuriyet Halk Partisi (CHP) Mersin Milletvekili Dr. H\u00fcseyin \u00c7amak, meclis genel kurulunda s\u00f6z alarak Sa\u011fl\u0131k Bakanl\u0131\u011f\u0131\u2019n\u0131 a\u015f\u0131 kar\u015f\u0131tl\u0131\u011f\u0131 konusunda uyard\u0131.<\/span><\/p>\n<p class=\"m_-5714302742693380021x_MsoNormal\" style=\"margin: 0cm 0cm 10pt; line-height: 16.8667px; font-size: 11pt; font-family: Calibri, sans-serif;\">\u00a0<\/p>\n<p class=\"m_-5714302742693380021x_MsoNormal\" style=\"margin: 0cm 0cm 10pt; line-height: 16.8667px; font-size: 11pt; font-family: Calibri, sans-serif;\"><span style=\"font-size:16px;\">\u00c7amak, \u201cSon zamanlarda \u00fclkemizde bilin\u00e7li ya da bilin\u00e7sizce bir a\u015f\u0131 kar\u015f\u0131tl\u0131\u011f\u0131n\u0131n ortaya \u00e7\u0131kt\u0131\u011f\u0131 g\u00f6r\u00fclmektedir. \u00d6zellikle bula\u015f\u0131c\u0131 ve salg\u0131n hastal\u0131klara kar\u015f\u0131, a\u015f\u0131lar\u0131n toplum sa\u011fl\u0131\u011f\u0131 a\u00e7\u0131s\u0131ndan ne denli hayati oldu\u011fu bilimsel bir ger\u00e7ektir. T\u00fcrk Tabipleri Birli\u011fi ile T\u00fcrk Klinik Mikrobiyoloji ve \u0130nfeksiyon Hastal\u0131klar\u0131 Derne\u011fi gibi uzman kurulu\u015flar\u0131n a\u00e7\u0131klama ve y\u00f6nlendirmeleri artmas\u0131na ra\u011fmen Bakanl\u0131k d\u00fczeyinde bu sorun yeterince g\u00fcndem bulamamaktad\u0131r. \u00d6zellikle \u00fclkemizin, d\u00fcnyan\u0131n en \u00f6nemli problemlerinden biri olan ciddi bir g\u00f6\u00e7 sorunuyla kar\u015f\u0131 kar\u015f\u0131ya oldu\u011fu b\u00f6ylesi bir s\u00fcre\u00e7te bu a\u015f\u0131 kar\u015f\u0131tl\u0131\u011f\u0131n\u0131n yayg\u0131nla\u015fmas\u0131, \u00fclkemizde neredeyse art\u0131k hi\u00e7 g\u00f6r\u00fclmeyen hastal\u0131klar tekrar hortlatabilir. Bu konuda Bakanl\u0131\u011f\u0131 etkili bir \u015fekilde halk\u0131 bilin\u00e7lendirmeye \u00e7a\u011f\u0131r\u0131yorum\u201d ifadelerini kulland\u0131.<\/span><\/p>\n<p class=\"m_-5714302742693380021x_MsoNormal\" style=\"margin: 0cm 0cm 10pt; line-height: 16.8667px; font-size: 11pt; font-family: Calibri, sans-serif;\">\u00a0<\/p>\n<div class=\"yj6qo ajU\" style=\"cursor: pointer; outline: none; padding: 10px 0px; width: 22px; margin: 2px 0px 0px;\">\u00a0<\/div>\n<\/div>\n<\/blockquote>\n","protected":false},"excerpt":{"rendered":"<p>CHP Mersin Milletvekili Dr. H\u00fcseyin \u00c7amak, Sa\u011fl\u0131k Bakanl\u0131\u011f\u0131\u2019n\u0131n toplumda a\u015f\u0131 kar\u015f\u0131tl\u0131\u011f\u0131n\u0131n yayg\u0131nla\u015ft\u0131\u011f\u0131na dikkat \u00e7ekti ve neredeyse hi\u00e7 g\u00f6r\u00fclmeyen hastal\u0131klar\u0131n yeniden hortlayabilece\u011fi uyar\u0131s\u0131nda bulundu. Cumhuriyet Halk Partisi (CHP) Mersin Milletvekili Dr. &hellip; <a href=\"https:\/\/akdenizolaygazetesi.com\/?p=1833\" class=\"more-link\">Devam\u0131n\u0131 Oku&#8230;<\/a><\/p>\n","protected":false},"author":1,"featured_media":0,"comment_status":"open","ping_status":"open","sticky":false,"template":"","format":"standard","meta":[],"categories":[],"tags":[],"_links":{"self":[{"href":"https:\/\/akdenizolaygazetesi.com\/index.php?rest_route=\/wp\/v2\/posts\/1833"}],"collection":[{"href":"https:\/\/akdenizolaygazetesi.com\/index.php?rest_route=\/wp\/v2\/posts"}],"about":[{"href":"https:\/\/akdenizolaygazetesi.com\/index.php?rest_route=\/wp\/v2\/types\/post"}],"author":[{"embeddable":true,"href":"https:\/\/akdenizolaygazetesi.com\/index.php?rest_route=\/wp\/v2\/users\/1"}],"replies":[{"embeddable":true,"href":"https:\/\/akdenizolaygazetesi.com\/index.php?rest_route=%2Fwp%2Fv2%2Fcomments&post=1833"}],"version-history":[{"count":0,"href":"https:\/\/akdenizolaygazetesi.com\/index.php?rest_route=\/wp\/v2\/posts\/1833\/revisions"}],"wp:attachment":[{"href":"https:\/\/akdenizolaygazetesi.com\/index.php?rest_route=%2Fwp%2Fv2%2Fmedia&parent=1833"}],"wp:term":[{"taxonomy":"category","embeddable":true,"href":"https:\/\/akdenizolaygazetesi.com\/index.php?rest_route=%2Fwp%2Fv2%2Fcategories&post=1833"},{"taxonomy":"post_tag","embeddable":true,"href":"https:\/\/akdenizolaygazetesi.com\/index.php?rest_route=%2Fwp%2Fv2%2Ftags&post=1833"}],"curies":[{"name":"wp","href":"https:\/\/api.w.org\/{rel}","templated":true}]}}