{"id":18336,"date":"2022-04-29T12:43:48","date_gmt":"2022-04-29T09:43:48","guid":{"rendered":"http:\/\/akdenizolaygazetesi.com\/?p=18336"},"modified":"2022-04-29T12:43:48","modified_gmt":"2022-04-29T09:43:48","slug":"mersin-orman-bolge-mudurlugu-isci-aliminda-noter-kurasi-gerceklesti","status":"publish","type":"post","link":"https:\/\/akdenizolaygazetesi.com\/?p=18336","title":{"rendered":"Mersin Orman B\u00f6lge M\u00fcd\u00fcrl\u00fc\u011f\u00fc i\u015f\u00e7i al\u0131m\u0131nda noter kuras\u0131 ger\u00e7ekle\u015fti"},"content":{"rendered":"<p>Orman Genel  M\u00fcd\u00fcrl\u00fc\u011f\u00fcm\u00fcz\u00fcn  25.04.2022  tarih  ve  4168731  say\u0131l\u0131  emirlerine  istinaden Mersin Orman B\u00f6lge M\u00fcd\u00fcrl\u00fc\u011f\u00fcm\u00fcze ba\u011fl\u0131 Orman \u0130\u015fletme M\u00fcd\u00fcrl\u00fcklerinde   \u00e7al\u0131\u015ft\u0131r\u0131lmak \u00fczere; 188  &#8221;Ge\u00e7ici \u0130\u015f\u00e7i\u201d al\u0131nacakt\u0131r.<br \/>\nYap\u0131lan ba\u015fvurulardan talep edilen kontenjanlara g\u00f6re yaz\u0131l\u0131 mevzuat gere\u011fince belirlenmesi gereken aday say\u0131s\u0131 Kuyuluk Orman Deposunda noter huzurunda  \u00e7ekilen kura ile belirlendi.<br \/>\nKura \u00e7ekimine Mersin Orman B\u00f6lge M\u00fcd\u00fcr Yard\u0131mc\u0131s\u0131 Mehmet Fulin, Personel M\u00fcd\u00fcr\u00fc Mustafa \u00d6cal, Mersin Orman \u0130\u015fletme M\u00fcd\u00fcr\u00fc Adnan Zorlukan Aber, m\u00fcd\u00fcr yard\u0131mc\u0131s\u0131, \u015fefler ve Mersin 6. Noter K\u00e2tibi kat\u0131ld\u0131.<br \/>\nNoter kuras\u0131ndan \u00e7\u0131kan asil ve yedek adaylar B\u00f6lge M\u00fcd\u00fcrl\u00fc\u011f\u00fcm\u00fcz web sayfas\u0131nda 29 Nisan-8 May\u0131s 2022 tarihleri aras\u0131nda duyurulacakt\u0131r. Konuyla ilgili t\u00fcm ilanlar mersinobm.ogm.gov.tr web sitesinde yay\u0131nlanacakt\u0131r.<\/p>\n<p>Yap\u0131lan kurada adaylar,  noter huzurunda yap\u0131lan kura \u00e7ekimini izlediler. <\/p>\n","protected":false},"excerpt":{"rendered":"<p>Orman Genel M\u00fcd\u00fcrl\u00fc\u011f\u00fcm\u00fcz\u00fcn 25.04.2022 tarih ve 4168731 say\u0131l\u0131 emirlerine istinaden Mersin Orman B\u00f6lge M\u00fcd\u00fcrl\u00fc\u011f\u00fcm\u00fcze ba\u011fl\u0131 Orman \u0130\u015fletme M\u00fcd\u00fcrl\u00fcklerinde \u00e7al\u0131\u015ft\u0131r\u0131lmak \u00fczere; 188 &#8221;Ge\u00e7ici \u0130\u015f\u00e7i\u201d al\u0131nacakt\u0131r. Yap\u0131lan ba\u015fvurulardan talep edilen kontenjanlara g\u00f6re &hellip; <a href=\"https:\/\/akdenizolaygazetesi.com\/?p=18336\" class=\"more-link\">Devam\u0131n\u0131 Oku&#8230;<\/a><\/p>\n","protected":false},"author":2,"featured_media":18337,"comment_status":"open","ping_status":"open","sticky":false,"template":"","format":"standard","meta":[],"categories":[2,3,5],"tags":[],"_links":{"self":[{"href":"https:\/\/akdenizolaygazetesi.com\/index.php?rest_route=\/wp\/v2\/posts\/18336"}],"collection":[{"href":"https:\/\/akdenizolaygazetesi.com\/index.php?rest_route=\/wp\/v2\/posts"}],"about":[{"href":"https:\/\/akdenizolaygazetesi.com\/index.php?rest_route=\/wp\/v2\/types\/post"}],"author":[{"embeddable":true,"href":"https:\/\/akdenizolaygazetesi.com\/index.php?rest_route=\/wp\/v2\/users\/2"}],"replies":[{"embeddable":true,"href":"https:\/\/akdenizolaygazetesi.com\/index.php?rest_route=%2Fwp%2Fv2%2Fcomments&post=18336"}],"version-history":[{"count":1,"href":"https:\/\/akdenizolaygazetesi.com\/index.php?rest_route=\/wp\/v2\/posts\/18336\/revisions"}],"predecessor-version":[{"id":18338,"href":"https:\/\/akdenizolaygazetesi.com\/index.php?rest_route=\/wp\/v2\/posts\/18336\/revisions\/18338"}],"wp:featuredmedia":[{"embeddable":true,"href":"https:\/\/akdenizolaygazetesi.com\/index.php?rest_route=\/wp\/v2\/media\/18337"}],"wp:attachment":[{"href":"https:\/\/akdenizolaygazetesi.com\/index.php?rest_route=%2Fwp%2Fv2%2Fmedia&parent=18336"}],"wp:term":[{"taxonomy":"category","embeddable":true,"href":"https:\/\/akdenizolaygazetesi.com\/index.php?rest_route=%2Fwp%2Fv2%2Fcategories&post=18336"},{"taxonomy":"post_tag","embeddable":true,"href":"https:\/\/akdenizolaygazetesi.com\/index.php?rest_route=%2Fwp%2Fv2%2Ftags&post=18336"}],"curies":[{"name":"wp","href":"https:\/\/api.w.org\/{rel}","templated":true}]}}