{"id":1834,"date":"2020-11-04T18:22:23","date_gmt":"2020-11-04T15:22:23","guid":{"rendered":"http:\/\/mersinekonomipolitikagazetesi.com\/?p=1834"},"modified":"2020-11-04T18:22:23","modified_gmt":"2020-11-04T15:22:23","slug":"minik-kalpler-eglenirken-ogrendi","status":"publish","type":"post","link":"https:\/\/akdenizolaygazetesi.com\/?p=1834","title":{"rendered":"Minik Kalpler E\u011flenirken \u00d6\u011frendi"},"content":{"rendered":"<p>\u00dcniversitemiz E\u011fitim Fak\u00fcltesi Okul \u00d6ncesi E\u011fitimi B\u00f6l\u00fcm\u00fc 3&#8217;\u00fcnc\u00fc s\u0131n\u0131f \u00f6\u011frencileri taraf\u0131ndan \u201cTopluma Hizmet Dersi\u201d kapsam\u0131nda \u201c2\u2019nci \u00c7ocuk \u015eenli\u011fi\u201d d\u00fczenlendi.<\/p>\n<blockquote style=\"color: rgb(34, 34, 34); font-family: arial, sans-serif; font-size: 12.8px; font-style: normal; line-height: normal;\" type=\"cite\">\n<div dir=\"ltr\">\n<p style=\"margin: 0cm 0cm 7.5pt; text-align: justify; font-size: 12pt; font-family: 'Times New Roman', serif; background-image: initial; background-attachment: initial; background-size: initial; background-origin: initial; background-clip: initial; background-position: initial; background-repeat: initial;\"><span style=\"font-size:16px;\"><span style=\"color: rgb(62, 77, 92);\">Mersin Yeni\u015fehir Kamp\u00fcs\u00fc\u2019nde 21 Nisan Cumartesi g\u00fcn\u00fc ger\u00e7ekle\u015fen etkinli\u011fe okul \u00f6ncesi e\u011fitim \u00f6\u011frencileri, veliler ve \u00f6\u011frenciler kat\u0131ld\u0131<\/span><\/span><\/p>\n<p style=\"margin: 0cm 0cm 7.5pt; text-align: justify; font-size: 12pt; font-family: 'Times New Roman', serif; background-image: initial; background-attachment: initial; background-size: initial; background-origin: initial; background-clip: initial; background-position: initial; background-repeat: initial;\"><span style=\"font-size:16px;\"><span style=\"color: rgb(62, 77, 92);\">Etkinlik sayg\u0131 duru\u015fu ve \u0130stiklal Mar\u015f\u0131 ile ba\u015flad\u0131. Zihinsel Engelli \u00c7ocuklar Vakf\u0131 (Z\u0130\u00c7EV) \u00f6\u011frencilerinin dans g\u00f6sterisi ile devam eden etkinlik, Mersin Capoeira Gen\u00e7lik Spor Kul\u00fcb\u00fc\u2019n\u00fcn Brezilya m\u00fczikli savunma sporu olan \u201cCapoeira\u201c g\u00f6sterisi ile devam etti.<\/span><\/span><\/p>\n<p style=\"margin: 0cm 0cm 7.5pt; text-align: justify; font-size: 12pt; font-family: 'Times New Roman', serif; background-image: initial; background-attachment: initial; background-size: initial; background-origin: initial; background-clip: initial; background-position: initial; background-repeat: initial;\"><span style=\"font-size:16px;\"><span style=\"color: rgb(62, 77, 92);\">\u201c\u00c7ocuk Haklar\u0131\u201d sergisinin de yer ald\u0131\u011f\u0131 etkinlikle \u00e7ocuklar; oyun hamuru, ebru, origami, tak\u0131 tasar\u0131m, kozalak boyama, ta\u015f boyama, kil, oyun hamuru ve mandala gibi oyunlar\u0131 oynayarak hem e\u011flendi hem de \u00f6\u011frendi.<\/span><\/span><\/p>\n<p style=\"margin: 0cm 0cm 7.5pt; text-align: justify; font-size: 12pt; font-family: 'Times New Roman', serif; background-image: initial; background-attachment: initial; background-size: initial; background-origin: initial; background-clip: initial; background-position: initial; background-repeat: initial;\"><span style=\"font-size:16px;\"><span style=\"color: rgb(62, 77, 92);\">Yo\u011fun ilgi g\u00f6ren etkinlik palya\u00e7o g\u00f6sterisiyle sona erdi.<\/span><\/span><\/p>\n<\/div>\n<\/blockquote>\n<div>\n<div dir=\"ltr\">\n<p style=\"margin: 0cm 0cm 7.5pt; text-align: justify; font-size: 12pt; font-family: 'Times New Roman', serif; background-image: initial; background-attachment: initial; background-size: initial; background-origin: initial; background-clip: initial; background-position: initial; background-repeat: initial;\">\u00a0<\/p>\n<\/div>\n<\/div>\n","protected":false},"excerpt":{"rendered":"<p>\u00dcniversitemiz E\u011fitim Fak\u00fcltesi Okul \u00d6ncesi E\u011fitimi B\u00f6l\u00fcm\u00fc 3&#8217;\u00fcnc\u00fc s\u0131n\u0131f \u00f6\u011frencileri taraf\u0131ndan \u201cTopluma Hizmet Dersi\u201d kapsam\u0131nda \u201c2\u2019nci \u00c7ocuk \u015eenli\u011fi\u201d d\u00fczenlendi. Mersin Yeni\u015fehir Kamp\u00fcs\u00fc\u2019nde 21 Nisan Cumartesi g\u00fcn\u00fc ger\u00e7ekle\u015fen etkinli\u011fe okul \u00f6ncesi &hellip; <a href=\"https:\/\/akdenizolaygazetesi.com\/?p=1834\" class=\"more-link\">Devam\u0131n\u0131 Oku&#8230;<\/a><\/p>\n","protected":false},"author":1,"featured_media":0,"comment_status":"open","ping_status":"open","sticky":false,"template":"","format":"standard","meta":[],"categories":[],"tags":[],"_links":{"self":[{"href":"https:\/\/akdenizolaygazetesi.com\/index.php?rest_route=\/wp\/v2\/posts\/1834"}],"collection":[{"href":"https:\/\/akdenizolaygazetesi.com\/index.php?rest_route=\/wp\/v2\/posts"}],"about":[{"href":"https:\/\/akdenizolaygazetesi.com\/index.php?rest_route=\/wp\/v2\/types\/post"}],"author":[{"embeddable":true,"href":"https:\/\/akdenizolaygazetesi.com\/index.php?rest_route=\/wp\/v2\/users\/1"}],"replies":[{"embeddable":true,"href":"https:\/\/akdenizolaygazetesi.com\/index.php?rest_route=%2Fwp%2Fv2%2Fcomments&post=1834"}],"version-history":[{"count":0,"href":"https:\/\/akdenizolaygazetesi.com\/index.php?rest_route=\/wp\/v2\/posts\/1834\/revisions"}],"wp:attachment":[{"href":"https:\/\/akdenizolaygazetesi.com\/index.php?rest_route=%2Fwp%2Fv2%2Fmedia&parent=1834"}],"wp:term":[{"taxonomy":"category","embeddable":true,"href":"https:\/\/akdenizolaygazetesi.com\/index.php?rest_route=%2Fwp%2Fv2%2Fcategories&post=1834"},{"taxonomy":"post_tag","embeddable":true,"href":"https:\/\/akdenizolaygazetesi.com\/index.php?rest_route=%2Fwp%2Fv2%2Ftags&post=1834"}],"curies":[{"name":"wp","href":"https:\/\/api.w.org\/{rel}","templated":true}]}}