{"id":18342,"date":"2022-04-29T12:49:43","date_gmt":"2022-04-29T09:49:43","guid":{"rendered":"http:\/\/akdenizolaygazetesi.com\/?p=18342"},"modified":"2022-04-29T12:49:43","modified_gmt":"2022-04-29T09:49:43","slug":"buyuksehirin-ciftcilere-fidan-destegi-devam-ediyor","status":"publish","type":"post","link":"https:\/\/akdenizolaygazetesi.com\/?p=18342","title":{"rendered":"B\u00dcY\u00dcK\u015eEH\u0130R&#8217;\u0130N \u00c7\u0130FT\u00c7\u0130LERE F\u0130DAN DESTE\u011e\u0130 DEVAM ED\u0130YOR"},"content":{"rendered":"<p>Mersin B\u00fcy\u00fck\u015fehir Belediyesi, tar\u0131mda alternatif \u00fcr\u00fcn olu\u015fturulmas\u0131 i\u00e7in \u00fcreticilere fide ve fidan deste\u011fini s\u00fcrd\u00fcr\u00fcyor. B\u00fcy\u00fck\u015fehir Belediyesi Tar\u0131msal ve Veteriner Hizmetleri Dairesi taraf\u0131ndan y\u00fcr\u00fct\u00fclen \u00e7al\u0131\u015fma kapsam\u0131nda Tarsus ve \u00c7aml\u0131yayla&#8217;daki \u00fcreticilere de al\u0131\u00e7 fidesi da\u011f\u0131t\u0131ld\u0131. B\u00fcy\u00fck\u015fehir Belediyesi Tarsus Koordinasyon \u015eube M\u00fcd\u00fcrl\u00fc\u011f\u00fc&#8217;nde d\u00fczenlenen t\u00f6renle al\u0131\u00e7 fideleri \u00fcreticilere teslim edildi.<\/p>\n<p>Tarsus ve \u00c7aml\u0131yayla&#8217;da 22 \u00fcreticiye al\u0131\u00e7 fidanlar\u0131 ula\u015ft\u0131r\u0131ld\u0131<\/p>\n<p>Ge\u00e7ti\u011fimiz g\u00fcnlerde di\u011fer il\u00e7elerde ger\u00e7ekle\u015ftirilen al\u0131\u00e7 ve avokado fidan\u0131 da\u011f\u0131t\u0131m\u0131na ek olarak Tarsus&#8217;ta 1&#8217;i kad\u0131n toplam 15 \u00fcreticiye 347, \u00c7aml\u0131yayla&#8217;da ise 7 \u00fcreticiye 142 al\u0131\u00e7 fidan\u0131 verildi. Da\u011f\u0131t\u0131m t\u00f6renine Mersin B\u00fcy\u00fck\u015fehir Belediyesi Meclis \u00dcyesi ve \u0130mar \u0130n\u015faat A.\u015e. Genel M\u00fcd\u00fcr\u00fc Ali Uyan, Meclis \u00fcyeleri \u00dcnzile Kuru ile Ali Bolta\u00e7, Tarsus Belediyesi Meclis \u00fcyesi Ali Erhan Okyay, CHP \u0130l\u00e7e Ba\u015fkan\u0131 Ozan Varal, Tar\u0131msal Hizmetler, E\u011fitim ve Kooperatifler \u015eube M\u00fcd\u00fcrl\u00fc\u011f\u00fc Sel\u00e7uk \u015eahuto\u011flu, Tarsus Koordinasyon \u015eube M\u00fcd\u00fcr\u00fc Soner Yetgin, muhtarlar ve \u00fcreticiler kat\u0131ld\u0131.<\/p>\n<p>&#8220;Bu kentte tar\u0131m\u0131n durmas\u0131 m\u00fcmk\u00fcn de\u011fildir&#8221;<\/p>\n<p>Tar\u0131msal Hizmetler, E\u011fitim ve Kooperatifler \u015eube M\u00fcd\u00fcrl\u00fc\u011f\u00fc Sel\u00e7uk \u015eahuto\u011flu, Mersin&#8217;in T\u00fcrkiye&#8217;nin en de\u011ferli tar\u0131m kentlerinden biri oldu\u011funu belirterek, &#8220;S\u0131f\u0131r rak\u0131mdan 3 bin rak\u0131ma kadar 86 \u00fcr\u00fcn\u00fcn yeti\u015fti\u011fi bir kentte ya\u015f\u0131yoruz. Bu kentte tar\u0131m\u0131n durmas\u0131 m\u00fcmk\u00fcn de\u011fil. 86 \u00e7e\u015fit \u00fcr\u00fcn\u00fcn i\u00e7erisinde bunlardan 9 tanesi de \u00fclkede \u00fcretim ve yeti\u015ftiricilik anlam\u0131nda da ilk s\u0131raya yer al\u0131yor. Mersin B\u00fcy\u00fck\u015fehir Belediyesi olarak, Ba\u015fkan\u0131m\u0131z\u0131n \u00f6nc\u00fcl\u00fc\u011f\u00fcnde biz de tar\u0131m\u0131n \u00f6nemini, k\u00fc\u00e7\u00fck \u00f6l\u00e7ekli \u00fcretim yapan \u00fcreticilerimizin sorunlar\u0131n\u0131 \u00e7ok iyi biliyoruz&#8221; ifadelerini kulland\u0131.<\/p>\n<p>Muhtarlardan Ba\u015fkan Se\u00e7er&#8217;e te\u015fekk\u00fcr<\/p>\n<p>Tarsus Muhtarlar Derne\u011fi Ba\u015fkan\u0131 Turgay Benli, her y\u0131l oldu\u011fu gibi bu y\u0131l da \u00fcreticilerin tar\u0131msal desteklerden yararland\u0131klar\u0131n\u0131 belirterek, &#8220;Bu, \u00e7ift\u00e7ilerimiz i\u00e7in Vahap Ba\u015fkan\u0131m\u0131z\u0131n bize vermi\u015f oldu\u011fu s\u00f6zlerden biridir. Biz, Vahap Se\u00e7er&#8217;e derne\u011fimiz ve muhtarlar\u0131m\u0131z ad\u0131na te\u015fekk\u00fcr ediyoruz&#8221; diye konu\u015ftu.<\/p>\n<p>Tarsus-\u00c7aml\u0131yayla Muhtarlar Derne\u011fi Ba\u015fkan\u0131 Mustafa Naci G\u00fcll\u00fc, tar\u0131m\u0131n i\u00e7inden gelen bir Belediye Ba\u015fkan\u0131yla \u00e7al\u0131\u015fman\u0131n ayr\u0131cal\u0131\u011f\u0131n\u0131 ya\u015fad\u0131klar\u0131n\u0131 ifade ederek, &#8220;Se\u00e7ildi\u011fi g\u00fcnden bu yana \u00fcreticiye \u00e7e\u015fitli destekleri oldu. B\u00fcy\u00fckba\u015f, k\u00fc\u00e7\u00fckba\u015f hayvan, kaz, \u00e7e\u015fitli fidanlar ve ekipmanlar\u0131n da\u011f\u0131t\u0131m\u0131 yap\u0131ld\u0131. Bug\u00fcn de bir fark\u0131ndal\u0131k yaratarak art\u0131k k\u0131rsal kesimde, da\u011flar\u0131m\u0131zda s\u00fcrekli yeti\u015fen al\u0131c\u0131 tekrardan hayata ge\u00e7irebilmek i\u00e7in yap\u0131lan bir proje ile al\u0131\u00e7 da\u011f\u0131t\u0131m fidan\u0131 da\u011f\u0131t\u0131ld\u0131&#8221; dedi.<\/p>\n<p>B\u00fcy\u00fck\u015fehir Belediyesi Meclis \u00fcyesi Av. \u00dcnzile Kuru, \u00e7ift\u00e7ilerin \u00fcretim yaparken \u00e7ektikleri s\u0131k\u0131nt\u0131lar\u0131 dile getirerek, &#8220;Ba\u015fkan\u0131m\u0131z Say\u0131n Vahap Se\u00e7er&#8217;e g\u00f6reve geldi\u011fi g\u00fcnden itibaren t\u00fcm Mersin&#8217;de tar\u0131ma ve \u00e7ift\u00e7ilere y\u00f6nelik ve \u00f6zellikle kad\u0131nlar\u0131 \u00f6nceleyerek ger\u00e7ekle\u015ftirdi\u011fi t\u00fcm projeler i\u00e7in te\u015fekk\u00fcr ediyoruz&#8221; diye konu\u015ftu.<\/p>\n<p>&#8220;Bu \u00e7ok iyi bir destek&#8221;<\/p>\n<p>Projeye kat\u0131larak al\u0131\u00e7 fidan\u0131 alan \u00fcretici kad\u0131nlardan Hay\u0131rl\u0131 Erat, &#8220;Bu \u00e7ok iyi bir destek. Fide, fidan bulmak \u00e7ok zor. D\u0131\u015far\u0131dan alacak olsak \u00e7ok pahal\u0131. Kendin \u00fcretmeye kalksan onu da beceremiyoruz. Onun i\u00e7in \u00e7ok memnun oluyoruz b\u00f6yle desteklerden dolay\u0131&#8221; ifadeleri kulland\u0131.<\/p>\n<p>Al\u0131\u00e7 fidan\u0131 alan \u00fcreticilerden Danyal Yap\u0131c\u0131, &#8220;Say\u0131n Ba\u015fkan\u0131ma \u00e7ift\u00e7iye verdi\u011fi katk\u0131lar\u0131ndan dolay\u0131 \u00e7ok te\u015fekk\u00fcr ediyoruz&#8221; dedi.<\/p>\n","protected":false},"excerpt":{"rendered":"<p>Mersin B\u00fcy\u00fck\u015fehir Belediyesi, tar\u0131mda alternatif \u00fcr\u00fcn olu\u015fturulmas\u0131 i\u00e7in \u00fcreticilere fide ve fidan deste\u011fini s\u00fcrd\u00fcr\u00fcyor. B\u00fcy\u00fck\u015fehir Belediyesi Tar\u0131msal ve Veteriner Hizmetleri Dairesi taraf\u0131ndan y\u00fcr\u00fct\u00fclen \u00e7al\u0131\u015fma kapsam\u0131nda Tarsus ve \u00c7aml\u0131yayla&#8217;daki \u00fcreticilere de &hellip; <a href=\"https:\/\/akdenizolaygazetesi.com\/?p=18342\" class=\"more-link\">Devam\u0131n\u0131 Oku&#8230;<\/a><\/p>\n","protected":false},"author":2,"featured_media":18343,"comment_status":"open","ping_status":"open","sticky":false,"template":"","format":"standard","meta":[],"categories":[1,2,3],"tags":[],"_links":{"self":[{"href":"https:\/\/akdenizolaygazetesi.com\/index.php?rest_route=\/wp\/v2\/posts\/18342"}],"collection":[{"href":"https:\/\/akdenizolaygazetesi.com\/index.php?rest_route=\/wp\/v2\/posts"}],"about":[{"href":"https:\/\/akdenizolaygazetesi.com\/index.php?rest_route=\/wp\/v2\/types\/post"}],"author":[{"embeddable":true,"href":"https:\/\/akdenizolaygazetesi.com\/index.php?rest_route=\/wp\/v2\/users\/2"}],"replies":[{"embeddable":true,"href":"https:\/\/akdenizolaygazetesi.com\/index.php?rest_route=%2Fwp%2Fv2%2Fcomments&post=18342"}],"version-history":[{"count":1,"href":"https:\/\/akdenizolaygazetesi.com\/index.php?rest_route=\/wp\/v2\/posts\/18342\/revisions"}],"predecessor-version":[{"id":18344,"href":"https:\/\/akdenizolaygazetesi.com\/index.php?rest_route=\/wp\/v2\/posts\/18342\/revisions\/18344"}],"wp:featuredmedia":[{"embeddable":true,"href":"https:\/\/akdenizolaygazetesi.com\/index.php?rest_route=\/wp\/v2\/media\/18343"}],"wp:attachment":[{"href":"https:\/\/akdenizolaygazetesi.com\/index.php?rest_route=%2Fwp%2Fv2%2Fmedia&parent=18342"}],"wp:term":[{"taxonomy":"category","embeddable":true,"href":"https:\/\/akdenizolaygazetesi.com\/index.php?rest_route=%2Fwp%2Fv2%2Fcategories&post=18342"},{"taxonomy":"post_tag","embeddable":true,"href":"https:\/\/akdenizolaygazetesi.com\/index.php?rest_route=%2Fwp%2Fv2%2Ftags&post=18342"}],"curies":[{"name":"wp","href":"https:\/\/api.w.org\/{rel}","templated":true}]}}