{"id":1835,"date":"2020-11-04T18:22:23","date_gmt":"2020-11-04T15:22:23","guid":{"rendered":"http:\/\/mersinekonomipolitikagazetesi.com\/?p=1835"},"modified":"2020-11-04T18:22:23","modified_gmt":"2020-11-04T15:22:23","slug":"mersinde-deliceler-asilanarak-ulke-ekonomisine-kazandiriliyor","status":"publish","type":"post","link":"https:\/\/akdenizolaygazetesi.com\/?p=1835","title":{"rendered":"Mersin\u2019de deliceler a\u015f\u0131lanarak \u00fclke ekonomisine kazand\u0131r\u0131l\u0131yor"},"content":{"rendered":"<p>Mersin Orman B\u00f6lge M\u00fcd\u00fcrl\u00fc\u011f\u00fc (OBM) 2015 y\u0131l\u0131nda uygulamaya konulan Yabani Zeytin Rehabilitasyonu Projesi kapsam\u0131nda, 2018 y\u0131l\u0131 program\u0131nda yer alan 105 bin 600 adet yabani zeytin (delice) a\u015f\u0131lama \u00e7al\u0131\u015fmalar\u0131n\u0131n ba\u015flad\u0131\u011f\u0131n\u0131 bildirdi.<\/p>\n<p><span style=\"font-family: sans-serif; font-size: 14px; line-height: 20px; text-align: justify; background-color: rgb(242, 244, 245);\">Mersin Orman B\u00f6lge M\u00fcd\u00fcrl\u00fc\u011f\u00fc 2015 y\u0131l\u0131nda uygulamaya konulan Yabani Zeytin Rehabilitasyonu Projesi kapsam\u0131nda, makilik alanlarda bulunan yabani zeytinleri a\u015f\u0131layarak \u00fclke ekonomisine kazand\u0131rmaya devam ediyor. Bu kapsamda, 2017 y\u0131l\u0131nda 258 bin adet delice a\u015f\u0131lamas\u0131 ve 19 bin 116 adet zeytin fidan\u0131 dikimi yapan Orman B\u00f6lge M\u00fcd\u00fcrl\u00fc\u011f\u00fcne ba\u011fl\u0131 ekipler, 2018 y\u0131l\u0131 program\u0131nda yer alan 105 bin 600 delice a\u015f\u0131lama \u00e7al\u0131\u015fmalar\u0131na da ba\u015flad\u0131.\u00a0<\/span><br style=\"box-sizing: border-box; font-family: sans-serif; font-size: 14px; line-height: 20px; text-align: justify; background-color: rgb(242, 244, 245);\" \/><br \/>\n<span style=\"font-family: sans-serif; font-size: 14px; line-height: 20px; text-align: justify; background-color: rgb(242, 244, 245);\">Konuyla ilgili a\u00e7\u0131klama yapan Mersin Orman B\u00f6lge M\u00fcd\u00fcr\u00fc Mahmut Y\u0131lmaz, &#8220;Yabani Zeytin A\u015f\u0131lamas\u0131 Eylem Plan\u0131 kapsam\u0131nda Erdemli \u0130l\u00e7esi, K\u00f6sbuca\u011f\u0131 Mahallesinde y\u00f6renin ekolojik ko\u015fullar\u0131na uygun a\u015f\u0131l\u0131 zeytin a\u011fa\u00e7lar\u0131ndan al\u0131nan kalemleri yabani zeytinlere uygulayarak a\u015f\u0131l\u0131yoruz. 2017 y\u0131l\u0131 i\u00e7erisinde yap\u0131lan a\u015f\u0131lama i\u015flemlerinde ise y\u00fczde 95 oran\u0131nda ba\u015far\u0131 sa\u011flad\u0131k. Bu eylem plan\u0131 \u2018Devlet Ormanc\u0131l\u0131\u011f\u0131ndan Millet Ormanc\u0131l\u0131\u011f\u0131na\u2019 ge\u00e7i\u015fte \u00f6nemli bir \u00e7al\u0131\u015fma olup, at\u0131l durumda bulunan delicelerin a\u015f\u0131lanarak elde edilecek \u00fcr\u00fcnlerle, y\u00f6re insan\u0131n\u0131n aile b\u00fct\u00e7esine dolay\u0131s\u0131yla da \u00fclke ekonomisine katk\u0131 sa\u011flamak ama\u00e7lanm\u0131\u015ft\u0131r&#8221; dedi.\u00a0<\/span><br style=\"box-sizing: border-box; font-family: sans-serif; font-size: 14px; line-height: 20px; text-align: justify; background-color: rgb(242, 244, 245);\" \/><br \/>\n<span style=\"font-family: sans-serif; font-size: 14px; line-height: 20px; text-align: justify; background-color: rgb(242, 244, 245);\">Bu \u00e7al\u0131\u015fmayla ama\u00e7lar\u0131n\u0131n \u00fclke ekonomisine ve orman k\u00f6yl\u00fcs\u00fcne katk\u0131 sa\u011flamak oldu\u011funu belirten Y\u0131lmaz, &#8220;Uzman bir ekip taraf\u0131ndan a\u015f\u0131lanan yabani zeytinlerin bak\u0131m\u0131 da 3 y\u0131l s\u00fcre ile orman te\u015fkilat\u0131 taraf\u0131ndan yap\u0131lmaktad\u0131r. Daha sonra bu zeytinler talep edenler aras\u0131ndan \u00e7ekilen kura ile orman k\u00f6yl\u00fclerine sertifikal\u0131 olarak da\u011f\u0131t\u0131lmaktad\u0131r. Gelir getirici t\u00fcrler kapsam\u0131nda bug\u00fcne kadar bin 478 haneye 238 bin 589 adet ceviz, badem, harnup, delice gibi t\u00fcrlerin da\u011f\u0131t\u0131m\u0131 yap\u0131larak sertifikalar\u0131 verildi. Yap\u0131lan bu \u00e7al\u0131\u015fmayla y\u00f6re ekonomisine verilen bu destekten k\u00f6yl\u00fclerin olduk\u00e7a memnun olduklar\u0131 g\u00f6r\u00fcyoruz. Bu \u00e7al\u0131\u015fmalar neticesinde hedefimiz milli ekonomiye kazan\u00e7 sa\u011flamak, mahalle ve k\u00f6ylerimizin k\u0131rsal kalk\u0131nmas\u0131nda lokomotif olmakt\u0131r.Ayr\u0131ca bu a\u015f\u0131lama \u00e7al\u0131\u015fmalar\u0131 \u00e7er\u00e7evesinde 2017 y\u0131l\u0131nda Kuzey K\u0131br\u0131s T\u00fcrk Cumhuriyeti\u2019ne Erdemli il\u00e7esinden 5 ki\u015filik uzman bir a\u015f\u0131 ekibi g\u00f6nderildi ve 3 bin adet delice a\u015f\u0131lanarak hedeflere ula\u015f\u0131ld\u0131&#8221; ifadelerini kulland\u0131.\u00a0<\/span><br style=\"box-sizing: border-box; font-family: sans-serif; font-size: 14px; line-height: 20px; text-align: justify; background-color: rgb(242, 244, 245);\" \/><br \/>\n<span style=\"font-family: sans-serif; font-size: 14px; line-height: 20px; text-align: justify; background-color: rgb(242, 244, 245);\">Ayr\u0131ca Erdemli il\u00e7esinde bulunan K\u00f6sbuca\u011f\u0131 K\u00f6y\u00fcnde \u00f6nceki y\u0131llarda yap\u0131lan delice a\u015f\u0131lamalar\u0131na ait, 62 hane sahibine sertifikalar, d\u00fczenlenen t\u00f6renle verildi.\u00a0<\/span><\/p>\n","protected":false},"excerpt":{"rendered":"<p>Mersin Orman B\u00f6lge M\u00fcd\u00fcrl\u00fc\u011f\u00fc (OBM) 2015 y\u0131l\u0131nda uygulamaya konulan Yabani Zeytin Rehabilitasyonu Projesi kapsam\u0131nda, 2018 y\u0131l\u0131 program\u0131nda yer alan 105 bin 600 adet yabani zeytin (delice) a\u015f\u0131lama \u00e7al\u0131\u015fmalar\u0131n\u0131n ba\u015flad\u0131\u011f\u0131n\u0131 bildirdi. &hellip; <a href=\"https:\/\/akdenizolaygazetesi.com\/?p=1835\" class=\"more-link\">Devam\u0131n\u0131 Oku&#8230;<\/a><\/p>\n","protected":false},"author":1,"featured_media":0,"comment_status":"open","ping_status":"open","sticky":false,"template":"","format":"standard","meta":[],"categories":[],"tags":[],"_links":{"self":[{"href":"https:\/\/akdenizolaygazetesi.com\/index.php?rest_route=\/wp\/v2\/posts\/1835"}],"collection":[{"href":"https:\/\/akdenizolaygazetesi.com\/index.php?rest_route=\/wp\/v2\/posts"}],"about":[{"href":"https:\/\/akdenizolaygazetesi.com\/index.php?rest_route=\/wp\/v2\/types\/post"}],"author":[{"embeddable":true,"href":"https:\/\/akdenizolaygazetesi.com\/index.php?rest_route=\/wp\/v2\/users\/1"}],"replies":[{"embeddable":true,"href":"https:\/\/akdenizolaygazetesi.com\/index.php?rest_route=%2Fwp%2Fv2%2Fcomments&post=1835"}],"version-history":[{"count":0,"href":"https:\/\/akdenizolaygazetesi.com\/index.php?rest_route=\/wp\/v2\/posts\/1835\/revisions"}],"wp:attachment":[{"href":"https:\/\/akdenizolaygazetesi.com\/index.php?rest_route=%2Fwp%2Fv2%2Fmedia&parent=1835"}],"wp:term":[{"taxonomy":"category","embeddable":true,"href":"https:\/\/akdenizolaygazetesi.com\/index.php?rest_route=%2Fwp%2Fv2%2Fcategories&post=1835"},{"taxonomy":"post_tag","embeddable":true,"href":"https:\/\/akdenizolaygazetesi.com\/index.php?rest_route=%2Fwp%2Fv2%2Ftags&post=1835"}],"curies":[{"name":"wp","href":"https:\/\/api.w.org\/{rel}","templated":true}]}}