{"id":18359,"date":"2022-04-29T16:37:57","date_gmt":"2022-04-29T13:37:57","guid":{"rendered":"http:\/\/akdenizolaygazetesi.com\/?p=18359"},"modified":"2022-04-29T16:37:57","modified_gmt":"2022-04-29T13:37:57","slug":"akkuyu-nukleer-a-s-ramazan-bayrami-arifesinde-gulnar-silifke-ve-aydincik-sakinlerini-unutmadi","status":"publish","type":"post","link":"https:\/\/akdenizolaygazetesi.com\/?p=18359","title":{"rendered":"AKKUYU N\u00dcKLEER A.\u015e, RAMAZAN BAYRAMI AR\u0130FES\u0130NDE G\u00dcLNAR, S\u0130L\u0130FKE VE AYDINCIK SAK\u0130NLER\u0130N\u0130 UNUTMADI"},"content":{"rendered":"<p>AKKUYU N\u00dcKLEER A.\u015e, bu bayram \u00f6ncesinde de G\u00fclnar, Silifke ve Ayd\u0131nc\u0131k sakinlerini unutmad\u0131. \u015eirket, Ramazan Bayram\u0131 arifesinde Akkuyu N\u00fckleer G\u00fc\u00e7 Santrali\u2019nin (NGS) in\u015fa edildi\u011fi b\u00f6lgedeki ailelere bin 400 adet g\u0131da kolisi da\u011f\u0131tt\u0131.<br \/>\nKonuya ili\u015fkin olarak a\u00e7\u0131klama yapan AKKUYU N\u00dcKLEER A.\u015e Genel M\u00fcd\u00fcr\u00fc Anastasia Zoteeva, \u015funlar\u0131 s\u00f6yledi: \u201cAKKUYU N\u00dcKLEER A.\u015e. olarak herkesin Ramazan Bayram\u0131\u2019n\u0131 kutluyoruz. \u015eirket olarak sosyal sorumlulu\u011fa b\u00fcy\u00fck bir \u00f6nem veriyoruz. Projemiz Mersin ilinde altyap\u0131n\u0131n geli\u015fmesine, otel ve restoran i\u015fletmecili\u011finin b\u00fcy\u00fcmesine, konut in\u015faat h\u0131z\u0131n\u0131n artmas\u0131na ve di\u011fer alanlardaki geli\u015fmelere \u00f6nemli katk\u0131 sa\u011flamaktad\u0131r. Burada ya\u015fayan halk\u0131n ya\u015fam\u0131nda aktif rol al\u0131yoruz ve bir dizi sosyal giri\u015fimi hayata ge\u00e7iriyoruz. Bu y\u0131l bayram vesilesiyle verdi\u011fimiz destek, sadece n\u00fckleer santral sahas\u0131n\u0131n bulundu\u011fu G\u00fclnar il\u00e7esiyle s\u0131n\u0131rl\u0131 kalmay\u0131p kom\u015fu Silifke ve Ayd\u0131nc\u0131k il\u00e7elerini de kaps\u0131yor.\u201d<br \/>\nG\u00fclnar Belediye Ba\u015fkan\u0131 Alpaslan \u00dcn\u00fcvar da a\u00e7\u0131klamas\u0131nda, \u201cRamazan, kar\u015f\u0131l\u0131kl\u0131 yard\u0131mla\u015fma ve dayan\u0131\u015fma ay\u0131d\u0131r. AKKUYU N\u00dcKLEER A.\u015e.&#8217;nin m\u00fcbarek Ramazan ay\u0131nda b\u00f6lge sakinlerini desteklemesinden \u00e7ok memnunuz. \u015eirketle yapt\u0131\u011f\u0131m\u0131z i\u015f birli\u011fi sayesinde her y\u0131l G\u00fclnar sakinlerinin bayram\u0131n\u0131 kutluyoruz\u201d dedi.<br \/>\nAyd\u0131nc\u0131k Belediye Ba\u015fkan\u0131 Ferat Aktan da konuyla ilgili olarak \u015funlar\u0131 s\u00f6yledi: \u201cAKKUYU N\u00dcKLEER A.\u015e.&#8217;nin il\u00e7e sakinlerine sahip \u00e7\u0131kmas\u0131ndan memnunuz. Ramazan Bayram\u0131 arifesinde g\u0131da kolilerinin \u00f6nemli bir destek sa\u011flayaca\u011f\u0131ndan eminim.\u201d<br \/>\nSilifke Belediye Ba\u015fkan\u0131 Sad\u0131k Altunok ise, \u201c\u0130l\u00e7e sakinlerine g\u0131da kolilerinin da\u011f\u0131t\u0131lmas\u0131 sadece sosyal sorumluluk de\u011fil, geleneksel de\u011ferlerimiz olan merhamet ve yak\u0131nlar\u0131m\u0131za de\u011fer vermenin de g\u00f6stergesidir. AKKUYU N\u00dcKLEER&#8217; A.\u015e\u2019nin b\u00f6lgenin sosyal ya\u015fam\u0131nda aktif olarak yer almas\u0131 ve Ramazan Bayram\u0131 arifesinde vatanda\u015flar\u0131m\u0131za destek olmas\u0131 bizler i\u00e7in \u00e7ok de\u011ferli\u201d diye konu\u015ftu.<br \/>\nG\u0131da kolilerinin b\u00f6lge sakinlerine ula\u015ft\u0131r\u0131lmas\u0131 i\u015flemini G\u00fclnar, Ayd\u0131nc\u0131k ve Silifke belediyeleri organize ediyor.<\/p>\n","protected":false},"excerpt":{"rendered":"<p>AKKUYU N\u00dcKLEER A.\u015e, bu bayram \u00f6ncesinde de G\u00fclnar, Silifke ve Ayd\u0131nc\u0131k sakinlerini unutmad\u0131. \u015eirket, Ramazan Bayram\u0131 arifesinde Akkuyu N\u00fckleer G\u00fc\u00e7 Santrali\u2019nin (NGS) in\u015fa edildi\u011fi b\u00f6lgedeki ailelere bin 400 adet g\u0131da &hellip; <a href=\"https:\/\/akdenizolaygazetesi.com\/?p=18359\" class=\"more-link\">Devam\u0131n\u0131 Oku&#8230;<\/a><\/p>\n","protected":false},"author":2,"featured_media":18360,"comment_status":"open","ping_status":"open","sticky":false,"template":"","format":"standard","meta":[],"categories":[3,11],"tags":[],"_links":{"self":[{"href":"https:\/\/akdenizolaygazetesi.com\/index.php?rest_route=\/wp\/v2\/posts\/18359"}],"collection":[{"href":"https:\/\/akdenizolaygazetesi.com\/index.php?rest_route=\/wp\/v2\/posts"}],"about":[{"href":"https:\/\/akdenizolaygazetesi.com\/index.php?rest_route=\/wp\/v2\/types\/post"}],"author":[{"embeddable":true,"href":"https:\/\/akdenizolaygazetesi.com\/index.php?rest_route=\/wp\/v2\/users\/2"}],"replies":[{"embeddable":true,"href":"https:\/\/akdenizolaygazetesi.com\/index.php?rest_route=%2Fwp%2Fv2%2Fcomments&post=18359"}],"version-history":[{"count":1,"href":"https:\/\/akdenizolaygazetesi.com\/index.php?rest_route=\/wp\/v2\/posts\/18359\/revisions"}],"predecessor-version":[{"id":18361,"href":"https:\/\/akdenizolaygazetesi.com\/index.php?rest_route=\/wp\/v2\/posts\/18359\/revisions\/18361"}],"wp:featuredmedia":[{"embeddable":true,"href":"https:\/\/akdenizolaygazetesi.com\/index.php?rest_route=\/wp\/v2\/media\/18360"}],"wp:attachment":[{"href":"https:\/\/akdenizolaygazetesi.com\/index.php?rest_route=%2Fwp%2Fv2%2Fmedia&parent=18359"}],"wp:term":[{"taxonomy":"category","embeddable":true,"href":"https:\/\/akdenizolaygazetesi.com\/index.php?rest_route=%2Fwp%2Fv2%2Fcategories&post=18359"},{"taxonomy":"post_tag","embeddable":true,"href":"https:\/\/akdenizolaygazetesi.com\/index.php?rest_route=%2Fwp%2Fv2%2Ftags&post=18359"}],"curies":[{"name":"wp","href":"https:\/\/api.w.org\/{rel}","templated":true}]}}