{"id":1836,"date":"2020-11-04T18:22:23","date_gmt":"2020-11-04T15:22:23","guid":{"rendered":"http:\/\/mersinekonomipolitikagazetesi.com\/?p=1836"},"modified":"2020-11-04T18:22:23","modified_gmt":"2020-11-04T15:22:23","slug":"toroslar-belediyesi-1-ulusal-kisa-film-yarismasinin-odulleri-sahiplerini-buldu","status":"publish","type":"post","link":"https:\/\/akdenizolaygazetesi.com\/?p=1836","title":{"rendered":"TOROSLAR BELED\u0130YES\u0130 1.ULUSAL KISA F\u0130LM YARI\u015eMASININ \u00d6D\u00dcLLER\u0130, SAH\u0130PLER\u0130N\u0130 BULDU"},"content":{"rendered":"<p>Toroslar Belediyesi\u2019nin bu y\u0131l ilk kez organize etti\u011fi \u00c7ocuk Haklar\u0131 temal\u0131 \u20181. Ulusal K\u0131sa Film Yar\u0131\u015fmas\u0131\u2019n\u0131n\u2019 \u00f6d\u00fclleri, Yunus Emre K\u00fclt\u00fcr Merkezi\u2019nde d\u00fczenlenen final gecesinde sahiplerini buldu.<\/p>\n<blockquote style=\"color: rgb(80, 0, 80); font-family: arial, sans-serif; font-size: 12.8px; font-style: normal; line-height: normal;\" type=\"cite\">\n<div dir=\"ltr\">\n<div class=\"gmail_quote\">\n<div dir=\"ltr\">\n<p class=\"m_-5477867966037107460m_8236449643181479615gmail-MsoSubtitle\" style=\"margin: 0cm 0cm 0.0001pt; text-indent: 36pt; font-size: 12pt; font-family: Cambria, serif;\"><span style=\"font-size:16px;\"><span style=\"font-family: 'Times New Roman', serif;\">23 Nisan Ulusal Egemenlik ve \u00c7ocuk Bayram\u0131 etkinlikleri kapsam\u0131nda, \u00e7ocuk haklar\u0131na sanat arac\u0131l\u0131\u011f\u0131yla fark\u0131ndal\u0131k yaratmak istenilen yar\u0131\u015fmaya ba\u015fvuran 74 filmden, finale kalan 10 film aras\u0131ndan \u00f6d\u00fcle hak kazananlara \u00f6d\u00fclleri; akademisyen, y\u00f6netmen ve sanat\u00e7\u0131lardan olu\u015fan j\u00fcri \u00fcyelerinin kat\u0131l\u0131m\u0131yla a\u00e7\u0131kland\u0131.<\/span><\/span><\/p>\n<p class=\"m_-5477867966037107460m_8236449643181479615gmail-MsoSubtitle\" style=\"margin: 0cm 0cm 0.0001pt; font-size: 12pt; font-family: Cambria, serif;\"><span style=\"font-size:16px;\"><span style=\"font-family: 'Times New Roman', serif;\">\u00a0\u00a0\u00a0\u00a0\u00a0\u00a0\u00a0\u00a0\u00a0\u00a0\u00a0\u00a0Filmlerin de\u011ferlendirilmesi j\u00fcri \u00fcyeleri taraf\u0131ndan titizlikle yap\u0131l\u0131rken, derece giren filmlerin birincisine 5 bin TL, ikincisine 3 bin TL, \u00fc\u00e7\u00fcnc\u00fcs\u00fcne bin TL para \u00f6d\u00fcl\u00fc ve ayr\u0131ca 500 TL\u2019lik 2 adet de mansiyon \u00f6d\u00fcl\u00fc takdim edildi.<\/span><\/span><\/p>\n<p class=\"m_-5477867966037107460m_8236449643181479615gmail-MsoSubtitle\" style=\"margin: 0cm 0cm 0.0001pt; text-indent: 36pt; font-size: 12pt; font-family: Cambria, serif;\"><span style=\"font-size:16px;\"><span style=\"font-family: 'Times New Roman', serif;\">\u00d6d\u00fcl t\u00f6renine; Toroslar Belediye Ba\u015fkan\u0131 Hamit Tuna, Mersin Baro Ba\u015fkan\u0131 Ali Er, Mersin Ticaret ve Sanayi Odas\u0131 (MTSO) Meclis Ba\u015fkan\u0131 Hamit \u0130zol, Belediye Meclis \u00dcyeleri, j\u00fcri \u00fcyeleri; Akademisyen Prof. Dr. Mutlu Parkan, Y\u00f6netmen Feride Kaytan, dizi ve sinema oyuncular\u0131 A\u00e7elya Topalo\u011flu ile Yonca Cevher, Mersin Barosu \u00c7ocuk Haklar\u0131 Merkezi Ba\u015fkan\u0131 Av. Ru\u015fen Ay\u015fen Ay\u0131lgan ile yar\u0131\u015fmac\u0131lar ve sanatseverler kat\u0131ld\u0131.<\/span><\/span><\/p>\n<p class=\"m_-5477867966037107460m_8236449643181479615gmail-MsoSubtitle\" style=\"margin: 0cm 0cm 0.0001pt; font-size: 12pt; font-family: Cambria, serif;\"><span style=\"font-size:16px;\"><span style=\"font-family: 'Times New Roman', serif;\">\u00a0\u00a0\u00a0\u00a0\u00a0\u00a0\u00a0\u00a0\u00a0\u00a0\u00a0\u00a0Sayg\u0131 Duru\u015fu ve \u0130stiklal Mar\u015f\u0131\u2019n\u0131n ard\u0131ndan ba\u015flayan \u00f6d\u00fcl t\u00f6reni \u00f6ncesinde bir konu\u015fma yapan Toroslar Belediye Ba\u015fkan\u0131 Hamit Tuna, bu y\u0131l ilkini d\u00fczenledikleri Ulusal K\u0131sa Film Yar\u0131\u015fmas\u0131n\u0131, Uluslararas\u0131 d\u00fczeye ta\u015f\u0131may\u0131 ama\u00e7lad\u0131klar\u0131n\u0131 belirterek, yar\u0131\u015fmaya kat\u0131l\u0131m\u0131n fazla olmas\u0131ndan dolay\u0131 da b\u00fcy\u00fck mutluluk duyduklar\u0131n\u0131 belirtti.<\/span><\/span><\/p>\n<p class=\"m_-5477867966037107460m_8236449643181479615gmail-MsoSubtitle\" style=\"margin: 0cm 0cm 0.0001pt; text-indent: 36pt; font-size: 12pt; font-family: Cambria, serif;\"><span style=\"font-size:16px;\"><span style=\"font-family: 'Times New Roman', serif;\">Akademisyen, y\u00f6netmen ve sanat\u00e7\u0131lardan olu\u015fan j\u00fcri \u00fcyelerine de yar\u0131\u015fmaya sunduklar\u0131 katk\u0131lar\u0131ndan dolay\u0131 te\u015fekk\u00fcr eden Ba\u015fkan Tuna, bu y\u0131l \u00c7ocuk Haklar\u0131 konusunu tema ald\u0131klar\u0131 yar\u0131\u015fman\u0131n \u00c7ocuk istismar\u0131na kar\u015f\u0131 toplumun bilin\u00e7lendirilmesi, ailelerin uyar\u0131lmas\u0131 ve \u00f6zellikle \u00e7ocuklar\u0131n haklar\u0131n\u0131n korunmas\u0131 noktas\u0131nda bir\u00a0\u00a0fark\u0131ndal\u0131k olu\u015fturaca\u011f\u0131na inand\u0131klar\u0131n\u0131 belirterek; \u201cDini, dili \u0131rk\u0131 ne olursa olsun b\u00fct\u00fcn \u00e7ocuklar\u0131m\u0131z\u0131n hepsi e\u015fit.Onlar\u0131n haklar\u0131n\u0131 gasp etmeye y\u00f6nelik i\u015f ve i\u015flem i\u00e7erisinde olanlar\u0131n tamam\u0131na kar\u015f\u0131y\u0131z ve bu anlamda y\u00fcre\u011fimiz tek ve \u00e7ocuklar\u0131m\u0131z i\u00e7in at\u0131yor\u201d dedi.<\/span><\/span><\/p>\n<p class=\"m_-5477867966037107460m_8236449643181479615gmail-MsoSubtitle\" style=\"margin: 0cm 0cm 0.0001pt; font-size: 12pt; font-family: Cambria, serif;\"><span style=\"font-size:16px;\"><span style=\"font-family: 'Times New Roman', serif;\">\u00a0\u00a0\u00a0\u00a0\u00a0\u00a0\u00a0\u00a0\u00a0\u00a0\u00a0\u00a0TBMM\u2019nin kurulu\u015funun 98\u2019inci y\u0131ld\u00f6n\u00fcm\u00fcn\u00fc ve 23 Nisan Ulusal Egemenlik ve \u00c7ocuk Bayram\u0131\u2019n\u0131 kutlayan Belediye Ba\u015fkan\u0131 Hamit Tuna; \u201c\u00c7ocuk Haklar\u0131 s\u00f6zle\u015fmesi 1989 y\u0131l\u0131nda ilk defa d\u00fcnyada yap\u0131ld\u0131. 1990 y\u0131l\u0131nda T\u00fcrkiye Cumhuriyeti bu \u00f6zellikli \u00e7ocuk haklar\u0131 s\u00f6zle\u015fmesine kat\u0131ld\u0131.20 Kas\u0131m g\u00fcnleri de \u00dclkemizde \u00c7ocuk Haklar\u0131 g\u00fcn\u00fc olarak kutlanmaktad\u0131r.Ama son zamanlarda bas\u0131n yoluyla \u00e7ocuklar\u0131m\u0131za yap\u0131lan eziyetleri ve haklar\u0131n\u0131n gasp edildi\u011fini g\u00f6r\u00fcyoruz. Ve \u00e7ok \u00fcz\u00fcl\u00fcyoruz. \u00c7ocuk Haklar\u0131 konusunda bir fark\u0131ndal\u0131k olu\u015fturmak amac\u0131yla bu y\u0131l ki k\u0131sa film yar\u0131\u015fmam\u0131z\u0131n konusunu\u00a0\u00a0\u00e7ocuk haklar\u0131 olarak ele ald\u0131k. B\u00f6lgemizdeki \u00e7ocuklar\u0131m\u0131z\u0131 da \u00e7ok \u00f6nemsiyoruz. Her y\u0131l 6 bin \u00e7ocu\u011fumuza y\u00fczme kurslar\u0131m\u0131zda ve yaz spor okullar\u0131m\u0131zda e\u011fitim veriyoruz. \u0130l\u00e7emizi 21\u2019inci y\u00fczy\u0131l \u015fartlar\u0131na uygun hale getirdi\u011fimiz tesislerimizde bu t\u00fcr etkinliklerin olmas\u0131 i\u00e7in b\u00fcy\u00fck \u00e7aba veriyoruz ve bu etkinliklerimizle bir\u00e7ok insan\u0131m\u0131za ula\u015f\u0131yoruz. K\u0131sa film yar\u0131\u015fmam\u0131z\u0131n j\u00fcri \u00fcyeleri; sanat\u00e7\u0131lar\u0131m\u0131z, y\u00f6netmenimiz ve hocalar\u0131m\u0131z buraya gelerek bizi, Toroslar\u0131m\u0131z\u0131 ve Mersinimizi \u015fereflendirdiler. Kendilerine te\u015fekk\u00fcr ediyoruz. K\u0131sa film yar\u0131\u015fmam\u0131z ayn\u0131 zamanda bu i\u015fe sevdas\u0131 ve ilgisi olan gen\u00e7 yeteneklerimizin \u00f6n\u00fcn\u00fc a\u00e7mak ve tecr\u00fcbe edinmeleri i\u00e7in de \u00f6nemli katk\u0131s\u0131n\u0131n oldu\u011funu d\u00fc\u015f\u00fcn\u00fcyoruz. Toroslar Belediyesi olarak sanata ve sanat\u00e7\u0131ya olan katk\u0131lar\u0131m\u0131z artarak devam edecektir. Bir milletin gelece\u011fe umutla bakabilmesinin tek yolu \u00e7ocuklar\u0131n\u0131 ve gen\u00e7lerini iyi yeti\u015ftirmekten ge\u00e7er. Beyni bilgi ile dolu, sporcu kimlikleriyle \u00f6ne \u00e7\u0131kan ve bu milletin ortak paydas\u0131n\u0131 payla\u015fan \u00e7ocuklar yeti\u015ftirmek istiyoruz. Hedefimiz de bu. Yar\u0131\u015fmam\u0131z\u0131n hay\u0131rl\u0131 olmas\u0131n\u0131 diliyorum. Bu duygu ve d\u00fc\u015f\u00fcncelerle; ba\u015fta Ulu \u00d6nderimiz Mustafa Kemal Atat\u00fcrk olmak \u00fczere t\u00fcm \u015fehitlerimizi, gazilerimizi rahmet, minnet ve \u015f\u00fckranla an\u0131yorum\u201d dedi.<\/span><\/span><\/p>\n<p class=\"m_-5477867966037107460m_8236449643181479615gmail-MsoSubtitle\" style=\"margin: 0cm 0cm 0.0001pt; font-size: 12pt; font-family: Cambria, serif;\"><span style=\"font-size:16px;\"><span style=\"font-family: 'Times New Roman', serif;\">\u00a0\u00a0\u00a0\u00a0\u00a0\u00a0\u00a0\u00a0\u00a0\u00a0\u00a0\u00a0Daha sonra Mersin \u00dcniversitesi Devlet Konservatuar\u0131 \u00c7ocuk korosu sahneye \u00e7\u0131karak, seslendirdikleri \u015fark\u0131larla kat\u0131l\u0131mc\u0131lara keyifli anlar ya\u015fatt\u0131. \u00c7ocuk\u00a0\u00a0korosunun\u00a0\u00a0ard\u0131ndan \u00f6d\u00fcl t\u00f6renine ge\u00e7ildi. T\u00f6rende dereceye girenler filmler s\u0131ras\u0131yla a\u00e7\u0131kland\u0131.74 film aras\u0131ndan mansiyon \u00f6d\u00fcl\u00fcn\u00fc almaya hak kazanan; y\u00f6netmenli\u011fini Sedat Benek\u2019in yapt\u0131\u011f\u0131 \u2018\u015eakha\u2019 ve y\u00f6netmenli\u011fini Turan Kubulay\u2019\u0131n yapt\u0131\u011f\u0131 \u2018Saksak\u2019oldu.<\/span><\/span><\/p>\n<p class=\"m_-5477867966037107460m_8236449643181479615gmail-MsoSubtitle\" style=\"margin: 0cm 0cm 0.0001pt; font-size: 12pt; font-family: Cambria, serif;\"><span style=\"font-size:16px;\"><span style=\"font-family: 'Times New Roman', serif;\">\u00a0\u00a0\u00a0\u00a0\u00a0\u00a0\u00a0\u00a0\u00a0\u00a0\u00a0\u00a0Yar\u0131\u015fman\u0131n \u00fc\u00e7\u00fcnc\u00fcs\u00fc; Y\u00f6netmenli\u011fini Ahmet Mahir Kar\u2019\u0131n yapt\u0131\u011f\u0131 \u2018Teneff\u00fcs\u2019 filmi se\u00e7ilirken, ikincili\u011fi y\u00f6netmenli\u011fini \u015eeyhmus Sar\u0131ce\u2019nin yapt\u0131\u011f\u0131 \u2018K\u00fc\u00e7\u00fck Adam\u2019, birincilik \u00f6d\u00fcl\u00fcn\u00fc ise Serdar Altun\u2019un y\u00f6netmenli\u011fini yapt\u0131\u011f\u0131 \u2018Dikenli Tel\u2019 filmi ald\u0131. Dereceye giren ilk \u00fc\u00e7 film kat\u0131l\u0131mc\u0131lar\u0131n izlenimine sunuldu. Filmler, izleyicilerden b\u00fcy\u00fck alk\u0131\u015f toplad\u0131.<\/span><\/span><\/p>\n<p class=\"m_-5477867966037107460m_8236449643181479615gmail-MsoSubtitle\" style=\"margin: 0cm 0cm 0.0001pt; font-size: 12pt; font-family: Cambria, serif;\"><span style=\"font-size:16px;\"><span style=\"font-family: 'Times New Roman', serif;\">\u00a0\u00a0\u00a0\u00a0\u00a0\u00a0\u00a0\u00a0\u00a0\u00a0\u00a0\u00a0Dereceye girenlere \u00f6d\u00fclleri Toroslar Belediye Ba\u015fkan\u0131 Hamit Tuna, Mersin Baro Ba\u015fkan\u0131 Ali Er, MTSO Meclis Ba\u015fkan\u0131 Hamit \u0130zol ve j\u00fcri \u00fcyeleri taraf\u0131ndan takdim edildi.<\/span><\/span><\/p>\n<p class=\"m_-5477867966037107460m_8236449643181479615gmail-MsoSubtitle\" style=\"margin: 0cm 0cm 0.0001pt; font-size: 12pt; font-family: Cambria, serif;\"><span style=\"font-size:16px;\"><span style=\"font-family: 'Times New Roman', serif;\">\u00a0\u00a0\u00a0\u00a0\u00a0\u00a0\u00a0\u00a0\u00a0\u00a0\u00a0\u00a0Yar\u0131\u015fmada \u00f6d\u00fcl alan filmlerin y\u00f6netmenleri kendilerine b\u00f6yle bir imkan\u0131 sundu\u011fu i\u00e7in Toroslar Belediye Ba\u015fkan\u0131 Hamit Tuna\u2019ya te\u015fekk\u00fcr ederken, j\u00fcri \u00fcyeleri de \u00e7ocuk haklar\u0131n\u0131 konu alan k\u0131sa film yar\u0131\u015fmas\u0131n\u0131n \u00f6nemli bir k\u00fclt\u00fcrel etkinlik ve vizyon i\u015fi oldu\u011funu belirterek; \u201cBu yar\u0131\u015fmaya bir\u00e7ok arkada\u015f\u0131m\u0131z emek verdiler. Hepsinden de \u00e7ok etkilendik. Eme\u011fin, eserin takdir g\u00f6rmesi ve sanat\u0131n g\u00f6r\u00fcl\u00fcr k\u0131l\u0131nmas\u0131 \u00e7ok \u00f6nemli diye d\u00fc\u015f\u00fcn\u00fcyoruz. Bu yar\u0131\u015fma Belediye ad\u0131na ve burada ya\u015fayan insanlar ad\u0131na da \u00f6nemli bir k\u00fclt\u00fcrel organizasyondur. Toroslar Belediye Ba\u015fkan\u0131m\u0131z Say\u0131n Hamit Tuna\u2019ya ve ekibine sanata ve sanat\u00e7\u0131ya sunduklar\u0131 katk\u0131lar\u0131ndan dolay\u0131 te\u015fekk\u00fcr ediyoruz\u201d dediler.<\/span><\/span><\/p>\n<p class=\"m_-5477867966037107460m_8236449643181479615gmail-MsoSubtitle\" style=\"margin: 0cm 0cm 0.0001pt; font-size: 12pt; font-family: Cambria, serif;\"><span style=\"font-size:16px;\"><span style=\"font-family: 'Times New Roman', serif;\">\u00a0\u00a0\u00a0\u00a0\u00a0\u00a0\u00a0\u00a0\u00a0\u00a0\u00a0\u00a0Ba\u015fkan Tuna da yar\u0131\u015fmaya ba\u015fvuran 74 eseri titizlikle inceleyerek de\u011ferlendiren j\u00fcri \u00fcyelerine te\u015fekk\u00fcr plaketi ve \u00e7i\u00e7ek takdim etti. Program, hat\u0131ra foto\u011fraf\u0131 \u00e7ekimiyle sona erdi.<\/span><\/span><\/p>\n<p class=\"m_-5477867966037107460m_8236449643181479615gmail-MsoSubtitle\" style=\"margin: 0cm 0cm 0.0001pt; font-size: 12pt; font-family: Cambria, serif;\"><span style=\"font-size:16px;\"><span style=\"font-family: 'Times New Roman', serif;\">\u00a0<\/span><\/span><\/p>\n<\/div>\n<\/div>\n<\/div>\n<\/blockquote>\n","protected":false},"excerpt":{"rendered":"<p>Toroslar Belediyesi\u2019nin bu y\u0131l ilk kez organize etti\u011fi \u00c7ocuk Haklar\u0131 temal\u0131 \u20181. Ulusal K\u0131sa Film Yar\u0131\u015fmas\u0131\u2019n\u0131n\u2019 \u00f6d\u00fclleri, Yunus Emre K\u00fclt\u00fcr Merkezi\u2019nde d\u00fczenlenen final gecesinde sahiplerini buldu. 23 Nisan Ulusal Egemenlik &hellip; <a href=\"https:\/\/akdenizolaygazetesi.com\/?p=1836\" class=\"more-link\">Devam\u0131n\u0131 Oku&#8230;<\/a><\/p>\n","protected":false},"author":1,"featured_media":0,"comment_status":"open","ping_status":"open","sticky":false,"template":"","format":"standard","meta":[],"categories":[],"tags":[],"_links":{"self":[{"href":"https:\/\/akdenizolaygazetesi.com\/index.php?rest_route=\/wp\/v2\/posts\/1836"}],"collection":[{"href":"https:\/\/akdenizolaygazetesi.com\/index.php?rest_route=\/wp\/v2\/posts"}],"about":[{"href":"https:\/\/akdenizolaygazetesi.com\/index.php?rest_route=\/wp\/v2\/types\/post"}],"author":[{"embeddable":true,"href":"https:\/\/akdenizolaygazetesi.com\/index.php?rest_route=\/wp\/v2\/users\/1"}],"replies":[{"embeddable":true,"href":"https:\/\/akdenizolaygazetesi.com\/index.php?rest_route=%2Fwp%2Fv2%2Fcomments&post=1836"}],"version-history":[{"count":0,"href":"https:\/\/akdenizolaygazetesi.com\/index.php?rest_route=\/wp\/v2\/posts\/1836\/revisions"}],"wp:attachment":[{"href":"https:\/\/akdenizolaygazetesi.com\/index.php?rest_route=%2Fwp%2Fv2%2Fmedia&parent=1836"}],"wp:term":[{"taxonomy":"category","embeddable":true,"href":"https:\/\/akdenizolaygazetesi.com\/index.php?rest_route=%2Fwp%2Fv2%2Fcategories&post=1836"},{"taxonomy":"post_tag","embeddable":true,"href":"https:\/\/akdenizolaygazetesi.com\/index.php?rest_route=%2Fwp%2Fv2%2Ftags&post=1836"}],"curies":[{"name":"wp","href":"https:\/\/api.w.org\/{rel}","templated":true}]}}