{"id":18362,"date":"2022-04-29T16:39:21","date_gmt":"2022-04-29T13:39:21","guid":{"rendered":"http:\/\/akdenizolaygazetesi.com\/?p=18362"},"modified":"2022-04-29T16:39:21","modified_gmt":"2022-04-29T13:39:21","slug":"geleneksel-ramazan-aksamlarini-yasattik","status":"publish","type":"post","link":"https:\/\/akdenizolaygazetesi.com\/?p=18362","title":{"rendered":"&#8220;GELENEKSEL RAMAZAN AK\u015eAMLARINI YA\u015eATTIK&#8221;"},"content":{"rendered":"<p>Toroslar Belediye Ba\u015fkan\u0131 Ats\u0131z Af\u015f\u0131n Y\u0131lmaz, t\u00fcm hem\u015fehrilerinin ve \u0130slam aleminin Ramazan Bayram\u0131&#8217;n\u0131 kutlad\u0131.<\/p>\n<p>Ba\u015fkan Y\u0131lmaz; on bir ay\u0131n sultan\u0131 Ramazan ay\u0131n\u0131, Toroslar&#8217;da her g\u00fcn farkl\u0131 bir mahallede iftar sofralar\u0131 kurarak, geleneksel Ramazan e\u011flenceleri d\u00fczenleyerek birlik, beraberlik, karde\u015flik ve dayan\u0131\u015fma i\u00e7erisinde ge\u00e7irdiklerini s\u00f6yledi.<\/p>\n<p>&#8220;GELENEKSEL RAMAZAN AK\u015eAMLARINI YA\u015eATTIK&#8221;<\/p>\n<p>&#8220;G\u00f6n\u00fcllerimizi sevgi ve ho\u015fg\u00f6r\u00fcyle birle\u015ftiren yeni bir bayrama daha sa\u011fl\u0131k, huzur, g\u00fcven ortam\u0131 i\u00e7erisinde ula\u015fman\u0131n mutlulu\u011funu ve sevincini ya\u015f\u0131yoruz&#8221; diyen Ba\u015fkan Y\u0131lmaz; &#8220;Ramazan&#8217;\u0131n bereketini, g\u00fczelli\u011fini hep beraber ya\u015famak \u00fczere her g\u00fcn farkl\u0131 bir mahallemizde iftar sofralar\u0131m\u0131z\u0131 kurduk. Geleneksel Ramazan e\u011flencelerimizi \u00e7ocuklar\u0131m\u0131zla bulu\u015fturduk. Karag\u00f6z-Hacivat, Meddah, sihirbaz g\u00f6sterisi ve \u0130bi\u015f&#8217;e kadar bir\u00e7ok etkinli\u011fin yer ald\u0131\u011f\u0131 panay\u0131r\u0131m\u0131zda, \u00e7ocuklar\u0131m\u0131z\u0131n hat\u0131ralar\u0131nda g\u00fczel an\u0131lar b\u0131rakt\u0131k. Allah, birli\u011fimizi ve beraberli\u011fimizi bozmas\u0131n&#8221; dedi.<\/p>\n<p>Bayramlar\u0131n, toplumda millet olma \u015fuurunun kuvvetlendi\u011fi, sevgi ve ho\u015fg\u00f6r\u00fcn\u00fcn en \u00e7ok hissedildi\u011fi g\u00fcnler oldu\u011funu s\u00f6yleyen Ba\u015fkan Y\u0131lmaz; &#8221; Ramazan Bayram\u0131&#8217;n\u0131n \u00fclkemize,  kentimize ve t\u00fcm insanl\u0131\u011fa sa\u011fl\u0131k, bar\u0131\u015f, huzur, mutluluk ve bereket getirmesini diliyor, t\u00fcm vatanda\u015flar\u0131m\u0131z\u0131n bayram\u0131n\u0131 can\u0131 g\u00f6n\u00fclden kutluyorum&#8221; diye konu\u015ftu.<\/p>\n<p>&#8220;TOROSLAR, BAYRAMA HAZIR&#8221;<\/p>\n<p>Toroslar Belediyesi, vatanda\u015flar\u0131n Ramazan Bayram\u0131&#8217;n\u0131 rahat ve huzur i\u00e7inde ge\u00e7irmeleri i\u00e7in gerekli \u00f6nlemleri ald\u0131.<\/p>\n<p>Zab\u0131ta,  Temizlik ve Fen \u0130\u015fleri M\u00fcd\u00fcrl\u00fckleri ba\u015fta olmak \u00fczere \u00e7\u00f6z\u00fcm masas\u0131 ekipleri her an g\u00f6rev ba\u015f\u0131nda olacak.<\/p>\n<p>Temizlik ekipleri, rutin hizmetlerin yan\u0131 s\u0131ra bayram \u00f6ncesinde de il\u00e7e genelinde kapsaml\u0131 bir temizlik ve dezenfeksiyon \u00e7al\u0131\u015fmas\u0131 yaparken, Zab\u0131ta ekipleri de vatanda\u015flar\u0131n sa\u011fl\u0131kl\u0131 g\u0131daya ula\u015fmas\u0131 i\u00e7in ger\u00e7ekle\u015ftirdi\u011fi denetimlerini en \u00fcst seviyeye \u00e7\u0131kard\u0131.<\/p>\n","protected":false},"excerpt":{"rendered":"<p>Toroslar Belediye Ba\u015fkan\u0131 Ats\u0131z Af\u015f\u0131n Y\u0131lmaz, t\u00fcm hem\u015fehrilerinin ve \u0130slam aleminin Ramazan Bayram\u0131&#8217;n\u0131 kutlad\u0131. Ba\u015fkan Y\u0131lmaz; on bir ay\u0131n sultan\u0131 Ramazan ay\u0131n\u0131, Toroslar&#8217;da her g\u00fcn farkl\u0131 bir mahallede iftar sofralar\u0131 &hellip; <a href=\"https:\/\/akdenizolaygazetesi.com\/?p=18362\" class=\"more-link\">Devam\u0131n\u0131 Oku&#8230;<\/a><\/p>\n","protected":false},"author":2,"featured_media":18363,"comment_status":"open","ping_status":"open","sticky":false,"template":"","format":"standard","meta":[],"categories":[34,1,2,3],"tags":[],"_links":{"self":[{"href":"https:\/\/akdenizolaygazetesi.com\/index.php?rest_route=\/wp\/v2\/posts\/18362"}],"collection":[{"href":"https:\/\/akdenizolaygazetesi.com\/index.php?rest_route=\/wp\/v2\/posts"}],"about":[{"href":"https:\/\/akdenizolaygazetesi.com\/index.php?rest_route=\/wp\/v2\/types\/post"}],"author":[{"embeddable":true,"href":"https:\/\/akdenizolaygazetesi.com\/index.php?rest_route=\/wp\/v2\/users\/2"}],"replies":[{"embeddable":true,"href":"https:\/\/akdenizolaygazetesi.com\/index.php?rest_route=%2Fwp%2Fv2%2Fcomments&post=18362"}],"version-history":[{"count":1,"href":"https:\/\/akdenizolaygazetesi.com\/index.php?rest_route=\/wp\/v2\/posts\/18362\/revisions"}],"predecessor-version":[{"id":18364,"href":"https:\/\/akdenizolaygazetesi.com\/index.php?rest_route=\/wp\/v2\/posts\/18362\/revisions\/18364"}],"wp:featuredmedia":[{"embeddable":true,"href":"https:\/\/akdenizolaygazetesi.com\/index.php?rest_route=\/wp\/v2\/media\/18363"}],"wp:attachment":[{"href":"https:\/\/akdenizolaygazetesi.com\/index.php?rest_route=%2Fwp%2Fv2%2Fmedia&parent=18362"}],"wp:term":[{"taxonomy":"category","embeddable":true,"href":"https:\/\/akdenizolaygazetesi.com\/index.php?rest_route=%2Fwp%2Fv2%2Fcategories&post=18362"},{"taxonomy":"post_tag","embeddable":true,"href":"https:\/\/akdenizolaygazetesi.com\/index.php?rest_route=%2Fwp%2Fv2%2Ftags&post=18362"}],"curies":[{"name":"wp","href":"https:\/\/api.w.org\/{rel}","templated":true}]}}