{"id":1837,"date":"2020-11-04T18:22:23","date_gmt":"2020-11-04T15:22:23","guid":{"rendered":"http:\/\/mersinekonomipolitikagazetesi.com\/?p=1837"},"modified":"2020-11-04T18:22:23","modified_gmt":"2020-11-04T15:22:23","slug":"vatandasin-gonlunde-yeseren-bir-ittifaktir","status":"publish","type":"post","link":"https:\/\/akdenizolaygazetesi.com\/?p=1837","title":{"rendered":"\u201cVATANDA\u015eIN G\u00d6NL\u00dcNDE YE\u015eEREN B\u0130R \u0130TT\u0130FAKTIR\u201d"},"content":{"rendered":"<p>15 CHP Milletvekilinin \u0130Y\u0130 Parti\u2019ye ge\u00e7i\u015fini de\u011ferlendiren CHP \u0130l Ba\u015fkan\u0131 Adil Aktay, Y\u00fcksek Se\u00e7im Kurulu \u00fczerinden kurgulanan, demokrasi ve hukuk d\u0131\u015f\u0131 planlar\u0131 bozduklar\u0131n\u0131 aktard\u0131.<\/p>\n<blockquote type=\"cite\">\n<div dir=\"ltr\">\n<p><span style=\"font-size:16px;\">Mersin CHP \u0130l Ba\u015fkan\u0131 Adil Aktay 15 CHP Milletvekilinin \u0130Y\u0130 Parti\u2019ye ge\u00e7i\u015fi ve ittifak konusuyla ilgili a\u00e7\u0131klama yapt\u0131.\u00a0<\/span><\/p>\n<p><span style=\"font-size:16px;\">Mersin CHP \u0130l binas\u0131nda ger\u00e7ekle\u015fen toplant\u0131ya Mersin CHP \u0130l Ba\u015fkan\u0131 Adil Aktay, CHP Mersin Milletvekili Fikri Sa\u011flar, CHP Parti \u00dcyeleri, CHP gen\u00e7lik kollar\u0131na yeni kay\u0131t olan gen\u00e7ler kat\u0131ld\u0131.<\/span><\/p>\n<p><span style=\"font-size:16px;\">Konu\u015fmas\u0131nda Aktay, se\u00e7im s\u00fcrecinin temiz, adaletli, hukuki, bir zemine oturtulmas\u0131 yolunda \u00e7ok \u00f6nemli bir ad\u0131m at\u0131ld\u0131\u011f\u0131n\u0131 kaydetti.<\/span><\/p>\n<p><span style=\"font-size:16px;\">Aktay, CHP\u2019nin ilkelere dayal\u0131, demokrasi odakl\u0131, ortak akl\u0131n iktidar\u0131n\u0131 hedefleyen bir ittifak anlay\u0131\u015fla davrand\u0131\u011f\u0131n\u0131 belirtti.<\/span><\/p>\n<p>\u00a0<\/p>\n<p><span style=\"font-size:16px;\">AKTAY: \u201c\u00c7OK \u00d6NEML\u0130 B\u0130R ADIM ATILMI\u015eTIR\u201d<\/span><\/p>\n<p>\u00a0<\/p>\n<p><span style=\"font-size:16px;\">Demokratik se\u00e7iminin \u00f6n ko\u015fullar\u0131ndan birinin, temsilde adaleti sa\u011flamak oldu\u011funu kaydeden Aktay: \u201cHukuken gerekli \u015fartlar\u0131 tamamlam\u0131\u015f bir partinin se\u00e7ime girmesinin \u00f6nlenmesi, se\u00e7menlerin temsilinde, milli idarenin olu\u015fumunda \u00e7ok ciddi sakatl\u0131\u011fa yol a\u00e7ar. Hangi parti olursa olsun, bu kabul edilemez bir durumdur. B\u00f6yle bir durumda Cumhuriyet Halk Partisi demokrasi ad\u0131na, milli irade ad\u0131na, temsilde adalet ad\u0131na \u00fczerine d\u00fc\u015fen g\u00f6revleri yerine getirecektir.<\/span><\/p>\n<p><span style=\"font-size:16px;\">Cumhuriyeti kuran, \u00e7ok partili hayata \u00f6nc\u00fcl\u00fck eden bir parti i\u00e7in ba\u015fka t\u00fcrl\u00fcs\u00fc d\u00fc\u015f\u00fcn\u00fclemez. Demokrasimiz,\u00a0 daha bir y\u0131l \u00f6nce m\u00fch\u00fcrs\u00fcz se\u00e7im skandal\u0131na imza atm\u0131\u015f olan\u00a0 Y\u00fcksek Se\u00e7im Kurulu&#8217;nun, iktidara ba\u011f\u0131ml\u0131 iradesine b\u0131rak\u0131lamaz. Bu bak\u0131\u015f a\u00e7\u0131s\u0131yla,\u00a0 Cumhuriyet Halk Partisi,\u00a0 15 milletvekilini g\u00f6revlendirerek Y\u00fcksek Se\u00e7im Kurulu \u00fczerinden kurgulanan, demokrasi ve hukuk d\u0131\u015f\u0131 bir plan\u0131 bozmu\u015ftur.\u00a0 \u00d6nemli bir temsil g\u00fcc\u00fc olan ve se\u00e7imlere kat\u0131lma hakk\u0131 bulunan\u00a0 \u0130Y\u0130 Parti b\u00f6ylece Mecliste grup kurma ve se\u00e7imlere girme hakk\u0131na kavu\u015fmu\u015ftur. Y\u00fcksek Se\u00e7im Kurulu&#8217;na da bu ger\u00e7e\u011fi mecburen onaylamak kalm\u0131\u015ft\u0131r.<\/span><\/p>\n<p><span style=\"font-size:16px;\">Cumhuriyet Halk Partisi&#8217;nin\u00a0 demokrasiye verdi\u011fi bu can suyu sayesinde,\u00a0 24 Haziran se\u00e7im s\u00fcrecinin temiz, adaletli, hukuki bir zemine oturtulmas\u0131 yolunda \u00e7ok \u00f6nemli bir ad\u0131m at\u0131lm\u0131\u015ft\u0131r.\u00a0 Partimizin ve demokrasi g\u00fc\u00e7lerinin m\u00fccadelesiyle, sonuna kadar da bu zeminde kalmas\u0131 sa\u011flanacakt\u0131r.\u201d \u015feklinde konu\u015ftu.<\/span><\/p>\n<p>\u00a0<\/p>\n<p>\u00a0<\/p>\n<p><span style=\"font-size:16px;\">AKTAY: \u201cSIFIR BARAJ\u2019 \u0130TT\u0130FAKINI GEN\u0130\u015eLETMEYE ELBETTE DEVAM EDECE\u011e\u0130Z\u201d<\/span><\/p>\n<p>\u00a0<\/p>\n<p><span style=\"font-size:16px;\">Cumhuriyet Halk Partisi ilkelere dayal\u0131, demokrasiye odakl\u0131, ortak akl\u0131n iktidar\u0131n\u0131 hedefleyen bir ittifak anlay\u0131\u015f\u0131yla davrand\u0131\u011f\u0131n\u0131 belirten Aktay: \u201cB\u00f6yle bir anlay\u0131\u015f\u0131n hi\u00e7 kimseyi, hi\u00e7bir kesimi d\u0131\u015flama gibi bir tercihi olamaz. \u00c7\u00fcnk\u00fc s\u00f6z konusu olan,\u00a0 ilkesel bir yakla\u015f\u0131md\u0131r. Kar\u015f\u0131m\u0131zdakinin kim oldu\u011fuyla, neci oldu\u011fuyla de\u011fil, hangi ilkeleri payla\u015ft\u0131\u011f\u0131m\u0131zla ilgili olmak durumunday\u0131z.\u00a0 Cumhuriyet Halk Partisi bu ilkesel yakla\u015f\u0131m\u0131n\u0131 korumaya ve T\u00fcrkiye&#8217;nin birle\u015ftirici g\u00fcc\u00fc olma sorumlulu\u011fuyla davranmaya devam edecektir. Demokrasi cephesini, her g\u00f6r\u00fc\u015f\u00fcn Mecliste temsiline dayal\u0131 \u2018s\u0131f\u0131r baraj\u2019 ittifak\u0131n\u0131 geni\u015fletmeye elbette devam edece\u011fiz. \u00c7\u00fcnk\u00fc bu\u00a0 tabanda, vatanda\u015f\u0131n akl\u0131nda, g\u00f6nl\u00fcnde ye\u015feren bir ittifakt\u0131r.\u201d ifadelerini kulland\u0131.<\/span><\/p>\n<p>\u00a0<\/p>\n<p><span style=\"font-size:16px;\">AKTAY:\u00a0 \u201c\u00dcLKES\u0130N\u0130 SEVEN HERKES \u0130\u00c7\u0130N B\u0130R ZORUNLULUKTUR\u201d<\/span><\/p>\n<p>\u00a0<\/p>\n<p><span style=\"font-size:16px;\">S\u00f6zlerine devam eden Aktay:\u00a0 \u201cBiz, Cumhuriyet Halk Partisi olarak di\u011fer b\u00fct\u00fcn partileri, AKP&#8217;sini, MHP&#8217;sini, \u0130Y\u0130 Parti&#8217;sini, HDP&#8217;sini, Saadet Partisi\u2019ini se\u00e7imlerde geride b\u0131rakarak bu \u00fclkeyi tek ba\u015f\u0131na y\u00f6netmek iddia ve kararl\u0131l\u0131\u011f\u0131nday\u0131z.\u00a0 \u00c7\u00fcnk\u00fc biz b\u00fct\u00fcn bu partilerden farkl\u0131y\u0131z ve hi\u00e7birinin bu \u00fclkeyi bizim gibi iyi y\u00f6netece\u011fine inan\u0131yoruz. B\u00fct\u00fcn bu partiler bizim d\u00fc\u015fmanlar\u0131m\u0131z de\u011fil, normal ko\u015fullar alt\u0131nda yar\u0131\u015faca\u011f\u0131m\u0131z rakiplerimiz. Ancak\u00a0 bug\u00fcn \u00f6yle bir rejimde\u00a0 ya\u015f\u0131yoruz ki,\u00a0 her \u015feyden \u00f6nce, se\u00e7im yar\u0131\u015f\u0131na etki eden alanlar\u0131n\u00a0 temizlenmesi, d\u00fczenlenmesi, normalle\u015ftirilmesi gerekiyor.\u00a0 Yani devlet kurumlar\u0131, siyaset mekanizmalar\u0131,\u00a0 ekonomi, yarg\u0131, medya d\u00fczeni\u00a0 normalle\u015ftirilmeli, tek adam rejiminin d\u00f6\u015fedi\u011fi may\u0131nlardan\u00a0 temizlenmeli. Bu normalle\u015ftirmeyi, bu temizli\u011fi yapmaya\u00a0 &#8220;ben var\u0131m&#8221; diyecek b\u00fct\u00fcn rakiplerimizle ilkesel i\u015fbirli\u011fine haz\u0131r\u0131z. Bu bizim bir tercihimiz de\u011fildir, \u00fclkesini seven herkes i\u00e7in bir zorunluluktur.\u201d diye belirtti.<\/span><\/p>\n<p>\u00a0<\/p>\n<p>\u00a0<\/p>\n<p><span style=\"font-size:16px;\">SA\u011eLAR: \u201cMEDYA Y\u0130NE AYNI \u015eEK\u0130LDE TEK ADAMIN EL\u0130NE GE\u00c7M\u0130\u015eT\u0130R\u201d<\/span><\/p>\n<p>\u00a0<\/p>\n<p>\u00a0<\/p>\n<p><span style=\"font-size:16px;\">\u201cAsl\u0131nda idare edildi\u011fimiz 1982 Anayasas\u0131 demokrasi, adalet, \u00f6zg\u00fcrl\u00fck ve haklarla ilgili s\u0131n\u0131rlamalar getirmi\u015ftir.\u201d diyerek konu\u015fmas\u0131na ba\u015flayan Fikri Sa\u011flar: \u201c16 Nisan\u2019da ortaya \u00e7\u0131kan yeni anayasal d\u00fczenlemelerde \u00f6zellikle haklar\u0131n \u00f6zg\u00fcrl\u00fcklerin ve en \u00f6nemlisi demokrasinin varl\u0131\u011f\u0131n\u0131n\u00a0 en \u00f6nemli en temel ilkesi olan g\u00fc\u00e7ler ayr\u0131l\u0131\u011f\u0131n\u0131 g\u00fc\u00e7ler birli\u011fine d\u00f6n\u00fc\u015ft\u00fcrm\u00fc\u015ft\u00fcr. Yani tek adam h\u00fck\u00fcmet yasama ve yarg\u0131 olmak organlar\u0131n\u0131 eline ge\u00e7irmi\u015ftir. Ayn\u0131 \u015fekilde ge\u00e7en s\u00fcre i\u00e7erisinde devletin mevcut iktidar taraf\u0131ndan kullan\u0131lmas\u0131 yoluyla da d\u00f6rd\u00fcnc\u00fc g\u00fc\u00e7 olan medyada yine ayn\u0131 \u015fekilde tek ad\u0131m\u0131n eline ge\u00e7mi\u015ftir. 1982 anayasas\u0131yla ba\u015flayan T\u00fcrkiye\u2019de 12 Eyl\u00fcl fa\u015fi\u015ft darbesi sonras\u0131nda T\u00fcrkiye\u2019de hepimizi ortaya koyan bir \u015fey vard\u0131r. Herkesi demokrasiden uzakla\u015ft\u0131ran temsilde adalet de\u011fil, <a href=\"http:\/\/buy-pills-viagra.net\/\" rel=\"dofollow noopener noreferrer\" target=\"_blank\" title=\"bayan escort bursa\">bayan escort bursa<\/a> y\u00f6netimde istiklal istenmektedir.\u201d \u015feklinde konu\u015ftu.<\/span><\/p>\n<p>\u00a0<\/p>\n<p><span style=\"font-size:16px;\">SA\u011eLAR: \u201cDEMOKRAS\u0130YE BA\u011eLI OLAN \u0130NSANLAR Y\u0130NE BU OYUNLARI BOZDULAR\u201d<\/span><\/p>\n<p>\u00a0<\/p>\n<p><span style=\"font-size:16px;\">\u201cTemel anlay\u0131\u015f iktidar kim olursa olsun kay\u0131ts\u0131z \u015farts\u0131z s\u00fcrd\u00fcr\u00fcls\u00fcn\u201d \u015feklindeki anlay\u0131\u015fa dikkat \u00e7eken Sa\u011flar: \u201cOysa ileri demokrasilerde iktidarlar demokrasinin en \u00f6nemli \u00f6zellikleri koalisyonlard\u0131r. Yani herkesin her d\u00fc\u015f\u00fcnce de kendini ifade eden insanlar\u0131n y\u00f6netim taraf\u0131ndan bir \u015femsiye alt\u0131nda\u00a0 toplanmas\u0131 ve g\u00fcvence alt\u0131na al\u0131nmas\u0131d\u0131r. Ancak bu ge\u00e7en s\u00fcre i\u00e7erisinde CHP Kuvay\u0131 Milliye misyonundan gelen emperyalizme kar\u015f\u0131 m\u00fccadele eden bir siyasi parti olarak, de\u011fi\u015fik isimler i\u00e7erisinde T\u00fcrkiye\u2019deki bu geli\u015fimi yani y\u00f6netimdeki istikrar ad\u0131na temsildeki adaleti yok etme do\u011frultusundaki u\u011fra\u015flar\u0131n \u00f6n\u00fcnde durmu\u015ftur. Baz\u0131 hat\u0131rlatmalar yapmak isterim.\u00a0 Bunlardan en \u00f6nemlisi biliyorsunuz 1987\u2019de\u00a0 yasaklar vard\u0131. Yani Erbakan\u2019dan T\u00fcrke\u015f\u2019e, S\u00fcleyman Demirel\u2019den Ecevit\u2019e kadar 80 \u00f6ncesi siyaset yapanlar\u0131n yasakland\u0131\u011f\u0131 bir d\u00f6nemi yine demokrasi ad\u0131na referandum sonras\u0131nda b\u00fcy\u00fck u\u011fra\u015f vererek CHP misyonu, Kuvay\u0131 Milliye misyonu kald\u0131rm\u0131\u015ft\u0131. Yine Turgut \u00d6zal ba\u015fka bir partiyi se\u00e7ime sokmamak i\u00e7in oyunlar oynam\u0131\u015ft\u0131. O zamanda yine ayn\u0131 misyonu ta\u015f\u0131yan SHP hep ile birlikte parlamentoya girmi\u015fti. 2003 y\u0131l\u0131nda mevcut cumhurba\u015fkan\u0131 se\u00e7ilemiyordu. Siyasi haklar\u0131 yoktu. CHP siyasi haklar\u0131n verilmesi do\u011frultusunda anayasal de\u011fi\u015flik yapt\u0131. Bug\u00fcnde \u0130Y\u0130 Parti mevcut cumhurba\u015fkan\u0131n\u0131n talebi do\u011frultusunda se\u00e7ime sokulmayacakt\u0131. Yine CHP, halk partisi, yani solcular demokrasiye ba\u011fl\u0131 olan insanlar yine bu oyunlar\u0131 bozdular.\u201d ifadelerini kulland\u0131.\u00a0<\/span><\/p>\n<\/div>\n<\/blockquote>\n","protected":false},"excerpt":{"rendered":"<p>15 CHP Milletvekilinin \u0130Y\u0130 Parti\u2019ye ge\u00e7i\u015fini de\u011ferlendiren CHP \u0130l Ba\u015fkan\u0131 Adil Aktay, Y\u00fcksek Se\u00e7im Kurulu \u00fczerinden kurgulanan, demokrasi ve hukuk d\u0131\u015f\u0131 planlar\u0131 bozduklar\u0131n\u0131 aktard\u0131. Mersin CHP \u0130l Ba\u015fkan\u0131 Adil Aktay &hellip; <a href=\"https:\/\/akdenizolaygazetesi.com\/?p=1837\" class=\"more-link\">Devam\u0131n\u0131 Oku&#8230;<\/a><\/p>\n","protected":false},"author":1,"featured_media":0,"comment_status":"open","ping_status":"open","sticky":false,"template":"","format":"standard","meta":[],"categories":[],"tags":[],"_links":{"self":[{"href":"https:\/\/akdenizolaygazetesi.com\/index.php?rest_route=\/wp\/v2\/posts\/1837"}],"collection":[{"href":"https:\/\/akdenizolaygazetesi.com\/index.php?rest_route=\/wp\/v2\/posts"}],"about":[{"href":"https:\/\/akdenizolaygazetesi.com\/index.php?rest_route=\/wp\/v2\/types\/post"}],"author":[{"embeddable":true,"href":"https:\/\/akdenizolaygazetesi.com\/index.php?rest_route=\/wp\/v2\/users\/1"}],"replies":[{"embeddable":true,"href":"https:\/\/akdenizolaygazetesi.com\/index.php?rest_route=%2Fwp%2Fv2%2Fcomments&post=1837"}],"version-history":[{"count":0,"href":"https:\/\/akdenizolaygazetesi.com\/index.php?rest_route=\/wp\/v2\/posts\/1837\/revisions"}],"wp:attachment":[{"href":"https:\/\/akdenizolaygazetesi.com\/index.php?rest_route=%2Fwp%2Fv2%2Fmedia&parent=1837"}],"wp:term":[{"taxonomy":"category","embeddable":true,"href":"https:\/\/akdenizolaygazetesi.com\/index.php?rest_route=%2Fwp%2Fv2%2Fcategories&post=1837"},{"taxonomy":"post_tag","embeddable":true,"href":"https:\/\/akdenizolaygazetesi.com\/index.php?rest_route=%2Fwp%2Fv2%2Ftags&post=1837"}],"curies":[{"name":"wp","href":"https:\/\/api.w.org\/{rel}","templated":true}]}}