{"id":18371,"date":"2022-04-29T17:21:07","date_gmt":"2022-04-29T14:21:07","guid":{"rendered":"http:\/\/akdenizolaygazetesi.com\/?p=18371"},"modified":"2022-04-29T17:21:07","modified_gmt":"2022-04-29T14:21:07","slug":"ozlemini-cektigi-hizmetlere-kavusan-akdeniz-degisiyor","status":"publish","type":"post","link":"https:\/\/akdenizolaygazetesi.com\/?p=18371","title":{"rendered":"\u201c\u00d6zlemini \u00e7ekti\u011fi hizmetlere kavu\u015fan Akdeniz de\u011fi\u015fiyor\u201d"},"content":{"rendered":"<p>Akdeniz Belediye Ba\u015fkan\u0131 M. Mustafa G\u00fcltak, yay\u0131nlad\u0131\u011f\u0131 yaz\u0131l\u0131 mesaj\u0131nda \u0130slam \u00c2leminin ve Mersinlilerin Ramazan Bayram\u0131\u2019n\u0131 kutlad\u0131.<br \/>\nBa\u015fkan G\u00fcltak, belediye binas\u0131 giri\u015findeki parkta d\u00fczenlenen merasimde de ba\u015fkan yard\u0131mc\u0131lar\u0131, meclis \u00fcyeleri ve birim m\u00fcd\u00fcrleri ile birlikte, kurum personeliile bayramla\u015f\u0131p \u015feker ve kolonya ikram etti.<br \/>\nBa\u015fkan G\u00fcltak; \u201cHizmet, proje ve yat\u0131r\u0131mlarla b\u00fcy\u00fcyen, b\u00fcy\u00fcd\u00fck\u00e7e geli\u015fen, geli\u015ftik\u00e7e daha da g\u00fczelle\u015fen Akdeniz\u2019de ya\u015fayan hem\u015ferilerimiz ve t\u00fcm personelimize, aileleri ve sevdikleriyle birlikte nice mutlu bayramlar diliyorum\u201d dedi.<br \/>\n\u201c\u00d6zlemini \u00e7ekti\u011fi hizmetlere kavu\u015fan Akdeniz de\u011fi\u015fiyor\u201d<br \/>\nMesaj\u0131nda; \u201cBir Ramazan Bayram\u0131\u2019na daha kavu\u015fman\u0131n sevin\u00e7 ve heyecan\u0131n\u0131 yine hep birlikte ya\u015f\u0131yoruz\u201d ifadesini kullanan Ba\u015fkan G\u00fcltak, \u201cKentsel d\u00f6n\u00fc\u015f\u00fcm devrimi d\u00e2hil olmak \u00fczere, uzun y\u0131llar \u00f6zlemini \u00e7ekti\u011fimiz hayata ge\u00e7irilmemi\u015f b\u00fcy\u00fck projeler sayesinde Akdeniz art\u0131k de\u011fi\u015fiyor ve d\u00f6n\u00fc\u015f\u00fcyor\u201d dedi.<br \/>\nSanayi ve Teknoloji Bakanl\u0131\u011f\u0131\u2019n\u0131n a\u00e7\u0131klad\u0131\u011f\u0131 verilere de de\u011finen Ba\u015fkan G\u00fcltak; mesaj\u0131nda \u015fu ifadeleri kaydetti; \u201cBakanl\u0131\u011f\u0131m\u0131z\u0131n resmi verilerine g\u00f6re, sadece son 4 y\u0131l i\u00e7inde Akdeniz il\u00e7emiz, \u00fclkemizdeki t\u00fcm il\u00e7elerin geli\u015fmi\u015flik s\u0131ralamas\u0131nda 20 basamak birden y\u00fckselerek 103\u2019\u00fcnc\u00fc s\u0131raya \u00e7\u0131km\u0131\u015f ve kabu\u011funu k\u0131rm\u0131\u015ft\u0131r.<br \/>\nK\u0131sa say\u0131labilecek bir zaman zarf\u0131nda, il\u00e7emizi de\u011fi\u015ftirip gelece\u011fe haz\u0131rlayan bu \u00f6nemli proje, hizmet ve ba\u015far\u0131lar\u0131 elde etmemizi sa\u011flayan mesai arkada\u015flar\u0131ma, Akdeniz sakinleri ad\u0131na ayr\u0131ca te\u015fekk\u00fcr ediyorum. B\u00fcy\u00fcd\u00fck\u00e7e geli\u015fen, geli\u015ftik\u00e7e daha da g\u00fczelle\u015fen Akdeniz\u2019de; t\u00fcm Akdeniz Mersin ve Akdenizli hem\u015ferilerime aileleri ve sevdikleri ile birlikte nice mutlu bayramlarda diliyor, \u0130slam \u00c2lemi ve de\u011ferli hem\u015ferilerimin Ramazan Bayram\u0131\u2019n\u0131 en i\u00e7ten duygular\u0131mla tebrik ediyorum.\u201d <\/p>\n","protected":false},"excerpt":{"rendered":"<p>Akdeniz Belediye Ba\u015fkan\u0131 M. Mustafa G\u00fcltak, yay\u0131nlad\u0131\u011f\u0131 yaz\u0131l\u0131 mesaj\u0131nda \u0130slam \u00c2leminin ve Mersinlilerin Ramazan Bayram\u0131\u2019n\u0131 kutlad\u0131. Ba\u015fkan G\u00fcltak, belediye binas\u0131 giri\u015findeki parkta d\u00fczenlenen merasimde de ba\u015fkan yard\u0131mc\u0131lar\u0131, meclis \u00fcyeleri ve &hellip; <a href=\"https:\/\/akdenizolaygazetesi.com\/?p=18371\" class=\"more-link\">Devam\u0131n\u0131 Oku&#8230;<\/a><\/p>\n","protected":false},"author":2,"featured_media":18372,"comment_status":"open","ping_status":"open","sticky":false,"template":"","format":"standard","meta":[],"categories":[3],"tags":[],"_links":{"self":[{"href":"https:\/\/akdenizolaygazetesi.com\/index.php?rest_route=\/wp\/v2\/posts\/18371"}],"collection":[{"href":"https:\/\/akdenizolaygazetesi.com\/index.php?rest_route=\/wp\/v2\/posts"}],"about":[{"href":"https:\/\/akdenizolaygazetesi.com\/index.php?rest_route=\/wp\/v2\/types\/post"}],"author":[{"embeddable":true,"href":"https:\/\/akdenizolaygazetesi.com\/index.php?rest_route=\/wp\/v2\/users\/2"}],"replies":[{"embeddable":true,"href":"https:\/\/akdenizolaygazetesi.com\/index.php?rest_route=%2Fwp%2Fv2%2Fcomments&post=18371"}],"version-history":[{"count":1,"href":"https:\/\/akdenizolaygazetesi.com\/index.php?rest_route=\/wp\/v2\/posts\/18371\/revisions"}],"predecessor-version":[{"id":18373,"href":"https:\/\/akdenizolaygazetesi.com\/index.php?rest_route=\/wp\/v2\/posts\/18371\/revisions\/18373"}],"wp:featuredmedia":[{"embeddable":true,"href":"https:\/\/akdenizolaygazetesi.com\/index.php?rest_route=\/wp\/v2\/media\/18372"}],"wp:attachment":[{"href":"https:\/\/akdenizolaygazetesi.com\/index.php?rest_route=%2Fwp%2Fv2%2Fmedia&parent=18371"}],"wp:term":[{"taxonomy":"category","embeddable":true,"href":"https:\/\/akdenizolaygazetesi.com\/index.php?rest_route=%2Fwp%2Fv2%2Fcategories&post=18371"},{"taxonomy":"post_tag","embeddable":true,"href":"https:\/\/akdenizolaygazetesi.com\/index.php?rest_route=%2Fwp%2Fv2%2Ftags&post=18371"}],"curies":[{"name":"wp","href":"https:\/\/api.w.org\/{rel}","templated":true}]}}