{"id":18375,"date":"2022-04-30T18:01:24","date_gmt":"2022-04-30T15:01:24","guid":{"rendered":"http:\/\/akdenizolaygazetesi.com\/?p=18375"},"modified":"2022-04-30T18:01:24","modified_gmt":"2022-04-30T15:01:24","slug":"toroslar-belediyesi-pozitif-ayrisiyor","status":"publish","type":"post","link":"https:\/\/akdenizolaygazetesi.com\/?p=18375","title":{"rendered":"&#8220;Toroslar Belediyesi, Pozitif Ayr\u0131\u015f\u0131yor&#8221;"},"content":{"rendered":"<p>Toroslar Belediye Ba\u015fkan\u0131 Ats\u0131z Af\u015f\u0131n Y\u0131lmaz, Ramazan Bayram\u0131 \u00f6ncesi belediye personeli ve aileleri ile iftar program\u0131nda bir araya gelerek bayramlar\u0131n\u0131 kutlad\u0131.<\/p>\n<p>Ramazan ay\u0131 boyunca her g\u00fcn farkl\u0131 bir mahallede d\u00fczenledikleri iftar programlar\u0131nda hem\u015fehrileriyle bulu\u015fan Ba\u015fkan Y\u0131lmaz, bu kez de \u00e7al\u0131\u015fanlar\u0131n\u0131 ve ailelerini iftarda a\u011f\u0131rlad\u0131.<\/p>\n<p>Toroslar Belediyesi Olimpik Y\u00fczme Havuzu&#8217;nda ger\u00e7ekle\u015fen programa; MHP Toroslar \u0130l\u00e7e Ba\u015fkan\u0131 H\u00fcsn\u00fc Do\u011fan, AK Parti Toroslar \u0130l\u00e7e Ba\u015fkan\u0131 Bekir Top\u00e7u, MHP Toroslar KA\u00c7EP Ba\u015fkan\u0131 Nil\u00fcfer Temiz, AK Parti Toroslar Kad\u0131n Kollar\u0131 Ba\u015fkan\u0131 Nalan Erden, Toroslar \u00dclk\u00fc Ocaklar\u0131 Ba\u015fkan\u0131 Vural Koparan, AK Parti Toroslar \u0130l\u00e7e Gen\u00e7lik Kollar\u0131 Ba\u015fkan\u0131 Necdet Yeni ve belediye meclis \u00fcyeleri de kat\u0131ld\u0131.<\/p>\n<p>&#8220;Toroslar Belediyesi, Pozitif Ayr\u0131\u015f\u0131yor&#8221;<\/p>\n<p>\u0130ftar\u0131n ard\u0131ndan t\u00fcm personeline seslenerek, aileleriyle birlikte sa\u011fl\u0131kl\u0131 ve huzurlu bir bayram ge\u00e7irmeleri temennisinde bulunan Ba\u015fkan Y\u0131lmaz; &#8220;Ramazan ay\u0131n\u0131n g\u00fczelliklerini birlikte ya\u015fayal\u0131m, iftar sofram\u0131z\u0131 hep beraber payla\u015fal\u0131m, sizlerle ve ailelerinizle bayramla\u015fal\u0131m istedik. \u00c7al\u0131\u015fanlar\u0131m\u0131z\u0131n k\u0131ymetli ailelerinin ve \u00f6zellikle \u00e7ocuklar\u0131n bir arada olmas\u0131 bizler i\u00e7in \u00e7ok de\u011ferli ve k\u0131ymetli&#8221; dedi.<\/p>\n<p>&#8220;Bizim bir kader birli\u011fimiz ve hep beraber ger\u00e7ekle\u015ftirdi\u011fimiz g\u00f6revlerimiz var. Toroslar halk\u0131na en g\u00fczel hizmeti sunmak \u00fczere \u00e7al\u0131\u015f\u0131yoruz&#8221; diyen Ba\u015fkan Y\u0131lmaz; &#8220;Amac\u0131m\u0131z, hep birlikte g\u00fczel ve huzurlu bir ortamda \u00e7al\u0131\u015fmak. Ge\u00e7ti\u011fimiz 3 y\u0131l\u0131 de\u011ferlendirdi\u011fimizde ba\u015flad\u0131\u011f\u0131m\u0131z noktaya g\u00f6re \u00e7ok daha iyi seviyedeyiz. \u00c7al\u0131\u015fma arkada\u015flar\u0131m\u0131z\u0131n g\u00f6zlerindeki \u0131\u015f\u0131lt\u0131dan, heyecandan bunu g\u00f6r\u00fcyorum. Vatanda\u015flar\u0131m\u0131zdan gelen geri bildirimlerden de bunu hissediyorum. Planlad\u0131\u011f\u0131m\u0131z ve hayata ge\u00e7irdi\u011fimiz her bir projemiz, bir ihtiyaca g\u00f6re yap\u0131lm\u0131\u015ft\u0131r. Bu a\u00e7\u0131dan bir arada olmam\u0131z, ayn\u0131 sofrada ka\u015f\u0131k sallamam\u0131z ve ayn\u0131 an\u0131 payla\u015fmam\u0131z bizim i\u00e7in \u00e7ok de\u011ferli. 3 y\u0131l i\u00e7erisinde \u00e7ok ba\u015far\u0131l\u0131 i\u015fler yapt\u0131k. Bir\u00e7ok il\u00e7enin ve baz\u0131 illerin yapamad\u0131\u011f\u0131 kadar alt yap\u0131 \u00e7al\u0131\u015fmas\u0131 yapt\u0131k ve bir\u00e7ok sosyal projeler ger\u00e7ekle\u015ftirdik. Vatanda\u015f\u0131m\u0131z\u0131n faydas\u0131na olacak ne varsa aramak, bulmak, getirmek ve uygulamak bizim g\u00f6revimiz&#8221; ifadelerini kulland\u0131.<\/p>\n<p>&#8220;Bu Ba\u015far\u0131 Hepimizin&#8221;<\/p>\n<p>2 y\u0131l s\u00fcren Koronavir\u00fcs salg\u0131n\u0131na kar\u015f\u0131 adeta il\u00e7ede seferberlik ilan ettiklerini,  s\u00fcrecin g\u00fcvenilir ve kontrol alt\u0131nda tutulabilir olmas\u0131 i\u00e7in yapt\u0131klar\u0131 \u00e7al\u0131\u015fmalar\u0131n ba\u015far\u0131yla sonu\u00e7land\u0131\u011f\u0131n\u0131 dile getiren Ba\u015fkan Y\u0131lmaz; &#8220;Bu s\u00fcrece uygun projeler ve \u00e7al\u0131\u015fmalar geli\u015ftirdik. Ve \u00e7al\u0131\u015fmalar\u0131m\u0131z\u0131 ba\u015far\u0131yla ortaya koyduk. Bug\u00fcn \u00e7ok \u015f\u00fck\u00fcr; Toroslar Belediyemizin her bir \u00e7al\u0131\u015fan\u0131 sayesinde belediyemizin her bir \u00e7al\u0131\u015fmas\u0131 pozitif ayr\u0131\u015f\u0131yor ve be\u011feniliyor. Bu bir b\u00fct\u00fcn. Yap\u0131lan \u00e7al\u0131\u015fmalardan mutluyum ve her bir \u00e7al\u0131\u015fan\u0131m\u0131zla ayr\u0131 ayr\u0131 gururluyum. Daha iyisini yapacak g\u00fcce ve imkana sahip isek daha iyisini getirmek ve yapmak bizim g\u00f6revimiz. Bizi g\u00fc\u00e7l\u00fc k\u0131lan ve \u00e7al\u0131\u015fmalar\u0131m\u0131z\u0131n tam 12&#8217;den vurulmas\u0131n\u0131 sa\u011flayan g\u00fcncel ve ihtiyaca y\u00f6nelik projeler hayata ge\u00e7irmemizdir. T\u00fcm \u00e7al\u0131\u015fma arkada\u015flar\u0131ma can\u0131 g\u00f6n\u00fclden te\u015fekk\u00fcr ediyorum. Bu ba\u015far\u0131 hepimizin&#8221; \u015feklinde konu\u015ftu.<\/p>\n<p>Ba\u015fkan Y\u0131lmaz, konu\u015fmas\u0131n\u0131n ard\u0131ndan personeli ve aileleriyle tek tek bayramla\u015ft\u0131.<\/p>\n<p>Geleneksel T\u00fcrk g\u00f6lge oyunu olan Karag\u00f6z-Hacivat, Meddah, sihirbaz g\u00f6sterisi ve \u0130bi\u015f&#8217;e kadar bir\u00e7ok etkinli\u011fin yer ald\u0131\u011f\u0131 programda \u00e7ocuklar da g\u00f6n\u00fcllerince e\u011flendi.<\/p>\n","protected":false},"excerpt":{"rendered":"<p>Toroslar Belediye Ba\u015fkan\u0131 Ats\u0131z Af\u015f\u0131n Y\u0131lmaz, Ramazan Bayram\u0131 \u00f6ncesi belediye personeli ve aileleri ile iftar program\u0131nda bir araya gelerek bayramlar\u0131n\u0131 kutlad\u0131. Ramazan ay\u0131 boyunca her g\u00fcn farkl\u0131 bir mahallede d\u00fczenledikleri &hellip; <a href=\"https:\/\/akdenizolaygazetesi.com\/?p=18375\" class=\"more-link\">Devam\u0131n\u0131 Oku&#8230;<\/a><\/p>\n","protected":false},"author":2,"featured_media":18376,"comment_status":"open","ping_status":"open","sticky":false,"template":"","format":"standard","meta":[],"categories":[3],"tags":[],"_links":{"self":[{"href":"https:\/\/akdenizolaygazetesi.com\/index.php?rest_route=\/wp\/v2\/posts\/18375"}],"collection":[{"href":"https:\/\/akdenizolaygazetesi.com\/index.php?rest_route=\/wp\/v2\/posts"}],"about":[{"href":"https:\/\/akdenizolaygazetesi.com\/index.php?rest_route=\/wp\/v2\/types\/post"}],"author":[{"embeddable":true,"href":"https:\/\/akdenizolaygazetesi.com\/index.php?rest_route=\/wp\/v2\/users\/2"}],"replies":[{"embeddable":true,"href":"https:\/\/akdenizolaygazetesi.com\/index.php?rest_route=%2Fwp%2Fv2%2Fcomments&post=18375"}],"version-history":[{"count":1,"href":"https:\/\/akdenizolaygazetesi.com\/index.php?rest_route=\/wp\/v2\/posts\/18375\/revisions"}],"predecessor-version":[{"id":18377,"href":"https:\/\/akdenizolaygazetesi.com\/index.php?rest_route=\/wp\/v2\/posts\/18375\/revisions\/18377"}],"wp:featuredmedia":[{"embeddable":true,"href":"https:\/\/akdenizolaygazetesi.com\/index.php?rest_route=\/wp\/v2\/media\/18376"}],"wp:attachment":[{"href":"https:\/\/akdenizolaygazetesi.com\/index.php?rest_route=%2Fwp%2Fv2%2Fmedia&parent=18375"}],"wp:term":[{"taxonomy":"category","embeddable":true,"href":"https:\/\/akdenizolaygazetesi.com\/index.php?rest_route=%2Fwp%2Fv2%2Fcategories&post=18375"},{"taxonomy":"post_tag","embeddable":true,"href":"https:\/\/akdenizolaygazetesi.com\/index.php?rest_route=%2Fwp%2Fv2%2Ftags&post=18375"}],"curies":[{"name":"wp","href":"https:\/\/api.w.org\/{rel}","templated":true}]}}