{"id":18378,"date":"2022-04-30T18:02:55","date_gmt":"2022-04-30T15:02:55","guid":{"rendered":"http:\/\/akdenizolaygazetesi.com\/?p=18378"},"modified":"2022-04-30T18:02:55","modified_gmt":"2022-04-30T15:02:55","slug":"secer-yas-almislara-seslendi-sizlerin-mutlulugu-icin-her-turlu-imkani-saglamaya-haziriz","status":"publish","type":"post","link":"https:\/\/akdenizolaygazetesi.com\/?p=18378","title":{"rendered":"SE\u00c7ER, YA\u015e ALMI\u015eLARA SESLEND\u0130: &#8220;S\u0130ZLER\u0130N MUTLULU\u011eU \u0130\u00c7\u0130N HER T\u00dcRL\u00dc \u0130MKANI SA\u011eLAMAYA HAZIRIZ&#8221;"},"content":{"rendered":"<p>Mersin B\u00fcy\u00fck\u015fehir Belediye Ba\u015fkan\u0131 Vahap Se\u00e7er, ilk bayram ziyaretini B\u00fcy\u00fck\u015fehir Belediyesi b\u00fcnyesindeki Mersin Emekli Evi&#8217;ne yaparak ya\u015f alm\u0131\u015f vatanda\u015flarla bir araya geldi, bayramlar\u0131n\u0131 kutlad\u0131. Ba\u015fkan Se\u00e7er, Mersin&#8217;in emekli kenti oldu\u011funu vurgulayarak, &#8220;Sizlerin mutlulu\u011fu i\u00e7in her t\u00fcrl\u00fc imkan\u0131 sa\u011flamaya haz\u0131r\u0131z&#8221; dedi.<\/p>\n<p>&#8220;Biz belediye olarak herkese hizmet yapmak zorunday\u0131z&#8221;<\/p>\n<p>Ba\u015fkan Se\u00e7er, ya\u015f alm\u0131\u015flara Mersin Emekli Evi&#8217;nde zamanlar\u0131n\u0131 nas\u0131l ge\u00e7irdiklerini ve etkinliklerin ne durumda oldu\u011funu sordu. Ba\u015fkan Se\u00e7er, &#8220;Sizlerin ho\u015f zaman ge\u00e7irece\u011fi hangi etkinlik varsa biz bunlar\u0131 yapmaya haz\u0131r\u0131z. Yani bu \u00f6nerilerin sizden gelmesi, bizce de\u011ferlendirilmesi daha mant\u0131kl\u0131. Siz ne istedi\u011finizi daha iyi bilirsiniz. Biz de o taleplerin uygunlu\u011funu de\u011ferlendiririz. Sizlerin mutlulu\u011fu i\u00e7in her t\u00fcrl\u00fc imkan\u0131 sa\u011flamaya haz\u0131r\u0131z. Elbette biz de gayret ediyoruz. Sadece emekli yurtta\u015flar\u0131m\u0131za hizmet etmek de\u011fil, gen\u00e7lerimize, \u00e7ocuklar\u0131m\u0131za, kad\u0131nlar\u0131m\u0131za, b\u00fct\u00fcn bireylere, b\u00fct\u00fcn insanlara hizmet etmek i\u00e7in \u00e7al\u0131\u015f\u0131yoruz. Geliri d\u00fc\u015f\u00fck, orta gelirli, y\u00fcksek, bu \u015fehirde herkes ya\u015f\u0131yor. Herkesin durumu, konumu farkl\u0131 ama biz belediye olarak herkese hizmet yapmak zorunday\u0131z&#8221; dedi.<\/p>\n<p>&#8220;Biz insan\u0131n siyasi g\u00f6r\u00fc\u015f\u00fcne g\u00f6re hizmet g\u00f6t\u00fcrmeyiz&#8221;<\/p>\n<p>Her yere hizmet g\u00f6t\u00fcrmek zorunda olduklar\u0131n\u0131n vurgusunu yapan Ba\u015fkan Se\u00e7er, Anamur&#8217;dan Tarsus&#8217;a kadar herkese ve her kesime ula\u015ft\u0131klar\u0131n\u0131 belirterek, &#8220;Biz insan\u0131n siyasi g\u00f6r\u00fc\u015f\u00fcne g\u00f6re hizmet g\u00f6t\u00fcrmeyiz. Biz insan\u0131n mezhebine, me\u015frebine, k\u00f6kenine g\u00f6re hizmet g\u00f6t\u00fcrmeyiz. Biz insanlar\u0131n sosyoekonomik yap\u0131lar\u0131ndan dolay\u0131 imtiyaz sa\u011flar\u0131z, ayr\u0131cal\u0131k sa\u011flar\u0131z ama geliri d\u00fc\u015f\u00fck insanlar y\u00f6n\u00fcnden sa\u011flar\u0131z. Biz kad\u0131nlara y\u00f6nelik bir pozitif ayr\u0131mc\u0131l\u0131k yapar\u0131z. Bunu i\u015fe almalarda da yap\u0131yoruz. E\u015fitler aras\u0131nda tercihimiz kad\u0131nlardan yana olur diyoruz. Bir \u00e7ocukla, bir ya\u015f alm\u0131\u015f b\u00fcy\u00fc\u011f\u00fcm\u00fczle daha cevval ya\u015fta, orta ya\u015fta, gen\u00e7 ya\u015fta olan insanlara g\u00f6t\u00fcrece\u011fimiz hizmetlerde biz ya\u015f alm\u0131\u015f yurtta\u015flar\u0131m\u0131za ve \u00e7ocuklar\u0131m\u0131za pozitif ayr\u0131mc\u0131l\u0131k yapar\u0131z&#8221; ifadelerini kulland\u0131.<\/p>\n<p> &#8220;Buras\u0131 emekli kenti&#8221;<\/p>\n<p>Mersin&#8217;in \u00e7ok g\u00fczel ve \u00f6zel bir kent oldu\u011funu s\u00f6zlerine ekleyen Ba\u015fkan Se\u00e7er, &#8220;Kaynaklar\u0131m\u0131z \u00e7ok iyi. Mersin \u015fu anda b\u0131rak\u0131n T\u00fcrkiye&#8217;yi, b\u00f6lgede, Ortado\u011fu co\u011frafyas\u0131nda, d\u00fcnya co\u011frafyas\u0131nda y\u0131ld\u0131z\u0131 parlayan bir kent h\u00fcviyetinde. D\u00fcnyada geli\u015fen olaylar T\u00fcrkiye&#8217;de ya da bu b\u00f6lgede Mersin&#8217;i \u00f6ne \u00e7\u0131kart\u0131yor. Biz \u00e7ok g\u00fczel bir co\u011frafyaday\u0131z. Bizim bulundu\u011fumuz d\u00fcnya haritas\u0131na bakt\u0131\u011f\u0131n\u0131z zaman, T\u00fcrkiye haritas\u0131na ve Akdeniz \u00e7ana\u011f\u0131na, Mersin \u00e7ok g\u00fczel bir noktada. Bu bize avantaj sa\u011fl\u0131yor. Bu bizim zenginli\u011fimiz. Buras\u0131 emekli kenti. Buras\u0131 yoksul kenti. Buras\u0131 medeniyetlerin, k\u00fclt\u00fcrlerin bulu\u015ftu\u011fu bir yer. Bunlar b\u00fcy\u00fck zenginlikler. Bir homojen yap\u0131 yok. Homojen yap\u0131 zenginlik de\u011fildir. Bir renk c\u00fcmb\u00fc\u015f\u00fc ama o tonlar o kadar uyu\u015fmu\u015f ki muazzam yeni bir renk ortaya \u00e7\u0131karm\u0131\u015f. \u0130\u015fte Mersin b\u00f6yle bir \u015fehir&#8221; diye konu\u015ftu.<\/p>\n<p>Ba\u015fkan Se\u00e7er, ya\u015f alm\u0131\u015f vatanda\u015flar\u0131n sordu\u011fu sorulara da yan\u0131t verdi. Mersin Metrosu&#8217;nun yap\u0131m\u0131 ve s\u00fcreci hakk\u0131nda ald\u0131\u011f\u0131 soruya dair de\u011ferlendirmelerde bulunan Ba\u015fkan Se\u00e7er, Metro&#8217;nun g\u00fczergah\u0131 ve teknik konular\u0131 hakk\u0131nda bilgi verdi. Ba\u015fkan Se\u00e7er, ba\u015fta bor\u00e7lanma olmak \u00fczere kar\u015f\u0131la\u015ft\u0131klar\u0131 g\u00fc\u00e7l\u00fcklere de de\u011finerek, metroyu hayata ge\u00e7irmeye kararl\u0131 olduklar\u0131n\u0131 vurgulad\u0131.<\/p>\n<p>Hayata ge\u00e7irdikleri hizmetleri de anlatan Ba\u015fkan Se\u00e7er, hi\u00e7bir projeyi laf olsun diye yapmad\u0131klar\u0131n\u0131, her daim sonu\u00e7 odakl\u0131 hareket ettiklerini belirtti. Se\u00e7er, &#8220;Biz bitirece\u011fimiz projelere giriyoruz. G\u00f6z boyayal\u0131m, yapt\u0131\u011f\u0131m\u0131z i\u015fi oya tahvil edelim, asla b\u00f6yle bir d\u00fc\u015f\u00fcncemiz yok&#8221; dedi. Etkinli\u011fin sonunda Ba\u015fkan Se\u00e7er, t\u00fcm ya\u015f alm\u0131\u015f vatanda\u015flarla \u0130skender G\u00fcrakan&#8217;\u0131n \u00e7ald\u0131\u011f\u0131 akordiyon e\u015fli\u011finde &#8220;Memleketim&#8221; \u015fark\u0131s\u0131n\u0131 s\u00f6yledi.<\/p>\n<p>Ba\u015fkan Se\u00e7er, mesai arkada\u015flar\u0131yla da bayramla\u015ft\u0131<\/p>\n<p>Ba\u015fkan Se\u00e7er, Mersin Emekli Evi ziyareti sonras\u0131nda B\u00fcy\u00fck\u015fehir Belediyesi Kongre ve Sergi Saray\u0131&#8217;nda B\u00fcy\u00fck\u015fehir Belediyesi ile Mersin Su ve Kanalizasyon \u0130daresi Genel M\u00fcd\u00fcrl\u00fc\u011f\u00fc&#8217;ndeki (MESK\u0130) y\u00f6netim kadrosuyla bir araya gelerek, bayramlar\u0131n\u0131 kutlad\u0131.<\/p>\n","protected":false},"excerpt":{"rendered":"<p>Mersin B\u00fcy\u00fck\u015fehir Belediye Ba\u015fkan\u0131 Vahap Se\u00e7er, ilk bayram ziyaretini B\u00fcy\u00fck\u015fehir Belediyesi b\u00fcnyesindeki Mersin Emekli Evi&#8217;ne yaparak ya\u015f alm\u0131\u015f vatanda\u015flarla bir araya geldi, bayramlar\u0131n\u0131 kutlad\u0131. Ba\u015fkan Se\u00e7er, Mersin&#8217;in emekli kenti oldu\u011funu &hellip; <a href=\"https:\/\/akdenizolaygazetesi.com\/?p=18378\" class=\"more-link\">Devam\u0131n\u0131 Oku&#8230;<\/a><\/p>\n","protected":false},"author":2,"featured_media":18379,"comment_status":"open","ping_status":"open","sticky":false,"template":"","format":"standard","meta":[],"categories":[2,3],"tags":[],"_links":{"self":[{"href":"https:\/\/akdenizolaygazetesi.com\/index.php?rest_route=\/wp\/v2\/posts\/18378"}],"collection":[{"href":"https:\/\/akdenizolaygazetesi.com\/index.php?rest_route=\/wp\/v2\/posts"}],"about":[{"href":"https:\/\/akdenizolaygazetesi.com\/index.php?rest_route=\/wp\/v2\/types\/post"}],"author":[{"embeddable":true,"href":"https:\/\/akdenizolaygazetesi.com\/index.php?rest_route=\/wp\/v2\/users\/2"}],"replies":[{"embeddable":true,"href":"https:\/\/akdenizolaygazetesi.com\/index.php?rest_route=%2Fwp%2Fv2%2Fcomments&post=18378"}],"version-history":[{"count":1,"href":"https:\/\/akdenizolaygazetesi.com\/index.php?rest_route=\/wp\/v2\/posts\/18378\/revisions"}],"predecessor-version":[{"id":18380,"href":"https:\/\/akdenizolaygazetesi.com\/index.php?rest_route=\/wp\/v2\/posts\/18378\/revisions\/18380"}],"wp:featuredmedia":[{"embeddable":true,"href":"https:\/\/akdenizolaygazetesi.com\/index.php?rest_route=\/wp\/v2\/media\/18379"}],"wp:attachment":[{"href":"https:\/\/akdenizolaygazetesi.com\/index.php?rest_route=%2Fwp%2Fv2%2Fmedia&parent=18378"}],"wp:term":[{"taxonomy":"category","embeddable":true,"href":"https:\/\/akdenizolaygazetesi.com\/index.php?rest_route=%2Fwp%2Fv2%2Fcategories&post=18378"},{"taxonomy":"post_tag","embeddable":true,"href":"https:\/\/akdenizolaygazetesi.com\/index.php?rest_route=%2Fwp%2Fv2%2Ftags&post=18378"}],"curies":[{"name":"wp","href":"https:\/\/api.w.org\/{rel}","templated":true}]}}