{"id":1838,"date":"2020-11-04T18:22:23","date_gmt":"2020-11-04T15:22:23","guid":{"rendered":"http:\/\/mersinekonomipolitikagazetesi.com\/?p=1838"},"modified":"2020-11-04T18:22:23","modified_gmt":"2020-11-04T15:22:23","slug":"mersinin-copu-mobil-kati-atik-aktarma-istasyonlari-ile-tasiniyor","status":"publish","type":"post","link":"https:\/\/akdenizolaygazetesi.com\/?p=1838","title":{"rendered":"Mersin\u2019in \u00e7\u00f6p\u00fc mobil kat\u0131 at\u0131k aktarma istasyonlar\u0131 ile ta\u015f\u0131n\u0131yor"},"content":{"rendered":"<p>Mersin\u2019de G\u00f6k\u00e7ebelen ve Arpa\u00e7sakarlar mobil kat\u0131 at\u0131k aktarma istasyonlar\u0131n\u0131n faaliyete ge\u00e7mesiyle birlikte merkezdeki d\u00f6rt il\u00e7ede \u00e7\u00f6p toplama i\u015flemleri bu istasyonlar arac\u0131l\u0131\u011f\u0131 ile yap\u0131l\u0131yor.<\/p>\n<p><span style=\"font-size:16px;\"><span style=\"font-family: sans-serif; line-height: 20px; text-align: justify; background-color: rgb(242, 244, 245);\">Mersin B\u00fcy\u00fck\u015fehir Belediyesi&#8217;nden yap\u0131lan a\u00e7\u0131klamaya g\u00f6re, g\u00fcnl\u00fck olarak y\u00fczlerce ton evsel at\u0131\u011f\u0131n bertaraf edildi\u011fi aktarma istasyonlar\u0131n\u0131n hizmete girmesi ile \u00e7\u00f6p aktarmada ya\u015fan\u0131lan zaman kayb\u0131 ve mesafe sorunu ortadan kald\u0131r\u0131rken, d\u00fczenli kat\u0131 at\u0131k toplama alan\u0131ndaki ara\u00e7 trafi\u011finin de \u00f6n\u00fcne ge\u00e7ilmi\u015f oldu.\u00a0<\/span><br style=\"box-sizing: border-box; font-family: sans-serif; font-size: 14px; line-height: 20px; text-align: justify; background-color: rgb(242, 244, 245);\" \/><br \/>\n<span style=\"font-family: sans-serif; line-height: 20px; text-align: justify; background-color: rgb(242, 244, 245);\">Mersin B\u00fcy\u00fck\u015fehir Belediyesi \u00c7evre Koruma ve Kontrol Dairesi b\u00fcnyesinde 2018 y\u0131l\u0131 i\u00e7inde faaliyete ge\u00e7en G\u00f6k\u00e7ebelen mobil kat\u0131 at\u0131k aktarma istasyonu Yeni\u015fehir ve Mezitli, Arpa\u00e7sakarlar mobil kat\u0131k at\u0131k aktarma istasyonu da Akdeniz ve Toroslar il\u00e7elerinin \u00e7\u00f6plerinin ge\u00e7ici olarak aktar\u0131m\u0131nda kullan\u0131l\u0131yor.\u00a0<\/span><br style=\"box-sizing: border-box; font-family: sans-serif; font-size: 14px; line-height: 20px; text-align: justify; background-color: rgb(242, 244, 245);\" \/><br \/>\n<span style=\"font-family: sans-serif; line-height: 20px; text-align: justify; background-color: rgb(242, 244, 245);\">Yeni\u015fehir il\u00e7esi s\u0131n\u0131rlar\u0131 i\u00e7inde bulunan G\u00f6k\u00e7ebelen mobil kat\u0131 at\u0131k aktarma istasyonunda, Yeni\u015fehir Belediyesi\u2019nin yan\u0131s\u0131ra Mezitli Belediyesi ekipleri taraf\u0131ndan toplanan evsel kat\u0131 at\u0131klar\u0131n ge\u00e7ici aktar\u0131m\u0131 sa\u011flan\u0131rken, bu yolla toplam 440 bin civar\u0131ndaki n\u00fcfusa sahip olan iki il\u00e7e, Mersin B\u00fcy\u00fck\u015fehir Belediyesi taraf\u0131ndan y\u00fcr\u00fct\u00fclen bu hizmet ile tan\u0131\u015fm\u0131\u015f oldu.\u00a0<\/span><br style=\"box-sizing: border-box; font-family: sans-serif; font-size: 14px; line-height: 20px; text-align: justify; background-color: rgb(242, 244, 245);\" \/><br \/>\n<span style=\"font-family: sans-serif; line-height: 20px; text-align: justify; background-color: rgb(242, 244, 245);\">G\u00f6k\u00e7ebelen mobil kat\u0131 at\u0131k aktarma istasyonunda g\u00fcnde yakla\u015f\u0131k 400 ton evsel kat\u0131 at\u0131\u011f\u0131n ge\u00e7ici aktar\u0131m\u0131 yap\u0131l\u0131rken, Yeni\u015fehir ve Mezitli il\u00e7e belediyeleri taraf\u0131ndan k\u00fc\u00e7\u00fck hacimli ara\u00e7lar vas\u0131tas\u0131 ile toplanan at\u0131klar, aktarma istasyonunda b\u00fcy\u00fck hacimli ara\u00e7lara sevk ediliyor.\u00a0<\/span><br style=\"box-sizing: border-box; font-family: sans-serif; font-size: 14px; line-height: 20px; text-align: justify; background-color: rgb(242, 244, 245);\" \/><br \/>\n<span style=\"font-family: sans-serif; line-height: 20px; text-align: justify; background-color: rgb(242, 244, 245);\">Sevk i\u015fleminin akabinde yakla\u015f\u0131k 40 kilometre uzakl\u0131kta Akdeniz il\u00e7esi s\u0131n\u0131rlar\u0131 i\u00e7indeki Sar\u0131 \u0130brahimli D\u00fczenli Kat\u0131k At\u0131k Depolama Alan\u0131\u2019na g\u00f6t\u00fcr\u00fcl\u00fcrken, bu \u015fekilde il\u00e7e belediyelerinin kat\u0131 at\u0131klar\u0131n\u0131n d\u00fczenli depolama alan\u0131na ula\u015f\u0131m\u0131 kolayla\u015f\u0131rken, bu y\u00f6ndeki giderler de azalt\u0131l\u0131yor ve \u00e7evre kirlili\u011fi de en aza indiriliyor.Akdeniz ve Toroslar\u2019\u0131n g\u00fcnl\u00fck 600 ton \u00e7\u00f6p\u00fc Arpa\u00e7sakar\u2019a aktar\u0131l\u0131yor\u00a0<\/span><br style=\"box-sizing: border-box; font-family: sans-serif; font-size: 14px; line-height: 20px; text-align: justify; background-color: rgb(242, 244, 245);\" \/><br \/>\n<span style=\"font-family: sans-serif; line-height: 20px; text-align: justify; background-color: rgb(242, 244, 245);\">Yakla\u015f\u0131k 296 bin n\u00fcfusa sahip Toroslar ve 269 bin n\u00fcfusun ya\u015fad\u0131\u011f\u0131 Akdeniz il\u00e7esinin kat\u0131k at\u0131klar\u0131 da Mersin B\u00fcy\u00fck\u015fehir Belediyesi taraf\u0131ndan Arpa\u00e7sakarlar Mahallesi\u2019nde kurulan mobil kat\u0131 at\u0131k aktarma istasyonu kullan\u0131larak aktar\u0131l\u0131yor.\u00a0<\/span><br style=\"box-sizing: border-box; font-family: sans-serif; font-size: 14px; line-height: 20px; text-align: justify; background-color: rgb(242, 244, 245);\" \/><br \/>\n<span style=\"font-family: sans-serif; line-height: 20px; text-align: justify; background-color: rgb(242, 244, 245);\">Aktarma istasyonda toplamda g\u00fcnde 600 ton kat\u0131 at\u0131\u011f\u0131n aktar\u0131m\u0131 ge\u00e7ici ger\u00e7ekle\u015firken, bu sayede il\u00e7e belediyelerine ait ara\u00e7lar\u0131n 25 kilometre uzakl\u0131ktaki d\u00fczenli depolama alan\u0131na gitmelerine de gerek kalm\u0131yor.\u00a0<\/span><br style=\"box-sizing: border-box; font-family: sans-serif; font-size: 14px; line-height: 20px; text-align: justify; background-color: rgb(242, 244, 245);\" \/><br \/>\n<span style=\"font-family: sans-serif; line-height: 20px; text-align: justify; background-color: rgb(242, 244, 245);\">Kat\u0131 at\u0131k aktarma istasyonlar\u0131n\u0131n faaliyete ge\u00e7irilerek Mersin\u2019de \u00e7\u00f6plerin aktar\u0131m\u0131 konusunda yeni bir d\u00f6nemin ba\u015flad\u0131\u011f\u0131na i\u015faret eden B\u00fcy\u00fck\u015fehir Belediye Ba\u015fkan\u0131 Burhanettin Kocamaz, \u201cKat\u0131 at\u0131k aktarma istasyonlar\u0131nda \u00e7\u00f6p kokmaya ba\u015flamadan an\u0131nda toplan\u0131yor ve depolama alan\u0131na gidiyor\u201d dedi.\u00a0<\/span><br style=\"box-sizing: border-box; font-family: sans-serif; font-size: 14px; line-height: 20px; text-align: justify; background-color: rgb(242, 244, 245);\" \/><br \/>\n<span style=\"font-family: sans-serif; line-height: 20px; text-align: justify; background-color: rgb(242, 244, 245);\">Kat\u0131 at\u0131k aktarma istasyonlar\u0131n\u0131n enerji ve zaman tasarrufu sa\u011flad\u0131\u011f\u0131n\u0131 ve istasyonlar konusunda vatanda\u015flara baz\u0131 kesimler taraf\u0131ndan yanl\u0131\u015f bilgiler verildi\u011fini kaydeden Kocamaz, \u201dBu tip aktarma istasyonlar\u0131 \u0130stanbul\u2019un bir\u00e7ok b\u00f6lgesinde var. Bunlar\u0131n etrafa koku yayd\u0131\u011f\u0131na dair ortaya at\u0131lan iddialara inananlar\u0131 bu istasyonlar\u0131 gezmeye davet ediyorum. Buras\u0131 bir aktarma istasyonu, \u00e7\u00f6pler orada kalm\u0131yor. E\u011fer koku oluyorsa biz onun da \u00e7\u00f6z\u00fcm\u00fcn\u00fc buluruz\u201d ifadelerini kulland\u0131.\u00a0<\/span><\/span><\/p>\n","protected":false},"excerpt":{"rendered":"<p>Mersin\u2019de G\u00f6k\u00e7ebelen ve Arpa\u00e7sakarlar mobil kat\u0131 at\u0131k aktarma istasyonlar\u0131n\u0131n faaliyete ge\u00e7mesiyle birlikte merkezdeki d\u00f6rt il\u00e7ede \u00e7\u00f6p toplama i\u015flemleri bu istasyonlar arac\u0131l\u0131\u011f\u0131 ile yap\u0131l\u0131yor. Mersin B\u00fcy\u00fck\u015fehir Belediyesi&#8217;nden yap\u0131lan a\u00e7\u0131klamaya g\u00f6re, g\u00fcnl\u00fck &hellip; <a href=\"https:\/\/akdenizolaygazetesi.com\/?p=1838\" class=\"more-link\">Devam\u0131n\u0131 Oku&#8230;<\/a><\/p>\n","protected":false},"author":1,"featured_media":0,"comment_status":"open","ping_status":"open","sticky":false,"template":"","format":"standard","meta":[],"categories":[],"tags":[],"_links":{"self":[{"href":"https:\/\/akdenizolaygazetesi.com\/index.php?rest_route=\/wp\/v2\/posts\/1838"}],"collection":[{"href":"https:\/\/akdenizolaygazetesi.com\/index.php?rest_route=\/wp\/v2\/posts"}],"about":[{"href":"https:\/\/akdenizolaygazetesi.com\/index.php?rest_route=\/wp\/v2\/types\/post"}],"author":[{"embeddable":true,"href":"https:\/\/akdenizolaygazetesi.com\/index.php?rest_route=\/wp\/v2\/users\/1"}],"replies":[{"embeddable":true,"href":"https:\/\/akdenizolaygazetesi.com\/index.php?rest_route=%2Fwp%2Fv2%2Fcomments&post=1838"}],"version-history":[{"count":0,"href":"https:\/\/akdenizolaygazetesi.com\/index.php?rest_route=\/wp\/v2\/posts\/1838\/revisions"}],"wp:attachment":[{"href":"https:\/\/akdenizolaygazetesi.com\/index.php?rest_route=%2Fwp%2Fv2%2Fmedia&parent=1838"}],"wp:term":[{"taxonomy":"category","embeddable":true,"href":"https:\/\/akdenizolaygazetesi.com\/index.php?rest_route=%2Fwp%2Fv2%2Fcategories&post=1838"},{"taxonomy":"post_tag","embeddable":true,"href":"https:\/\/akdenizolaygazetesi.com\/index.php?rest_route=%2Fwp%2Fv2%2Ftags&post=1838"}],"curies":[{"name":"wp","href":"https:\/\/api.w.org\/{rel}","templated":true}]}}