{"id":1839,"date":"2020-11-04T18:22:23","date_gmt":"2020-11-04T15:22:23","guid":{"rendered":"http:\/\/mersinekonomipolitikagazetesi.com\/?p=1839"},"modified":"2020-11-04T18:22:23","modified_gmt":"2020-11-04T15:22:23","slug":"mersin-idmanyurdunun-yeni-baskani-erol-antonie-vitel-oldu","status":"publish","type":"post","link":"https:\/\/akdenizolaygazetesi.com\/?p=1839","title":{"rendered":"Mersin \u0130dmanyurdu&#8217;nun yeni ba\u015fkan\u0131 Erol Antonie Vitel oldu"},"content":{"rendered":"<p>TFF 2. Lig K\u0131rm\u0131z\u0131 Grup&#8217;ta m\u00fccadele eden ve rekorlar k\u0131rarak 3. Lig&#8217;e d\u00fc\u015fmesi kesinle\u015fen Mersin \u0130dmanyurdu&#8217;nda Ola\u011fan\u00fcst\u00fc Genel Kurul toplant\u0131s\u0131 yap\u0131ld\u0131. Toplant\u0131da oy birli\u011fi ile ba\u015fkanl\u0131\u011fa Erol Antonie Vitel se\u00e7ildi.<\/p>\n<p><span style=\"font-size:16px;\"><span style=\"font-family: sans-serif; line-height: 20px; text-align: justify; background-color: rgb(242, 244, 245);\">K\u0131rm\u0131z\u0131 lacivertli ekipte, Ola\u011fan\u00fcst\u00fc Genel Kurul yap\u0131ld\u0131. Mersin B\u00fcy\u00fck\u015fehir Belediyesi Kongre ve Sergi Saray\u0131&#8217;nda yap\u0131lan genel kurulda, tak\u0131m\u0131n yeni ba\u015fkan\u0131 se\u00e7ildi. Tek listeyle se\u00e7imin yap\u0131ld\u0131\u011f\u0131 kurulda, Erol Antonie Vitel yeni ba\u015fkan oldu. Burada konu\u015fan eski Ba\u015fkan Hamit \u0130zol, Mersin \u0130dmanyurdu&#8217;nun \u015fanl\u0131 bir maziye sahip oldu\u011funu vurgulayarak, &#8220;Bu durumlarda olmas\u0131 hepimizi \u00e7ok derinlerden \u00fczmektedir. Biz geldi\u011fimiz g\u00fcnden bug\u00fcne kadar b\u00fct\u00fcn \u00f6demeleri zaman\u0131nda yapt\u0131k. B\u00fct\u00fcn sporcular\u0131n ve \u00e7al\u0131\u015fanlar\u0131n paras\u0131n\u0131 zaman\u0131nda verdik. Bazen baz\u0131 arkada\u015flar\u0131m\u0131z televizyonlarda, gazetelerde \u00f6\u011frenmeden baz\u0131 \u015feyleri s\u00f6yl\u00fcyorlar, buda \u015fehrimizin moralini bozuyor. Burada \u00e7ok duyarl\u0131 davranmal\u0131y\u0131z. Bug\u00fcn burada Mersin \u0130dmanyurdu&#8217;nu seven insanlar\u0131 g\u00f6r\u00fcyorum. Burada k\u00f6t\u00fc yorumlar yapmak kimseye bir \u015fey kazand\u0131rmak. Zaten olan olmu\u015f, dibe vurdu\u011fumuz kadar vurmu\u015fuz, daha da ac\u0131tman\u0131n bence bir anlam\u0131 yoktur. Siz bu \u015fehre ihanet ediyorsunuz. Bunun hesab\u0131n\u0131 da bir g\u00fcn bu \u015fehre vereceksiniz. Bu \u015fehir \u00f6yle bo\u015f \u015fehir de\u011fil. Mersin \u0130dmanyurdu&#8217;nu kapatmak veya kayyuma b\u0131rakmak hi\u00e7bir babayi\u011fidin harc\u0131 de\u011fildir, benim hi\u00e7 de\u011fildir. \u0130nsan kendi can\u0131n\u0131 verebilece\u011fi, a\u015fk\u0131n\u0131 nas\u0131l bir kenara at\u0131p da yok edebilir. Ben madem yok edeceksem ben ve y\u00f6netimim neden buraya geldik&#8221; dedi.\u00a0<\/span><br style=\"box-sizing: border-box; font-family: sans-serif; font-size: 14px; line-height: 20px; text-align: justify; background-color: rgb(242, 244, 245);\" \/><br \/>\n<br style=\"box-sizing: border-box; font-family: sans-serif; font-size: 14px; line-height: 20px; text-align: justify; background-color: rgb(242, 244, 245);\" \/><br \/>\n<span style=\"font-family: sans-serif; line-height: 20px; text-align: justify; background-color: rgb(242, 244, 245);\">&#8220;Biz bu dibe vurmu\u015flu\u011fu en \u00fcste \u00e7\u0131karaca\u011f\u0131z&#8221;\u00a0<\/span><br style=\"box-sizing: border-box; font-family: sans-serif; font-size: 14px; line-height: 20px; text-align: justify; background-color: rgb(242, 244, 245);\" \/><br \/>\n<span style=\"font-family: sans-serif; line-height: 20px; text-align: justify; background-color: rgb(242, 244, 245);\">G\u00f6reve geldikleri g\u00fcnden bug\u00fcne kadar programlar\u0131n\u0131 harfiyen uygulad\u0131klar\u0131n\u0131 vurgulayan \u0130zol, &#8220;Bug\u00fcn Mersin \u0130dmanyurdu bu kadar dibe vurmam\u0131\u015f olsayd\u0131, 3. Ligde bir Mersin \u0130dmanyurdu olsayd\u0131, kesintisiz yukar\u0131ya do\u011fru \u00e7\u0131k\u0131\u015f yapard\u0131k. Ancak herkes \u015funa inans\u0131n. Biz bu dibe vurmu\u015flu\u011fu, en \u00fcste \u00e7\u0131karaca\u011f\u0131z, hi\u00e7 merak etmeyin. \u00d6yle b\u0131rak\u0131p, ka\u00e7acak de\u011filiz. Ka\u00e7sayd\u0131k gelmezdik. Mersin \u0130dmanyurdu bizim hem anam\u0131z, hem babam\u0131z, hem \u00e7ocu\u011fumuz. Biz bu tak\u0131m i\u00e7in her \u015feyimizi ortaya koymu\u015fuz. Mersin \u0130dmanyurdu&#8217;nu laik oldu\u011fu yere hep birlikte \u00e7\u0131karaca\u011f\u0131z. Benim ve y\u00f6netimimin bu \u015fehre borcu var. Bizim bunu yerine getirmemiz laz\u0131m. Bug\u00fcne kadar benimle beraber olan ve \u00e7al\u0131\u015fan b\u00fct\u00fcn arkada\u015flara te\u015fekk\u00fcr ediyorum. Bu ba\u015far\u0131 olsayd\u0131 \u015fehrin ba\u015far\u0131s\u0131 olacakt\u0131, ba\u015far\u0131s\u0131zl\u0131kta benim ba\u015far\u0131s\u0131zl\u0131\u011f\u0131m olacakt\u0131. Ben inan\u0131yorum ki bu \u015fehir bana inan\u0131yor, g\u00fcveniyor ve bende bu g\u00fcveniyorum. \u0130n\u015fallah bir yanl\u0131\u015f yapmadan, bu i\u015fi d\u00fczl\u00fc\u011fe \u00e7\u0131kar\u0131r\u0131z ve hepimiz gururla Mersin \u0130dmanyurdu ma\u00e7lar\u0131na gideriz ve eski g\u00fcnlerimize tekrar geri d\u00f6neriz. Bu y\u00f6netim de\u011fi\u015febilir, burada hi\u00e7 kimsenin akl\u0131na bir \u015fey gelmesin. Gelecek olan y\u00f6netim yine bizim. Hemen havluyu atm\u0131\u015f de\u011filiz. Biz her \u015feyi sonuna kadar kullanaca\u011f\u0131z&#8221; diye konu\u015ftu.\u00a0<\/span><br style=\"box-sizing: border-box; font-family: sans-serif; font-size: 14px; line-height: 20px; text-align: justify; background-color: rgb(242, 244, 245);\" \/><br \/>\n<span style=\"font-family: sans-serif; line-height: 20px; text-align: justify; background-color: rgb(242, 244, 245);\">Konu\u015fmalar\u0131n ard\u0131ndan tek liste ile gidilen se\u00e7imde ba\u015fkanl\u0131\u011fa Erol Antonie Vitel ve y\u00f6netimi se\u00e7ildi.\u00a0<\/span><\/span><\/p>\n","protected":false},"excerpt":{"rendered":"<p>TFF 2. Lig K\u0131rm\u0131z\u0131 Grup&#8217;ta m\u00fccadele eden ve rekorlar k\u0131rarak 3. Lig&#8217;e d\u00fc\u015fmesi kesinle\u015fen Mersin \u0130dmanyurdu&#8217;nda Ola\u011fan\u00fcst\u00fc Genel Kurul toplant\u0131s\u0131 yap\u0131ld\u0131. Toplant\u0131da oy birli\u011fi ile ba\u015fkanl\u0131\u011fa Erol Antonie Vitel se\u00e7ildi. &hellip; <a href=\"https:\/\/akdenizolaygazetesi.com\/?p=1839\" class=\"more-link\">Devam\u0131n\u0131 Oku&#8230;<\/a><\/p>\n","protected":false},"author":1,"featured_media":0,"comment_status":"open","ping_status":"open","sticky":false,"template":"","format":"standard","meta":[],"categories":[],"tags":[],"_links":{"self":[{"href":"https:\/\/akdenizolaygazetesi.com\/index.php?rest_route=\/wp\/v2\/posts\/1839"}],"collection":[{"href":"https:\/\/akdenizolaygazetesi.com\/index.php?rest_route=\/wp\/v2\/posts"}],"about":[{"href":"https:\/\/akdenizolaygazetesi.com\/index.php?rest_route=\/wp\/v2\/types\/post"}],"author":[{"embeddable":true,"href":"https:\/\/akdenizolaygazetesi.com\/index.php?rest_route=\/wp\/v2\/users\/1"}],"replies":[{"embeddable":true,"href":"https:\/\/akdenizolaygazetesi.com\/index.php?rest_route=%2Fwp%2Fv2%2Fcomments&post=1839"}],"version-history":[{"count":0,"href":"https:\/\/akdenizolaygazetesi.com\/index.php?rest_route=\/wp\/v2\/posts\/1839\/revisions"}],"wp:attachment":[{"href":"https:\/\/akdenizolaygazetesi.com\/index.php?rest_route=%2Fwp%2Fv2%2Fmedia&parent=1839"}],"wp:term":[{"taxonomy":"category","embeddable":true,"href":"https:\/\/akdenizolaygazetesi.com\/index.php?rest_route=%2Fwp%2Fv2%2Fcategories&post=1839"},{"taxonomy":"post_tag","embeddable":true,"href":"https:\/\/akdenizolaygazetesi.com\/index.php?rest_route=%2Fwp%2Fv2%2Ftags&post=1839"}],"curies":[{"name":"wp","href":"https:\/\/api.w.org\/{rel}","templated":true}]}}