{"id":1841,"date":"2020-11-04T18:22:23","date_gmt":"2020-11-04T15:22:23","guid":{"rendered":"http:\/\/mersinekonomipolitikagazetesi.com\/?p=1841"},"modified":"2020-11-04T18:22:23","modified_gmt":"2020-11-04T15:22:23","slug":"akdeniz-belediyesinde-asfalt-sezonu-basliyor","status":"publish","type":"post","link":"https:\/\/akdenizolaygazetesi.com\/?p=1841","title":{"rendered":"Akdeniz Belediyesi&#8217;nde asfalt sezonu ba\u015fl\u0131yor"},"content":{"rendered":"<p>Akdeniz Belediyesi, asfalt, kilit ta\u015f\u0131 ve kald\u0131r\u0131m \u00e7al\u0131\u015fmalar\u0131na d\u00f6rt koldan ba\u015flamaya haz\u0131rlan\u0131yor. \u0130l\u00e7ede yeni sezonla birlikte toplam 40 bin ton asfalt, 9 bin metrekare karo, 3 bin metrekare kilit ta\u015f\u0131, 7 bin metrek\u00fcp bord\u00fcr \u00e7al\u0131\u015fmas\u0131 yap\u0131lmas\u0131 planlan\u0131yor.<\/p>\n<p><span style=\"font-size:16px;\"><span style=\"font-family: sans-serif; line-height: 20px; text-align: justify; background-color: rgb(242, 244, 245);\">Akdeniz Belediyesi&#8217;nden yap\u0131lan a\u00e7\u0131klamaya g\u00f6re, il\u00e7eye ba\u011fl\u0131 mahallelerde ya\u015fam\u0131 yeni ba\u015ftan kurgulay\u0131p il\u00e7enin \u00e7ehresini de\u011fi\u015ftirmek, halk\u0131n ya\u015fam standartlar\u0131n\u0131 y\u00fckseltmek i\u00e7in y\u00fcr\u00fct\u00fclen hizmet ata\u011f\u0131 devam ediyor. Ba\u015fta Nusratiye, \u0130hsaniye, \u00dc\u00e7ocak, Karaduvar, Gazi ve Sar\u0131ibrahimli mahalleleri olmak \u00fczere, ihtiya\u00e7 duyan b\u00fct\u00fcn mahallelerde asfalt kaplama ve kald\u0131r\u0131m yenileme hizmeti i\u00e7in verilebilmesi i\u00e7in toplam 7 milyon 200 bin TL tutar\u0131ndaki ihale s\u00fcreci sonu\u00e7land\u0131. Hava \u015fartlar\u0131n\u0131n uygun olmas\u0131yla birlikte ba\u015flayacak \u00e7al\u0131\u015fmalarla, toplam 40 bin ton asfalt, 9 bin metrekare karo, 3 bin metrekare kilit ta\u015f\u0131, 7 bin metrek\u00fcp bord\u00fcr kaplama hizmeti verilmesi planlan\u0131yor.\u00a0<\/span><br style=\"box-sizing: border-box; font-family: sans-serif; font-size: 14px; line-height: 20px; text-align: justify; background-color: rgb(242, 244, 245);\" \/><br \/>\n<span style=\"font-family: sans-serif; line-height: 20px; text-align: justify; background-color: rgb(242, 244, 245);\">Ba\u015fkan Pamuk, muhtarlar\u0131 bilgilendirdi\u00a0<\/span><br style=\"box-sizing: border-box; font-family: sans-serif; font-size: 14px; line-height: 20px; text-align: justify; background-color: rgb(242, 244, 245);\" \/><br \/>\n<span style=\"font-family: sans-serif; line-height: 20px; text-align: justify; background-color: rgb(242, 244, 245);\">Akdeniz\u2019e ba\u011fl\u0131 mahalle muhtarlar\u0131yla belediye konferans salonunda bir araya gelen Akdeniz Belediye Ba\u015fkan\u0131 Muhittin Pamuk, 2018 y\u0131l\u0131 i\u00e7erisinde yap\u0131lmas\u0131 planlanan hizmet ve projeleri anlatt\u0131. \u0130lk olarak muhtarlar\u0131n dile getirdi\u011fi talepleri ve \u00e7\u00f6z\u00fcme kavu\u015fmas\u0131n\u0131 istedikleri s\u0131k\u0131nt\u0131lar\u0131 dinleyip not ald\u0131ran Ba\u015fkan Pamuk, ard\u0131ndan y\u0131l i\u00e7erisinde yap\u0131lacak hizmet ve \u00e7al\u0131\u015fmalar\u0131 a\u00e7\u0131klad\u0131.\u00a0<\/span><br style=\"box-sizing: border-box; font-family: sans-serif; font-size: 14px; line-height: 20px; text-align: justify; background-color: rgb(242, 244, 245);\" \/><br \/>\n<span style=\"font-family: sans-serif; line-height: 20px; text-align: justify; background-color: rgb(242, 244, 245);\">\u201cAsfalt, kald\u0131r\u0131m, kilit ta\u015f\u0131 \u00e7al\u0131\u015fmas\u0131 y\u0131l boyu s\u00fcrecek\u201d\u00a0<\/span><br style=\"box-sizing: border-box; font-family: sans-serif; font-size: 14px; line-height: 20px; text-align: justify; background-color: rgb(242, 244, 245);\" \/><br \/>\n<span style=\"font-family: sans-serif; line-height: 20px; text-align: justify; background-color: rgb(242, 244, 245);\">Akdeniz Belediyesi Fen \u0130\u015fleri M\u00fcd\u00fcrl\u00fc\u011f\u00fc\u2019n\u00fcn, 2018 y\u0131l\u0131 asfalt, kald\u0131r\u0131m ve kilit ta\u015f\u0131 ihalesinin tamamlanarak s\u00f6zle\u015fmenin imzaland\u0131\u011f\u0131n\u0131 belirten Pamuk, \u201cT\u0131pk\u0131 2017 y\u0131l\u0131nda oldu\u011fu gibi 2018 y\u0131l\u0131nda da mahallelerimizde yeniden altyap\u0131 \u00e7al\u0131\u015fmalar\u0131n\u0131 belli bir plan ve program \u00e7er\u00e7evesinde t\u00fcm h\u0131z\u0131yla devam ettirece\u011fiz. Y\u0131l\u0131n ikinci yar\u0131s\u0131nda da yine ilk yar\u0131s\u0131nda oldu\u011fu gibi yeniden ihaleye \u00e7\u0131kaca\u011f\u0131z ve Akdeniz il\u00e7emize ba\u011fl\u0131 t\u00fcm mahallelerimizde altyap\u0131 y\u0131l \u00e7al\u0131\u015fmalar\u0131m\u0131z y\u0131l boyu devam edecek\u201d dedi.\u00a0<\/span><br style=\"box-sizing: border-box; font-family: sans-serif; font-size: 14px; line-height: 20px; text-align: justify; background-color: rgb(242, 244, 245);\" \/><br \/>\n<span style=\"font-family: sans-serif; line-height: 20px; text-align: justify; background-color: rgb(242, 244, 245);\">\u201cYapt\u0131\u011f\u0131m\u0131z i\u015fin nitelikli, temiz ve kal\u0131c\u0131 olmas\u0131n\u0131 istiyoruz\u201d\u00a0<\/span><br style=\"box-sizing: border-box; font-family: sans-serif; font-size: 14px; line-height: 20px; text-align: justify; background-color: rgb(242, 244, 245);\" \/><br \/>\n<span style=\"font-family: sans-serif; line-height: 20px; text-align: justify; background-color: rgb(242, 244, 245);\">\u201cBelli bir d\u00fczen ve denge i\u00e7erisinde, adilce ve herkese hakk\u0131n\u0131 vererek, e\u015fit bir \u015fekilde asfalt, yol, kald\u0131r\u0131m hizmetlerini vatanda\u015flar\u0131m\u0131za, mahallelerimize verece\u011fiz\u201d diyen Pamuk, \u201cTabi ba\u015ftan savma bir \u015fekilde de\u011fil, yapt\u0131\u011f\u0131m\u0131z i\u015fin, hizmetin temiz ve kal\u0131c\u0131 olmas\u0131n\u0131 da istiyoruz. Plan ve program\u0131m\u0131z\u0131 haz\u0131rlay\u0131p s\u00fcreci ba\u015flatt\u0131k. Hi\u00e7 kimse merak etmesin, 2018 y\u0131l\u0131 i\u00e7inde mahallelerimizi ba\u015ftan a\u015fa\u011f\u0131 yeniden elden ge\u00e7irece\u011fiz. Asfalt, kilit ta\u015f\u0131, parke, yol a\u00e7ma hizmetlerimiz kesintisiz devam edecek. Mahallelerimize hakkaniyetli, dengeli ve kaliteli bir \u015fekilde hizmeti da\u011f\u0131taca\u011f\u0131z&#8221; ifadelerini kulland\u0131.\u00a0<\/span><br style=\"box-sizing: border-box; font-family: sans-serif; font-size: 14px; line-height: 20px; text-align: justify; background-color: rgb(242, 244, 245);\" \/><br \/>\n<span style=\"font-family: sans-serif; line-height: 20px; text-align: justify; background-color: rgb(242, 244, 245);\">Sosyal Yard\u0131mla\u015fma ve Dayan\u0131\u015fma Vakf\u0131 da &#8216;Evde Bak\u0131m Hizmeti&#8217; verecek\u00a0<\/span><br style=\"box-sizing: border-box; font-family: sans-serif; font-size: 14px; line-height: 20px; text-align: justify; background-color: rgb(242, 244, 245);\" \/><br \/>\n<span style=\"font-family: sans-serif; line-height: 20px; text-align: justify; background-color: rgb(242, 244, 245);\">Pamuk, Akdeniz Belediyesi Kad\u0131n ve Aile Hizmetleri M\u00fcd\u00fcrl\u00fc\u011f\u00fc\u2019n\u00fcn ya\u015fl\u0131, kimsesiz, hasta ve engelli vatanda\u015flara sundu\u011fu \u2018Evde Bak\u0131m, Sa\u011fl\u0131k Hizmeti\u2019ne de de\u011findi\u011fi konu\u015fmas\u0131nda, Akdeniz Kaymakaml\u0131\u011f\u0131 Sosyal Yard\u0131mla\u015fma ve Dayan\u0131\u015fma Vakf\u0131 olarak da haz\u0131rlad\u0131klar\u0131 projenin kabul edildi\u011fini belirtti. Devletin, zor ve ma\u011fdur durumdaki vatanda\u015flara bir\u00e7ok imkan sundu\u011funu kaydeden Pamuk, \u201cNitekim 16 Nisan 2018 Pazartesi g\u00fcn\u00fcnden itibaren SYDV da \u2018Evde Bak\u0131m, Sa\u011fl\u0131k ve Temizlik Hizmeti\u2019ni ihtiya\u00e7 sahibi vatanda\u015flar\u0131m\u0131za vermeye ba\u015flad\u0131. Amac\u0131m\u0131z daha fazla ki\u015fiye ula\u015fmak. Ma\u011fdur durumda olan, s\u0131k\u0131nt\u0131s\u0131 olan vatanda\u015flar\u0131m\u0131z olursa, l\u00fctfen bunu belediyeye, kaymakaml\u0131\u011fa veya vakfa bildirirseniz, bizler de o vatanda\u015flar\u0131m\u0131za ula\u015f\u0131r\u0131z. Psikolojik veya maddi, her t\u00fcrl\u00fc deste\u011fi o ailelerimize sa\u011flar\u0131z\u201d \u015feklinde konu\u015ftu.\u00a0<\/span><\/span><\/p>\n","protected":false},"excerpt":{"rendered":"<p>Akdeniz Belediyesi, asfalt, kilit ta\u015f\u0131 ve kald\u0131r\u0131m \u00e7al\u0131\u015fmalar\u0131na d\u00f6rt koldan ba\u015flamaya haz\u0131rlan\u0131yor. \u0130l\u00e7ede yeni sezonla birlikte toplam 40 bin ton asfalt, 9 bin metrekare karo, 3 bin metrekare kilit ta\u015f\u0131, &hellip; <a href=\"https:\/\/akdenizolaygazetesi.com\/?p=1841\" class=\"more-link\">Devam\u0131n\u0131 Oku&#8230;<\/a><\/p>\n","protected":false},"author":1,"featured_media":0,"comment_status":"open","ping_status":"open","sticky":false,"template":"","format":"standard","meta":[],"categories":[],"tags":[],"_links":{"self":[{"href":"https:\/\/akdenizolaygazetesi.com\/index.php?rest_route=\/wp\/v2\/posts\/1841"}],"collection":[{"href":"https:\/\/akdenizolaygazetesi.com\/index.php?rest_route=\/wp\/v2\/posts"}],"about":[{"href":"https:\/\/akdenizolaygazetesi.com\/index.php?rest_route=\/wp\/v2\/types\/post"}],"author":[{"embeddable":true,"href":"https:\/\/akdenizolaygazetesi.com\/index.php?rest_route=\/wp\/v2\/users\/1"}],"replies":[{"embeddable":true,"href":"https:\/\/akdenizolaygazetesi.com\/index.php?rest_route=%2Fwp%2Fv2%2Fcomments&post=1841"}],"version-history":[{"count":0,"href":"https:\/\/akdenizolaygazetesi.com\/index.php?rest_route=\/wp\/v2\/posts\/1841\/revisions"}],"wp:attachment":[{"href":"https:\/\/akdenizolaygazetesi.com\/index.php?rest_route=%2Fwp%2Fv2%2Fmedia&parent=1841"}],"wp:term":[{"taxonomy":"category","embeddable":true,"href":"https:\/\/akdenizolaygazetesi.com\/index.php?rest_route=%2Fwp%2Fv2%2Fcategories&post=1841"},{"taxonomy":"post_tag","embeddable":true,"href":"https:\/\/akdenizolaygazetesi.com\/index.php?rest_route=%2Fwp%2Fv2%2Ftags&post=1841"}],"curies":[{"name":"wp","href":"https:\/\/api.w.org\/{rel}","templated":true}]}}