{"id":1842,"date":"2020-11-04T18:22:23","date_gmt":"2020-11-04T15:22:23","guid":{"rendered":"http:\/\/mersinekonomipolitikagazetesi.com\/?p=1842"},"modified":"2020-11-04T18:22:23","modified_gmt":"2020-11-04T15:22:23","slug":"turab-baskani-sunay-is-dunyasinin-yurt-disina-acilmasi-amacindayiz","status":"publish","type":"post","link":"https:\/\/akdenizolaygazetesi.com\/?p=1842","title":{"rendered":"TURAB Ba\u015fkan\u0131 Sunay: &#8220;\u0130\u015f d\u00fcnyas\u0131n\u0131n yurt d\u0131\u015f\u0131na a\u00e7\u0131lmas\u0131 amac\u0131nday\u0131z&#8221;"},"content":{"rendered":"<p>T\u00fcrk Arap \u00dclkeleri \u0130\u015f \u0130nsanlar\u0131 Derne\u011fi (TURAB) y\u00f6neticileri, Mersin Ticaret ve Sanayi Odas\u0131\u2019n\u0131 (MTSO) ziyaret ederek, MTSO Y\u00f6netim Kurulu Ba\u015fkan\u0131 Ayhan K\u0131z\u0131ltan ve Meclis Ba\u015fkan\u0131 Hamit \u0130zol ile g\u00f6r\u00fc\u015ft\u00fc.<\/p>\n<p><span style=\"font-size:16px;\"><span style=\"font-family: sans-serif; line-height: 20px; text-align: justify; background-color: rgb(242, 244, 245);\">Ziyaretle ilgili a\u00e7\u0131klama yapan TURAB Genel Ba\u015fkan\u0131 Canan Sunay, verimli bir g\u00f6r\u00fc\u015fme ger\u00e7ekle\u015ftirdiklerini kaydederek, &#8220;MTSO ile yapt\u0131\u011f\u0131m\u0131z g\u00f6r\u00fc\u015fmede \u00fclke ekonomisini kalk\u0131nd\u0131rmak ve Arap \u00fclkeleri ile olan ticari ili\u015fkilerimizi geli\u015ftirmek i\u00e7in fikir al\u0131\u015fveri\u015finde bulunduk. TURAB olarak belirli \u00fclkelerin b\u00fcy\u00fck el\u00e7ilerini \u00fclkemize davet edip i\u015f d\u00fcnyas\u0131na y\u00f6nelik \u00e7e\u015fitli toplant\u0131lar d\u00fczenleme \u00f6nerilerimizi payla\u015ft\u0131k. Bu projelerimizi MTSO ile g\u00f6r\u00fc\u015f\u00fcp yap\u0131lacak toplant\u0131lar ile ilgili i\u015fbirli\u011fi konusunda anla\u015ft\u0131k. Amac\u0131m\u0131z i\u015f d\u00fcnyas\u0131n\u0131n d\u0131\u015far\u0131 a\u00e7\u0131lmas\u0131 ve yurt d\u0131\u015f\u0131 ili\u015fkilerin geli\u015fmesidir. Bunun i\u00e7in TURAB olarak \u00e7al\u0131\u015fmalar\u0131m\u0131z devam ediyor&#8221; dedi.\u00a0<\/span><br style=\"box-sizing: border-box; font-family: sans-serif; font-size: 14px; line-height: 20px; text-align: justify; background-color: rgb(242, 244, 245);\" \/><br \/>\n<span style=\"font-family: sans-serif; line-height: 20px; text-align: justify; background-color: rgb(242, 244, 245);\">Sunay ayr\u0131ca, MTSO&#8217;nun yeni y\u00f6netimini de tebrik etti.<\/span><\/span><\/p>\n","protected":false},"excerpt":{"rendered":"<p>T\u00fcrk Arap \u00dclkeleri \u0130\u015f \u0130nsanlar\u0131 Derne\u011fi (TURAB) y\u00f6neticileri, Mersin Ticaret ve Sanayi Odas\u0131\u2019n\u0131 (MTSO) ziyaret ederek, MTSO Y\u00f6netim Kurulu Ba\u015fkan\u0131 Ayhan K\u0131z\u0131ltan ve Meclis Ba\u015fkan\u0131 Hamit \u0130zol ile g\u00f6r\u00fc\u015ft\u00fc. Ziyaretle &hellip; <a href=\"https:\/\/akdenizolaygazetesi.com\/?p=1842\" class=\"more-link\">Devam\u0131n\u0131 Oku&#8230;<\/a><\/p>\n","protected":false},"author":1,"featured_media":0,"comment_status":"open","ping_status":"open","sticky":false,"template":"","format":"standard","meta":[],"categories":[],"tags":[],"_links":{"self":[{"href":"https:\/\/akdenizolaygazetesi.com\/index.php?rest_route=\/wp\/v2\/posts\/1842"}],"collection":[{"href":"https:\/\/akdenizolaygazetesi.com\/index.php?rest_route=\/wp\/v2\/posts"}],"about":[{"href":"https:\/\/akdenizolaygazetesi.com\/index.php?rest_route=\/wp\/v2\/types\/post"}],"author":[{"embeddable":true,"href":"https:\/\/akdenizolaygazetesi.com\/index.php?rest_route=\/wp\/v2\/users\/1"}],"replies":[{"embeddable":true,"href":"https:\/\/akdenizolaygazetesi.com\/index.php?rest_route=%2Fwp%2Fv2%2Fcomments&post=1842"}],"version-history":[{"count":0,"href":"https:\/\/akdenizolaygazetesi.com\/index.php?rest_route=\/wp\/v2\/posts\/1842\/revisions"}],"wp:attachment":[{"href":"https:\/\/akdenizolaygazetesi.com\/index.php?rest_route=%2Fwp%2Fv2%2Fmedia&parent=1842"}],"wp:term":[{"taxonomy":"category","embeddable":true,"href":"https:\/\/akdenizolaygazetesi.com\/index.php?rest_route=%2Fwp%2Fv2%2Fcategories&post=1842"},{"taxonomy":"post_tag","embeddable":true,"href":"https:\/\/akdenizolaygazetesi.com\/index.php?rest_route=%2Fwp%2Fv2%2Ftags&post=1842"}],"curies":[{"name":"wp","href":"https:\/\/api.w.org\/{rel}","templated":true}]}}