{"id":18435,"date":"2022-05-06T13:08:23","date_gmt":"2022-05-06T10:08:23","guid":{"rendered":"http:\/\/akdenizolaygazetesi.com\/?p=18435"},"modified":"2022-05-06T13:08:23","modified_gmt":"2022-05-06T10:08:23","slug":"20-geleneksel-ahmet-yesil-cocuk-resim-yarismasi-basvurulari-basladi","status":"publish","type":"post","link":"https:\/\/akdenizolaygazetesi.com\/?p=18435","title":{"rendered":"20. Geleneksel Ahmet Ye\u015fil \u00c7ocuk Resim Yar\u0131\u015fmas\u0131 ba\u015fvurular\u0131 ba\u015flad\u0131"},"content":{"rendered":"<p>Mersin Yeni\u015fehir Belediyesi taraf\u0131ndan d\u00fczenlenen 20. Geleneksel Ahmet Ye\u015fil \u00c7ocuk Resim Yar\u0131\u015fmas\u0131 i\u00e7in ba\u015fvurular ba\u015flad\u0131. T\u00fcrkiye\u2019nin en prestijli \u00e7ocuk resim yar\u0131\u015fmalar\u0131 aras\u0131nda g\u00f6sterilen Ahmet Ye\u015fil \u00c7ocuk Resim Yar\u0131\u015fmas\u0131 bu y\u0131l \u201cHayalimdeki \u00c7evre\u201d temas\u0131yla yap\u0131lacak. Yeni\u015fehir Belediye Ba\u015fkan\u0131 Abdullah \u00d6zyi\u011fit, \u00e7ocuklar\u0131 yar\u0131\u015fmaya kat\u0131lmaya davet etti.<br \/>\nHayata ge\u00e7irdi\u011fi sanatsal projelerle Mersin\u2019de k\u00fclt\u00fcrel hareketlili\u011fi sa\u011flayan Yeni\u015fehir Belediyesi, d\u00fcnyaca \u00fcnl\u00fc Mersinli ressam Ahmet Ye\u015fil\u2019in ad\u0131n\u0131 ta\u015f\u0131yan ve Ye\u015fil\u2019in de j\u00fcri ba\u015fkan\u0131 olarak bizzat yer ald\u0131\u011f\u0131 yar\u0131\u015fman\u0131n ana destek\u00e7isi olarak bu y\u0131l da minik ressamlar\u0131 bulu\u015fturacak. 6-8, 9-11 ve 12-15 ya\u015f kategorilerinde 4 Haziran Cumartesi g\u00fcn\u00fc 11.00- 12.30 saatleri aras\u0131nda Yeni\u015fehir Belediyesi Atat\u00fcrk K\u00fclt\u00fcr Merkezi\u2019nde yap\u0131lacak resim yar\u0131\u015fmas\u0131 i\u00e7in son ba\u015fvuru tarihi 1 Haziran \u00c7ar\u015famba g\u00fcn\u00fc. Yar\u0131\u015fmada \u00e7ocuklar\u0131n kullanaca\u011f\u0131 t\u00fcm malzemeler de Yeni\u015fehir Belediyesi taraf\u0131ndan temin edilecek.<br \/>\nYar\u0131\u015fma i\u00e7in Yeni\u015fehir Belediyesi Atat\u00fcrk K\u00fclt\u00fcr Merkezi, Yeni\u015fehir Belediyesi Akademi, Yeni\u015fehir Belediyesi Yeni\u015fehir Halk Masas\u0131 ve https:\/\/yenisehirakademi.com\/basvuru.php adresinden ba\u015fvuru yap\u0131labilecek. 300 ba\u015fvuru ile s\u0131n\u0131rl\u0131 olan yar\u0131\u015fmada ya\u015f kategorilerinde dereceye girenlere tablet \u00f6d\u00fcl\u00fc verilecek.<br \/>\nYar\u0131\u015fman\u0131n D\u00fczenleme Kurulunda Yeni\u015fehir Belediye Ba\u015fkan\u0131 Abdullah \u00d6zyi\u011fit ile birlikte Yeni\u015fehir Belediye Ba\u015fkan Yard\u0131mc\u0131s\u0131 Cafer Karabulut ve Yeni\u015fehir Belediyesi K\u00fclt\u00fcr \u0130\u015fleri M\u00fcd\u00fcr\u00fc Deniz \u00d6zen yer al\u0131yor. Y\u00fcr\u00fctme Kurulunda ise Yeni\u015fehir Belediyesi Galeriler Dan\u0131\u015fma Kurulu Ba\u015fkan\u0131 Ahmet Ye\u015fil, Yeni\u015fehir Belediyesi Galeriler Dan\u0131\u015fma Kurulu \u00dcyesi Veli Mert ve Yeni\u015fehir Belediyesi Galeriler Dan\u0131\u015fma Kurulu \u00dcyesi Aynur Saku\u00e7o\u011flu g\u00f6rev alacak. Yar\u0131\u015fman\u0131n j\u00fcri \u00fcyeleri ise \u015fu \u015fekilde: Ahmet Ye\u015fil, Veli Mert, Aynur Saku\u00e7o\u011flu, D\u00f6nay \u00d6ni\u015f ve \u0130brahim Tokaslan. <\/p>\n","protected":false},"excerpt":{"rendered":"<p>Mersin Yeni\u015fehir Belediyesi taraf\u0131ndan d\u00fczenlenen 20. Geleneksel Ahmet Ye\u015fil \u00c7ocuk Resim Yar\u0131\u015fmas\u0131 i\u00e7in ba\u015fvurular ba\u015flad\u0131. T\u00fcrkiye\u2019nin en prestijli \u00e7ocuk resim yar\u0131\u015fmalar\u0131 aras\u0131nda g\u00f6sterilen Ahmet Ye\u015fil \u00c7ocuk Resim Yar\u0131\u015fmas\u0131 bu y\u0131l &hellip; <a href=\"https:\/\/akdenizolaygazetesi.com\/?p=18435\" class=\"more-link\">Devam\u0131n\u0131 Oku&#8230;<\/a><\/p>\n","protected":false},"author":2,"featured_media":18436,"comment_status":"open","ping_status":"open","sticky":false,"template":"","format":"standard","meta":[],"categories":[3],"tags":[],"_links":{"self":[{"href":"https:\/\/akdenizolaygazetesi.com\/index.php?rest_route=\/wp\/v2\/posts\/18435"}],"collection":[{"href":"https:\/\/akdenizolaygazetesi.com\/index.php?rest_route=\/wp\/v2\/posts"}],"about":[{"href":"https:\/\/akdenizolaygazetesi.com\/index.php?rest_route=\/wp\/v2\/types\/post"}],"author":[{"embeddable":true,"href":"https:\/\/akdenizolaygazetesi.com\/index.php?rest_route=\/wp\/v2\/users\/2"}],"replies":[{"embeddable":true,"href":"https:\/\/akdenizolaygazetesi.com\/index.php?rest_route=%2Fwp%2Fv2%2Fcomments&post=18435"}],"version-history":[{"count":1,"href":"https:\/\/akdenizolaygazetesi.com\/index.php?rest_route=\/wp\/v2\/posts\/18435\/revisions"}],"predecessor-version":[{"id":18437,"href":"https:\/\/akdenizolaygazetesi.com\/index.php?rest_route=\/wp\/v2\/posts\/18435\/revisions\/18437"}],"wp:featuredmedia":[{"embeddable":true,"href":"https:\/\/akdenizolaygazetesi.com\/index.php?rest_route=\/wp\/v2\/media\/18436"}],"wp:attachment":[{"href":"https:\/\/akdenizolaygazetesi.com\/index.php?rest_route=%2Fwp%2Fv2%2Fmedia&parent=18435"}],"wp:term":[{"taxonomy":"category","embeddable":true,"href":"https:\/\/akdenizolaygazetesi.com\/index.php?rest_route=%2Fwp%2Fv2%2Fcategories&post=18435"},{"taxonomy":"post_tag","embeddable":true,"href":"https:\/\/akdenizolaygazetesi.com\/index.php?rest_route=%2Fwp%2Fv2%2Ftags&post=18435"}],"curies":[{"name":"wp","href":"https:\/\/api.w.org\/{rel}","templated":true}]}}