{"id":1844,"date":"2020-11-04T18:22:23","date_gmt":"2020-11-04T15:22:23","guid":{"rendered":"http:\/\/mersinekonomipolitikagazetesi.com\/?p=1844"},"modified":"2020-11-04T18:22:23","modified_gmt":"2020-11-04T15:22:23","slug":"1-kilometrelik-dev-turk-bayragi-ile-57-alay-canakkale-vefa-yuruyusu-2","status":"publish","type":"post","link":"https:\/\/akdenizolaygazetesi.com\/?p=1844","title":{"rendered":"1 kilometrelik dev T\u00fcrk bayra\u011f\u0131 ile &#8217;57. Alay \u00c7anakkale Vefa Y\u00fcr\u00fcy\u00fc\u015f\u00fc&#8217;"},"content":{"rendered":"<p>\u00c7anakkale Zaferi&#8217;nde destanla\u015fan ve tarihe s\u0131\u011fmayan kahramanl\u0131klar\u0131yla an\u0131lan 57. Piyade Alay\u0131 \u015fehitleri, Mersin&#8217;de &#8217;57. Alay \u00c7anakkale Vefa Y\u00fcr\u00fcy\u00fc\u015f\u00fc&#8217; ile an\u0131ld\u0131.<\/p>\n<p><span style=\"font-size:16px;\"><span style=\"font-family: sans-serif; line-height: 20px; text-align: justify; background-color: rgb(242, 244, 245);\">T\u00fcm yurtta oldu\u011fu gibi Mersin&#8217;de de 18 Mart \u00c7anakkale Zaferi&#8217;nin 103. y\u0131ld\u00f6n\u00fcm\u00fc an\u0131s\u0131na y\u00fcr\u00fcy\u00fc\u015f yap\u0131ld\u0131. Gen\u00e7lik ve Spor Bakanl\u0131\u011f\u0131 taraf\u0131ndan 81 ilde e\u015f zamanl\u0131 olarak ger\u00e7ekle\u015ftirilen &#8220;57. Alay \u00c7anakkale Vefa Y\u00fcr\u00fcy\u00fc\u015f\u00fc&#8221; Mersin&#8217;de Gen\u00e7lik Hizmetleri ve Spor \u0130l M\u00fcd\u00fcrl\u00fc\u011f\u00fc koordinesinde, \u00f6\u011frencilerin kat\u0131l\u0131m\u0131yla ger\u00e7ekle\u015ftirildi. Mersin Tren Gar\u0131 \u00f6n\u00fcnde toplanan y\u00fczlerce \u00f6\u011frenci, \u00c7anakkale&#8217;de \u015fehit d\u00fc\u015fen dedelerini and\u0131. Buradan mehter tak\u0131m\u0131 e\u015fli\u011finde 1 kilometrelik dev T\u00fcrk bayra\u011f\u0131 ile Cumhuriyet Alan\u0131&#8217;na y\u00fcr\u00fcy\u00fc\u015f yapan \u00f6\u011frencilere, \u00e7evredeki vatanda\u015flar da e\u015flik etti. Cumhuriyet Alan\u0131&#8217;nda \u00c7anakkale \u015fehitleri ve di\u011fer \u015fehitler i\u00e7in Kur&#8217;an-\u0131 Kerim okunarak, dualar edildi. Ard\u0131ndan mehter tak\u0131m\u0131 taraf\u0131ndan mini bir konser verildi.\u00a0<\/span><br style=\"box-sizing: border-box; font-family: sans-serif; font-size: 14px; line-height: 20px; text-align: justify; background-color: rgb(242, 244, 245);\" \/><br \/>\n<span style=\"font-family: sans-serif; line-height: 20px; text-align: justify; background-color: rgb(242, 244, 245);\">Burada konu\u015fan Gen\u00e7lik Hizmetleri ve Spor \u0130l M\u00fcd\u00fcr\u00fc \u015eaban G\u00fcne\u015f, \u00c7anakkale Zaferi&#8217;nde ayr\u0131 bir yeri olan 57. Piyade Alay\u0131 \u015fehitlerini and\u0131klar\u0131n\u0131 belirterek, &#8220;B\u00fct\u00fcn \u015fehitlerimize rahmet diliyorum, nur i\u00e7inde yats\u0131nlar. \u0130n\u015fallah bizler de, bizden sonra gelen gen\u00e7ler de bu ecdad\u0131m\u0131za yak\u0131\u015f\u0131r birer nesiller olurlar. Bu millet nice 57. Alaylar, nice zaferler, nice badireler atlatarak bug\u00fcnlere geldi. Nas\u0131l ki 15 Temmuz&#8217;da bu millet 100 y\u0131l \u00f6ncesinin tekrar zihniyetiyle kar\u015f\u0131 kar\u015f\u0131ya geldiyse de bu milletin feraseti ve g\u00fcc\u00fc onu da yenmesini bildi. Bug\u00fcn de Afrin&#8217;de ve devam\u0131nda bir\u00e7ok yerde de bu millet bu t\u00fcr ha\u00e7l\u0131 zihniyetlerinin \u00fcstesinden gelmesini de bilecektir. Burada Cumhurba\u015fkan\u0131m\u0131z\u0131n da dedi\u011fi gibi g\u00f6z renkleri farkl\u0131 olan ama g\u00f6z ya\u015flar\u0131 ayn\u0131 olan bu gen\u00e7leri Cumhuriyet Meydan\u0131&#8217;nda toplad\u0131k, bu y\u00fcr\u00fcy\u00fc\u015f\u00fc yapt\u0131k. Nas\u0131l ki \u00c7anakkale&#8217;de siperlerde gen\u00e7lerin dedeleri birbirlerine sen \u015fural\u0131s\u0131n, sen bural\u0131s\u0131n diye sormad\u0131ysa bug\u00fcnde bu gen\u00e7ler birbirlerine bunlar\u0131 sormuyorlar. Ecdad\u0131m\u0131za minnettar\u0131z&#8221; dedi.\u00a0<\/span><br style=\"box-sizing: border-box; font-family: sans-serif; font-size: 14px; line-height: 20px; text-align: justify; background-color: rgb(242, 244, 245);\" \/><br \/>\n<span style=\"font-family: sans-serif; line-height: 20px; text-align: justify; background-color: rgb(242, 244, 245);\">Etkinli\u011fin sonunda \u00f6\u011frencilere \u00e7orba da\u011f\u0131t\u0131ld\u0131.\u00a0<\/span><\/span><\/p>\n","protected":false},"excerpt":{"rendered":"<p>\u00c7anakkale Zaferi&#8217;nde destanla\u015fan ve tarihe s\u0131\u011fmayan kahramanl\u0131klar\u0131yla an\u0131lan 57. Piyade Alay\u0131 \u015fehitleri, Mersin&#8217;de &#8217;57. Alay \u00c7anakkale Vefa Y\u00fcr\u00fcy\u00fc\u015f\u00fc&#8217; ile an\u0131ld\u0131. T\u00fcm yurtta oldu\u011fu gibi Mersin&#8217;de de 18 Mart \u00c7anakkale Zaferi&#8217;nin &hellip; <a href=\"https:\/\/akdenizolaygazetesi.com\/?p=1844\" class=\"more-link\">Devam\u0131n\u0131 Oku&#8230;<\/a><\/p>\n","protected":false},"author":1,"featured_media":0,"comment_status":"open","ping_status":"open","sticky":false,"template":"","format":"standard","meta":[],"categories":[],"tags":[],"_links":{"self":[{"href":"https:\/\/akdenizolaygazetesi.com\/index.php?rest_route=\/wp\/v2\/posts\/1844"}],"collection":[{"href":"https:\/\/akdenizolaygazetesi.com\/index.php?rest_route=\/wp\/v2\/posts"}],"about":[{"href":"https:\/\/akdenizolaygazetesi.com\/index.php?rest_route=\/wp\/v2\/types\/post"}],"author":[{"embeddable":true,"href":"https:\/\/akdenizolaygazetesi.com\/index.php?rest_route=\/wp\/v2\/users\/1"}],"replies":[{"embeddable":true,"href":"https:\/\/akdenizolaygazetesi.com\/index.php?rest_route=%2Fwp%2Fv2%2Fcomments&post=1844"}],"version-history":[{"count":0,"href":"https:\/\/akdenizolaygazetesi.com\/index.php?rest_route=\/wp\/v2\/posts\/1844\/revisions"}],"wp:attachment":[{"href":"https:\/\/akdenizolaygazetesi.com\/index.php?rest_route=%2Fwp%2Fv2%2Fmedia&parent=1844"}],"wp:term":[{"taxonomy":"category","embeddable":true,"href":"https:\/\/akdenizolaygazetesi.com\/index.php?rest_route=%2Fwp%2Fv2%2Fcategories&post=1844"},{"taxonomy":"post_tag","embeddable":true,"href":"https:\/\/akdenizolaygazetesi.com\/index.php?rest_route=%2Fwp%2Fv2%2Ftags&post=1844"}],"curies":[{"name":"wp","href":"https:\/\/api.w.org\/{rel}","templated":true}]}}