{"id":18441,"date":"2022-05-06T13:12:33","date_gmt":"2022-05-06T10:12:33","guid":{"rendered":"http:\/\/akdenizolaygazetesi.com\/?p=18441"},"modified":"2022-05-06T13:12:33","modified_gmt":"2022-05-06T10:12:33","slug":"buyuksehirden-9-13-yas-icin-ucretsiz-okculuk-kursu","status":"publish","type":"post","link":"https:\/\/akdenizolaygazetesi.com\/?p=18441","title":{"rendered":"B\u00dcY\u00dcK\u015eEH\u0130R&#8217;DEN 9-13 YA\u015e \u0130\u00c7\u0130N \u00dcCRETS\u0130Z OK\u00c7ULUK KURSU"},"content":{"rendered":"<p>Mersin B\u00fcy\u00fck\u015fehir Belediyesi Gen\u00e7lik ve Spor Hizmetleri Dairesi&#8217;nin ok\u00e7uluk kursuna kat\u0131lan 45 \u00f6\u011frenci, \u015fampiyonluk yolunda hedefe ok at\u0131yor. 9-13 ya\u015f aras\u0131 \u00e7ocuklara y\u00f6nelik verilen \u00fccretsiz kursa kay\u0131tlar devam ediyor.<br \/>\n\u00c7ocuklar\u0131n g\u00f6z\u00fc hedefte<br \/>\nB\u00fcy\u00fck\u015fehir Belediyesi&#8217;nin \u00dcniversite Caddesi \u00fczerinde verdi\u011fi \u00fccretsiz ok\u00e7uluk kursuna devam eden \u00e7ocuklar, \u015fampiyonluk bayra\u011f\u0131n\u0131 T\u00fcrkiye&#8217;nin gururu Mete Gazoz&#8217;dan devralmak i\u00e7in b\u00fcy\u00fck \u00e7aba g\u00f6steriyor. Yay\u0131n\u0131 gerip, g\u00f6z\u00fcn\u00fc hedef tahtas\u0131ndaki &#8217;10 numara&#8217;ya diken \u00e7ocuklardan bir k\u0131sm\u0131 \u015fimdiden Mersin&#8217;de \u00f6nemli dereceler kazand\u0131. B\u00fcy\u00fck\u015fehir&#8217;in ok\u00e7uluk kursuna kat\u0131lan Hayrunisa Da\u015f\u00e7\u0131, yak\u0131n zamanda Mersin \u0130l Milli E\u011fitim M\u00fcd\u00fcrl\u00fc\u011f\u00fc taraf\u0131ndan d\u00fczenlenen Okullar Aras\u0131 Ok\u00e7uluk \u0130l M\u00fcsabakas\u0131&#8217;nda Gen\u00e7 Bayanlar Kategorisi&#8217;nde birinci olurken, Zeynep Rana Do\u011fan ise d\u00f6rd\u00fcnc\u00fcl\u00fc\u011f\u00fc elde etti.<br \/>\n&#8220;Milli Tak\u0131m&#8217;a sporcu haz\u0131rl\u0131yoruz&#8221;<br \/>\nOk\u00e7uluk Antren\u00f6r\u00fc Alper Co\u015far, kurs kay\u0131tlar\u0131n\u0131n devam etti\u011fini belirterek, \u015fu bilgileri payla\u015ft\u0131:<br \/>\n&#8220;Temel e\u011fitimde ne kadar fazla \u00f6\u011frenciye ula\u015f\u0131rsak bizim i\u00e7in o kadar iyi oluyor. Yetenek taramas\u0131 yapm\u0131\u015f oluyoruz. Temel e\u011fitim g\u00fcnlerimizi Sal\u0131 ve \u00c7ar\u015famba olarak s\u0131n\u0131rl\u0131 tutuyoruz. Profesyonel e\u011fitimde ise haftan\u0131n her g\u00fcn\u00fc gelmeleri y\u00f6n\u00fcnde \u00e7ocuklar\u0131m\u0131z\u0131 y\u00f6nlendiriyoruz. Ne kadar \u00e7ok antrenman yapabilirlerse o kadar \u00e7ok verim al\u0131yoruz ve Milli Tak\u0131m&#8217;a sporcu haz\u0131rl\u0131yoruz. 9-13 ya\u015f aras\u0131na e\u011fitim veriyoruz. 9 ya\u015fta lisansland\u0131r\u0131l\u0131p daha sonra T\u00fcrkiye \u015fampiyonalar\u0131na ve il birinciliklerine giriyorlar. Ok\u00e7uluk kursumuzda \u00fccretsiz bir \u015fekilde temel e\u011fitim ve profesyonel e\u011fitimlerimize kay\u0131tlar devam etmektedir. Herkesi bekleriz.&#8221;<br \/>\n&#8220;Mete Gazoz&#8217;un bayra\u011f\u0131n\u0131 devralmay\u0131 hedefliyorum&#8221;<br \/>\nMersin&#8217;de d\u00fczenlenen m\u00fcsabakan\u0131n birincisi Hayrunisa Da\u015f\u00e7\u0131, &#8220;2 y\u0131l \u00f6nce ba\u015flad\u0131m. \u0130lk olimpik yayla ba\u015flad\u0131m. Sonra turnuvadan 3 g\u00fcn \u00f6nce hocalar\u0131mla makaral\u0131 yaya ge\u00e7meye karar verdik&#8221; dedi. Yakalad\u0131\u011f\u0131 ba\u015far\u0131dan da s\u00f6z eden Da\u015f\u00e7\u0131, \u015f\u00f6yle devam etti:<br \/>\n&#8220;Gurur verici oldu. Kendime g\u00fcvenim artt\u0131. \u015eu anki hedefim T\u00fcrkiye \u015fampiyonas\u0131nda derece almak. Mete Gazoz&#8217;un bayra\u011f\u0131n\u0131 devralmay\u0131 hedefliyorum. Buras\u0131 \u00fccretsiz e\u011fitim almam\u0131 sa\u011flad\u0131. Ba\u015fka yerlerde ayl\u0131k 300-400 liraya kurs almam gerekirken, burada \u00fccretsiz bir \u015fekilde al\u0131yorum ve mutluyum. E\u011fitim \u00e7ok iyi. Buras\u0131 olmasayd\u0131 belki de u\u011fra\u015famayacakt\u0131m.&#8221;<br \/>\n&#8220;Hedefim T\u00fcrkiye&#8217;de birinci olmak&#8221;<br \/>\nMersin&#8217;de d\u00fczenlenen m\u00fcsabakada 4&#8217;nc\u00fcl\u00fc\u011f\u00fc elde eden B\u00fcy\u00fck\u015fehir&#8217;in ok\u00e7uluk kursu \u00f6\u011frencilerinden 9 ya\u015f\u0131ndaki Zeynep Rana Do\u011fan ise &#8220;Mersin B\u00fcy\u00fck\u015fehir Belediyesi&#8217;nde ba\u015flad\u0131m, 4 ayd\u0131r devam ediyorum. Merak\u0131m televizyonda izledi\u011fim ok\u00e7uluk filmlerinden ba\u015flad\u0131. Aileme &#8216;beni de ok\u00e7uluk kursuna yazd\u0131rabilir misiniz&#8217; demi\u015ftim ve onlar da B\u00fcy\u00fck\u015fehir Belediyesi&#8217;nin ok\u00e7uluk kursuna yazd\u0131rd\u0131lar. B\u00f6ylece ok\u00e7ulu\u011fa ba\u015flam\u0131\u015f oldum. G\u00fczel bir ortam. Hedefim de T\u00fcrkiye&#8217;de birinci olmak&#8221; ifadelerine yer verdi.<\/p>\n","protected":false},"excerpt":{"rendered":"<p>Mersin B\u00fcy\u00fck\u015fehir Belediyesi Gen\u00e7lik ve Spor Hizmetleri Dairesi&#8217;nin ok\u00e7uluk kursuna kat\u0131lan 45 \u00f6\u011frenci, \u015fampiyonluk yolunda hedefe ok at\u0131yor. 9-13 ya\u015f aras\u0131 \u00e7ocuklara y\u00f6nelik verilen \u00fccretsiz kursa kay\u0131tlar devam ediyor. \u00c7ocuklar\u0131n &hellip; <a href=\"https:\/\/akdenizolaygazetesi.com\/?p=18441\" class=\"more-link\">Devam\u0131n\u0131 Oku&#8230;<\/a><\/p>\n","protected":false},"author":2,"featured_media":18442,"comment_status":"open","ping_status":"open","sticky":false,"template":"","format":"standard","meta":[],"categories":[2,3,10],"tags":[],"_links":{"self":[{"href":"https:\/\/akdenizolaygazetesi.com\/index.php?rest_route=\/wp\/v2\/posts\/18441"}],"collection":[{"href":"https:\/\/akdenizolaygazetesi.com\/index.php?rest_route=\/wp\/v2\/posts"}],"about":[{"href":"https:\/\/akdenizolaygazetesi.com\/index.php?rest_route=\/wp\/v2\/types\/post"}],"author":[{"embeddable":true,"href":"https:\/\/akdenizolaygazetesi.com\/index.php?rest_route=\/wp\/v2\/users\/2"}],"replies":[{"embeddable":true,"href":"https:\/\/akdenizolaygazetesi.com\/index.php?rest_route=%2Fwp%2Fv2%2Fcomments&post=18441"}],"version-history":[{"count":1,"href":"https:\/\/akdenizolaygazetesi.com\/index.php?rest_route=\/wp\/v2\/posts\/18441\/revisions"}],"predecessor-version":[{"id":18443,"href":"https:\/\/akdenizolaygazetesi.com\/index.php?rest_route=\/wp\/v2\/posts\/18441\/revisions\/18443"}],"wp:featuredmedia":[{"embeddable":true,"href":"https:\/\/akdenizolaygazetesi.com\/index.php?rest_route=\/wp\/v2\/media\/18442"}],"wp:attachment":[{"href":"https:\/\/akdenizolaygazetesi.com\/index.php?rest_route=%2Fwp%2Fv2%2Fmedia&parent=18441"}],"wp:term":[{"taxonomy":"category","embeddable":true,"href":"https:\/\/akdenizolaygazetesi.com\/index.php?rest_route=%2Fwp%2Fv2%2Fcategories&post=18441"},{"taxonomy":"post_tag","embeddable":true,"href":"https:\/\/akdenizolaygazetesi.com\/index.php?rest_route=%2Fwp%2Fv2%2Ftags&post=18441"}],"curies":[{"name":"wp","href":"https:\/\/api.w.org\/{rel}","templated":true}]}}