{"id":1845,"date":"2020-11-04T18:22:24","date_gmt":"2020-11-04T15:22:24","guid":{"rendered":"http:\/\/mersinekonomipolitikagazetesi.com\/?p=1845"},"modified":"2020-11-04T18:22:24","modified_gmt":"2020-11-04T15:22:24","slug":"bu-isin-sonuna-kadar-takipcisiyiz","status":"publish","type":"post","link":"https:\/\/akdenizolaygazetesi.com\/?p=1845","title":{"rendered":"\u201cBU \u0130\u015e\u0130N SONUNA KADAR TAK\u0130P\u00c7\u0130S\u0130Y\u0130Z\u201d"},"content":{"rendered":"<p>Mersin Kazanl\u0131 \u0130lkokulunda 23 Nisan Kutlama g\u00f6sterisini i\u00e7in 3. s\u0131n\u0131f k\u0131z \u00e7ocuklar\u0131n k\u0131yafetlerinden dolay\u0131 g\u00f6steriyi yar\u0131da kesen Akdeniz \u0130l\u00e7e Milli E\u011fitim M\u00fcd\u00fcr\u00fc Adem \u015eim\u015fek\u2019e  tepki olarak kazanl\u0131 meydan\u0131nda bir araya gelen velilere Makina M\u00fchendisi CHP Mersin B\u00fcy\u00fck\u015fehir Belediye Ba\u015fkan\u0131 A. Aday\u0131 Serdar Erkan destek verdi.<\/p>\n<blockquote type=\"cite\">\n<div>\n<div dir=\"ltr\">\n<p><span style=\"font-size:16px;\">Makina M\u00fchendisi CHP Mersin B\u00fcy\u00fck\u015fehir Belediye Ba\u015fkan\u0131 A. Aday\u0131 Serdar Erkan velilerle beraber Kazanl\u0131 Meydan\u0131nda \u00f6\u011frenci \u00e7ocuklara destek vererek Adem \u015fim\u015fek\u2019in k\u0131yafetten dolay\u0131 \u00f6\u011frenci k\u0131z \u00e7ocuklar\u0131n g\u00f6sterisini yar\u0131da kesmesini k\u0131nad\u0131.<\/span><\/p>\n<p><span style=\"font-size:16px;\">Meydanda \u00e7ocuklarla bir araya gelen Erkan, konu\u015fmas\u0131n\u0131 ger\u00e7ekle\u015ftirerek g\u00f6steri yapan \u00f6\u011frenci \u00e7ocuklar\u0131n\u0131n hayat\u0131nda bir travma b\u0131rak\u0131ld\u0131\u011f\u0131n\u0131 belirterek \u201cAdem \u015eimsek\u2019e gereken i\u015flemler yap\u0131ls\u0131n\u201d dedi.<\/span><\/p>\n<p><span style=\"font-size:16px;\">S\u00f6zlerine devam eden Erkan, bu gibi olaylar\u0131n \u00fclkede utan\u00e7 kayna\u011f\u0131 oldu\u011funu dile getirdi.<\/span><\/p>\n<p>\u00a0<\/p>\n<p><span style=\"font-size:16px;\">\u201cKAZANLI HALKIN YANINDAYIZ\u201d<\/span><\/p>\n<p>\u00a0<\/p>\n<p><span style=\"font-size:16px;\">23 Nisan g\u00f6sterisine m\u00fcdahale eden\u00a0 Akdeniz \u0130l\u00e7e Milli E\u011fitim M\u00fcd\u00fcr\u00fc Adem \u015eim\u015fek\u2019i k\u0131namak ve protesto etmek i\u00e7in meydanda bir araya geldi\u011fini kaydeden Erkan: \u201cAnayasada laikli\u011fin vazge\u00e7ilmez bir yasa maddesidir. \u00dclkede b\u00f6yle bir m\u00fcdahale \u00e7ocuklar\u0131n hayal d\u00fcnyas\u0131nda bir travma yaratt\u0131\u011f\u0131na inan\u0131yorum. Ve bunu yapan\u0131n bir Milli E\u011fitim M\u00fcd\u00fcr\u00fc veya bir \u00f6\u011fretmen oldu\u011funu ben d\u00fc\u015f\u00fcnemiyorum. O anlamda bu m\u00fcdahaleyi yapan \u00e7ocuklar\u0131n psikolojisini etkileyen\u00a0 Milli E\u011fitim M\u00fcd\u00fcr\u00fc\u2019n\u00fcn en k\u0131sa zamanda soru\u015fturma tamamlanmak g\u00f6revden \u00e7ektirilmesi gerekti\u011fini d\u00fc\u015f\u00fcn\u00fcyorum. Ve bunun bir daha olmamas\u0131 i\u00e7in b\u00fct\u00fcn yasal tedbirlerin ve \u00f6nlemlerin Valili\u011fimizce, Milli E\u011fitim Bakanl\u0131\u011f\u0131m\u0131zla\u00a0 gerekli bilgilendirmenin ve y\u00f6netmenliklerle uyar\u0131lmas\u0131 gerekiyor. Bu konuda kazanl\u0131 halk\u0131n yan\u0131nday\u0131z. Demokratik kitle \u00f6rg\u00fctlerle beraberiz. Ve bu i\u015fin sonuna kadarda takip\u00e7isiyiz.\u201d \u015feklinde tepkisini belirti.<\/span><\/p>\n<\/div>\n<\/div>\n<\/blockquote>\n","protected":false},"excerpt":{"rendered":"<p>Mersin Kazanl\u0131 \u0130lkokulunda 23 Nisan Kutlama g\u00f6sterisini i\u00e7in 3. s\u0131n\u0131f k\u0131z \u00e7ocuklar\u0131n k\u0131yafetlerinden dolay\u0131 g\u00f6steriyi yar\u0131da kesen Akdeniz \u0130l\u00e7e Milli E\u011fitim M\u00fcd\u00fcr\u00fc Adem \u015eim\u015fek\u2019e tepki olarak kazanl\u0131 meydan\u0131nda bir araya &hellip; <a href=\"https:\/\/akdenizolaygazetesi.com\/?p=1845\" class=\"more-link\">Devam\u0131n\u0131 Oku&#8230;<\/a><\/p>\n","protected":false},"author":1,"featured_media":0,"comment_status":"open","ping_status":"open","sticky":false,"template":"","format":"standard","meta":[],"categories":[],"tags":[],"_links":{"self":[{"href":"https:\/\/akdenizolaygazetesi.com\/index.php?rest_route=\/wp\/v2\/posts\/1845"}],"collection":[{"href":"https:\/\/akdenizolaygazetesi.com\/index.php?rest_route=\/wp\/v2\/posts"}],"about":[{"href":"https:\/\/akdenizolaygazetesi.com\/index.php?rest_route=\/wp\/v2\/types\/post"}],"author":[{"embeddable":true,"href":"https:\/\/akdenizolaygazetesi.com\/index.php?rest_route=\/wp\/v2\/users\/1"}],"replies":[{"embeddable":true,"href":"https:\/\/akdenizolaygazetesi.com\/index.php?rest_route=%2Fwp%2Fv2%2Fcomments&post=1845"}],"version-history":[{"count":0,"href":"https:\/\/akdenizolaygazetesi.com\/index.php?rest_route=\/wp\/v2\/posts\/1845\/revisions"}],"wp:attachment":[{"href":"https:\/\/akdenizolaygazetesi.com\/index.php?rest_route=%2Fwp%2Fv2%2Fmedia&parent=1845"}],"wp:term":[{"taxonomy":"category","embeddable":true,"href":"https:\/\/akdenizolaygazetesi.com\/index.php?rest_route=%2Fwp%2Fv2%2Fcategories&post=1845"},{"taxonomy":"post_tag","embeddable":true,"href":"https:\/\/akdenizolaygazetesi.com\/index.php?rest_route=%2Fwp%2Fv2%2Ftags&post=1845"}],"curies":[{"name":"wp","href":"https:\/\/api.w.org\/{rel}","templated":true}]}}