{"id":18455,"date":"2022-05-07T16:43:07","date_gmt":"2022-05-07T13:43:07","guid":{"rendered":"http:\/\/akdenizolaygazetesi.com\/?p=18455"},"modified":"2022-05-07T16:43:07","modified_gmt":"2022-05-07T13:43:07","slug":"chpden-suleyman-soyluya-videolu-yanit","status":"publish","type":"post","link":"https:\/\/akdenizolaygazetesi.com\/?p=18455","title":{"rendered":"CHP\u2019DEN S\u00dcLEYMAN SOYLU\u2019YA V\u0130DEOLU YANIT"},"content":{"rendered":"<p>\u0130\u00e7i\u015fleri Bakan\u0131 S\u00fcleyman Soylu, TGRT Haber&#8217;de kat\u0131ld\u0131\u011f\u0131 canl\u0131 yay\u0131nda sokaklarda kad\u0131nlar\u0131 gizlice \u00e7eken s\u0131\u011f\u0131nmac\u0131lar\u0131n taciz videolar\u0131yla ilgili dikkat \u00e7eken ifadeler kulland\u0131. Soylu, videolar\u0131 \u00e7ekenlerle ilgili olarak &#8220;Afedersiniz b\u00fct\u00fcn r\u00f6ntgeni Suriyeliler \u00e7ekiyor. Ya \u015fimdi ben selfie \u00e7ekiliyorum. K\u00f6t\u00fc niyetli olsan\u0131z, selfie \u00e7ekildi\u011fim zaman arkamda bir kad\u0131n olsa, selfie&#8217;yi yay\u0131nlasa&#8230; &#8216;Ya bak bu kad\u0131n\u0131 r\u00f6ntgenliyor.&#8217; Ya b\u00f6yle bir ahlaks\u0131zl\u0131k var m\u0131 ya?&#8221; ifadelerini kulland\u0131.<\/p>\n<p>CHP&#8217;den Soylu&#8217;ya videolu yan\u0131t geldi. CHP Mersin Milletvekili Alpay Antmen haz\u0131rlad\u0131\u011f\u0131 videoda Soylu&#8217;nun a\u00e7\u0131klamalar\u0131yla, kad\u0131nlar\u0131 taciz eden baz\u0131 s\u0131\u011f\u0131nmac\u0131 g\u00f6r\u00fcnt\u00fclerini yan yana getirdi ve S\u00fcleyman Soylu&#8217;yu istifaya davet etti. Antmen, video ile birlikte sosyal medya hesab\u0131ndan \u015fu a\u00e7\u0131klamay\u0131 yapt\u0131: &#8220;\u0130\u00e7i\u015fleri Bakan\u0131 S\u00fcleyman Soylu selfie \u00e7eken s\u0131\u011f\u0131nmac\u0131lar\u0131n masum oldu\u011funu, kad\u0131nlar\u0131 \u00e7ekmedi\u011fini s\u00f6yledi. Ger\u00e7ekten \u00f6yle mi, oynat bakal\u0131m. Dikkatlerden ka\u00e7mas\u0131n; S\u00fcleyman Soylu, bu selfie sap\u0131kl\u0131\u011f\u0131 meselesinde &#8216;T\u00fcrk halk\u0131 \u00e7ok daha su\u00e7lu&#8217; dedi. Bu sap\u0131klar\u0131 koruyup, kendi vatanda\u015f\u0131na &#8216;sap\u0131k&#8217; muamelesi yapan adam 1 dakika bile \u0130\u00e7i\u015fleri Bakanl\u0131\u011f\u0131 koltu\u011funda durmamal\u0131d\u0131r. Soylu derhal istifa etmeli ve halk\u0131m\u0131zdan \u00f6z\u00fcr dilemelidir!&#8221; dedi.<\/p>\n","protected":false},"excerpt":{"rendered":"<p>\u0130\u00e7i\u015fleri Bakan\u0131 S\u00fcleyman Soylu, TGRT Haber&#8217;de kat\u0131ld\u0131\u011f\u0131 canl\u0131 yay\u0131nda sokaklarda kad\u0131nlar\u0131 gizlice \u00e7eken s\u0131\u011f\u0131nmac\u0131lar\u0131n taciz videolar\u0131yla ilgili dikkat \u00e7eken ifadeler kulland\u0131. Soylu, videolar\u0131 \u00e7ekenlerle ilgili olarak &#8220;Afedersiniz b\u00fct\u00fcn r\u00f6ntgeni Suriyeliler &hellip; <a href=\"https:\/\/akdenizolaygazetesi.com\/?p=18455\" class=\"more-link\">Devam\u0131n\u0131 Oku&#8230;<\/a><\/p>\n","protected":false},"author":2,"featured_media":18456,"comment_status":"open","ping_status":"open","sticky":false,"template":"","format":"standard","meta":[],"categories":[3,6],"tags":[],"_links":{"self":[{"href":"https:\/\/akdenizolaygazetesi.com\/index.php?rest_route=\/wp\/v2\/posts\/18455"}],"collection":[{"href":"https:\/\/akdenizolaygazetesi.com\/index.php?rest_route=\/wp\/v2\/posts"}],"about":[{"href":"https:\/\/akdenizolaygazetesi.com\/index.php?rest_route=\/wp\/v2\/types\/post"}],"author":[{"embeddable":true,"href":"https:\/\/akdenizolaygazetesi.com\/index.php?rest_route=\/wp\/v2\/users\/2"}],"replies":[{"embeddable":true,"href":"https:\/\/akdenizolaygazetesi.com\/index.php?rest_route=%2Fwp%2Fv2%2Fcomments&post=18455"}],"version-history":[{"count":1,"href":"https:\/\/akdenizolaygazetesi.com\/index.php?rest_route=\/wp\/v2\/posts\/18455\/revisions"}],"predecessor-version":[{"id":18457,"href":"https:\/\/akdenizolaygazetesi.com\/index.php?rest_route=\/wp\/v2\/posts\/18455\/revisions\/18457"}],"wp:featuredmedia":[{"embeddable":true,"href":"https:\/\/akdenizolaygazetesi.com\/index.php?rest_route=\/wp\/v2\/media\/18456"}],"wp:attachment":[{"href":"https:\/\/akdenizolaygazetesi.com\/index.php?rest_route=%2Fwp%2Fv2%2Fmedia&parent=18455"}],"wp:term":[{"taxonomy":"category","embeddable":true,"href":"https:\/\/akdenizolaygazetesi.com\/index.php?rest_route=%2Fwp%2Fv2%2Fcategories&post=18455"},{"taxonomy":"post_tag","embeddable":true,"href":"https:\/\/akdenizolaygazetesi.com\/index.php?rest_route=%2Fwp%2Fv2%2Ftags&post=18455"}],"curies":[{"name":"wp","href":"https:\/\/api.w.org\/{rel}","templated":true}]}}