{"id":18458,"date":"2022-05-07T16:44:54","date_gmt":"2022-05-07T13:44:54","guid":{"rendered":"http:\/\/akdenizolaygazetesi.com\/?p=18458"},"modified":"2022-05-07T16:44:54","modified_gmt":"2022-05-07T13:44:54","slug":"baskan-muhittin-bocek-mersin-cadirini-ziyaret-etti","status":"publish","type":"post","link":"https:\/\/akdenizolaygazetesi.com\/?p=18458","title":{"rendered":"Ba\u015fkan Muhittin B\u00f6cek Mersin \u00e7ad\u0131r\u0131n\u0131 ziyaret etti"},"content":{"rendered":"<p>Mersin B\u00fcy\u00fck\u015fehir Belediyesi, uluslararas\u0131 festivallerde Mersin&#8217;i tan\u0131tmaya devam ediyor. Antalya B\u00fcy\u00fck\u015fehir Belediyesi taraf\u0131ndan d\u00fczenlenen Y\u00f6r\u00fck T\u00fcrkmen Festivali&#8217;nde kendisine tahsis edilen \u00e7ad\u0131rda Mersin&#8217;in y\u00f6resel lezzetlerini tan\u0131tan Mersin B\u00fcy\u00fck\u015fehir Belediyesi, kat\u0131l\u0131mc\u0131lardan tam not al\u0131yor.<\/p>\n<p>8 May\u0131s&#8217;a kadar s\u00fcrecek Antalya Y\u00f6r\u00fck T\u00fcrkmen Festivali, Y\u00f6r\u00fck g\u00f6\u00e7\u00fcn\u00fc temsil eden kortej y\u00fcr\u00fcy\u00fc\u015f\u00fcyle ba\u015flad\u0131. Y\u00f6r\u00fck g\u00f6\u00e7\u00fc duas\u0131 ile ba\u015flayan y\u00fcr\u00fcy\u00fc\u015fte; deve, kangal, \u00e7oban k\u00f6pe\u011fi, atlar, geleneksel giyimli Y\u00f6r\u00fckler ve misafir \u00fclkelerden kat\u0131l\u0131mc\u0131lar taraf\u0131ndan Y\u00f6r\u00fck G\u00f6\u00e7\u00fc canland\u0131r\u0131ld\u0131.<\/p>\n<p>Ba\u015fkan Muhittin B\u00f6cek Mersin \u00e7ad\u0131r\u0131n\u0131 ziyaret etti<\/p>\n<p>Festivalde yerini alan Mersin B\u00fcy\u00fck\u015fehir Belediyesi, d\u00fcnyan\u0131n farkl\u0131 \u00fclkelerinden ve T\u00fcrkiye&#8217;nin d\u00f6rt bir yan\u0131ndan gelen kat\u0131l\u0131mc\u0131lara Mersin&#8217;i anlatt\u0131. \u00c7ad\u0131rda K\u00fclt\u00fcr ve Sosyal \u0130\u015fleri Dairesi Koordinat\u00f6r\u00fc ve opera sanat\u00e7\u0131s\u0131 Bengi \u0130spir \u00d6zd\u00fclger ile Tar\u0131msal ve Veteriner Hizmetleri Dairesi Ba\u015fkan\u0131 Serdar G\u00f6k\u00e7ek de yer ald\u0131.<\/p>\n<p>K\u00fclt\u00fcr ve Sosyal \u0130\u015fler, Sosyal Hizmetler ile Tar\u0131msal ve Veteriner Hizmetleri Daireleri ekipleri, Mersin&#8217;e tahsis edilen \u00e7ad\u0131r\u0131 Mersin&#8217;e \u00f6zg\u00fc simgelerle donatt\u0131. Mersin y\u00f6r\u00fcklerine \u00f6zg\u00fc k\u0131yafetlerin ve \u00e7ad\u0131rlar\u0131nda kulland\u0131klar\u0131 y\u00f6r\u00fck e\u015fyalar\u0131n\u0131n da tan\u0131t\u0131ld\u0131\u011f\u0131 \u00e7ad\u0131r kat\u0131l\u0131mc\u0131lardan yo\u011fun ilgi g\u00f6rd\u00fc. Mersin \u00e7ad\u0131r\u0131n\u0131, Antalya B\u00fcy\u00fck\u015fehir Belediye Ba\u015fkan\u0131 Muhittin B\u00f6cek ve beraberindeki heyet ziyaret ederek cezeryeden tatt\u0131.<\/p>\n<p>\u00c7ad\u0131rda, Mersin&#8217;in y\u00f6resel lezzetleri ve Mersin simgelerinin yer ald\u0131\u011f\u0131 hediyeler da\u011f\u0131t\u0131ld\u0131. Kat\u0131l\u0131mc\u0131lar\u0131n &#8216;festivalde en \u00e7ok dikkat \u00e7eken \u00e7ad\u0131r&#8217; dedi\u011fi Mersin B\u00fcy\u00fck\u015fehir Belediyesi&#8217;nin \u00e7ad\u0131r\u0131, festival boyunca t\u00fcm kat\u0131l\u0131mc\u0131lara Mersin&#8217;i tan\u0131tmak i\u00e7in bekliyor.<\/p>\n","protected":false},"excerpt":{"rendered":"<p>Mersin B\u00fcy\u00fck\u015fehir Belediyesi, uluslararas\u0131 festivallerde Mersin&#8217;i tan\u0131tmaya devam ediyor. Antalya B\u00fcy\u00fck\u015fehir Belediyesi taraf\u0131ndan d\u00fczenlenen Y\u00f6r\u00fck T\u00fcrkmen Festivali&#8217;nde kendisine tahsis edilen \u00e7ad\u0131rda Mersin&#8217;in y\u00f6resel lezzetlerini tan\u0131tan Mersin B\u00fcy\u00fck\u015fehir Belediyesi, kat\u0131l\u0131mc\u0131lardan tam &hellip; <a href=\"https:\/\/akdenizolaygazetesi.com\/?p=18458\" class=\"more-link\">Devam\u0131n\u0131 Oku&#8230;<\/a><\/p>\n","protected":false},"author":2,"featured_media":18459,"comment_status":"open","ping_status":"open","sticky":false,"template":"","format":"standard","meta":[],"categories":[2,3,5],"tags":[],"_links":{"self":[{"href":"https:\/\/akdenizolaygazetesi.com\/index.php?rest_route=\/wp\/v2\/posts\/18458"}],"collection":[{"href":"https:\/\/akdenizolaygazetesi.com\/index.php?rest_route=\/wp\/v2\/posts"}],"about":[{"href":"https:\/\/akdenizolaygazetesi.com\/index.php?rest_route=\/wp\/v2\/types\/post"}],"author":[{"embeddable":true,"href":"https:\/\/akdenizolaygazetesi.com\/index.php?rest_route=\/wp\/v2\/users\/2"}],"replies":[{"embeddable":true,"href":"https:\/\/akdenizolaygazetesi.com\/index.php?rest_route=%2Fwp%2Fv2%2Fcomments&post=18458"}],"version-history":[{"count":1,"href":"https:\/\/akdenizolaygazetesi.com\/index.php?rest_route=\/wp\/v2\/posts\/18458\/revisions"}],"predecessor-version":[{"id":18460,"href":"https:\/\/akdenizolaygazetesi.com\/index.php?rest_route=\/wp\/v2\/posts\/18458\/revisions\/18460"}],"wp:featuredmedia":[{"embeddable":true,"href":"https:\/\/akdenizolaygazetesi.com\/index.php?rest_route=\/wp\/v2\/media\/18459"}],"wp:attachment":[{"href":"https:\/\/akdenizolaygazetesi.com\/index.php?rest_route=%2Fwp%2Fv2%2Fmedia&parent=18458"}],"wp:term":[{"taxonomy":"category","embeddable":true,"href":"https:\/\/akdenizolaygazetesi.com\/index.php?rest_route=%2Fwp%2Fv2%2Fcategories&post=18458"},{"taxonomy":"post_tag","embeddable":true,"href":"https:\/\/akdenizolaygazetesi.com\/index.php?rest_route=%2Fwp%2Fv2%2Ftags&post=18458"}],"curies":[{"name":"wp","href":"https:\/\/api.w.org\/{rel}","templated":true}]}}