{"id":1846,"date":"2020-11-04T18:22:24","date_gmt":"2020-11-04T15:22:24","guid":{"rendered":"http:\/\/mersinekonomipolitikagazetesi.com\/?p=1846"},"modified":"2020-11-04T18:22:24","modified_gmt":"2020-11-04T15:22:24","slug":"kiyafet-meselesi-degil-zihniyet-meselesi","status":"publish","type":"post","link":"https:\/\/akdenizolaygazetesi.com\/?p=1846","title":{"rendered":"\u201cKIYAFET MESELES\u0130 DE\u011e\u0130L Z\u0130HN\u0130YET MESELES\u0130\u201d"},"content":{"rendered":"<p>Mersin Kazanl\u0131 \u0130lk\u00f6\u011fretim okulunda d\u00fczenlenen 23 Nisan etkinli\u011finde, 3. s\u0131n\u0131f k\u0131z \u00e7ocuklar\u0131n\u0131n g\u00f6steri yapmak i\u00e7in k\u0131yafetlerinin m\u00fcstehcen oldu\u011fu gerek\u00e7esiyle g\u00f6steriyi yar\u0131da kesen Akdeniz \u0130l\u00e7e Milli E\u011fitim M\u00fcd\u00fcr\u00fc Adem \u015eim\u015fek bir\u00e7ok STK ve CHP \u00f6rg\u00fct \u00fcyelerinden tepki ald\u0131.<\/p>\n<blockquote type=\"cite\">\n<div dir=\"ltr\">\n<p><span style=\"font-size:16px;\">Kazanl\u0131 Meydan\u0131nda bir araya gelerek tepkilerini dile getiren veliler, CHP \u00f6rg\u00fct \u00fcyeleri ve bir\u00e7ok STK \u00fcyeleri Adem \u015eim\u015fek\u2019in istifas\u0131 i\u00e7in a\u00e7\u0131klama yapt\u0131.<\/span><\/p>\n<p><span style=\"font-size:16px;\">A\u00e7\u0131klama konu\u015fmas\u0131n\u0131 \u00f6\u011frenci velisi Burcu G\u00fclseven ger\u00e7ekle\u015ftirirken meydanda olan vatanda\u015flar ise \u2018Adem \u015eim\u015fek \u0130stifa\u2019 slogan\u0131 att\u0131.<\/span><\/p>\n<p><span style=\"font-size:16px;\">A\u00e7\u0131klama esnas\u0131nda Kazanl\u0131 meydan\u0131nda bir araya gelen vatanda\u015f: \u2018Sonuna kadar laik bilimsel e\u011fitim\u2019, \u2018K\u0131yafet meselesi de\u011fil, zihniyet meselesi\u2019 \u2018\u00c7ocuklar\u0131n g\u00fcl\u00fc\u015f\u00fc solmas\u0131n\u2019 pankartlar\u0131yla Adem \u015eim\u015fek\u2019i yuhalad\u0131.<\/span><\/p>\n<p>\u00a0<\/p>\n<p><span style=\"font-size:16px;\">G\u00dcLSEVEN: \u201cH\u0130\u00c7B\u0130R MAZERET B\u0130LD\u0130RMEKS\u0130Z\u0130N\u00a0 YARIDA KES\u0130LM\u0130\u015eT\u0130R\u201d<\/span><\/p>\n<p>\u00a0<\/p>\n<p><span style=\"font-size:16px;\">A\u00e7\u0131klama konu\u015fmas\u0131n\u0131 ger\u00e7ekle\u015ftiren veli Burcu G\u00fclseven: \u201cGazi Mustafa Kemal Atat\u00fcrk\u2019\u00fcn Ulusal Egemenli\u011fimize kavu\u015ftu\u011fumuz g\u00fcn\u00fc\u00a0 t\u00fcm d\u00fcnya \u00e7ocuklar\u0131na arma\u011fan etti\u011fi 23 Nisan Ulusal Egemenlik ve \u00c7ocuk Bayram\u0131 kutlamalar\u0131 s\u0131ras\u0131nda, Akdeniz \u0130l\u00e7esine ba\u011fl\u0131 Kazanl\u0131 Mahallesi\u2019ndeki Kazanl\u0131 \u0130lkokulu\u2019nda yap\u0131lan, dans g\u00f6sterilerini sunmak \u00fczere sahneye \u00e7\u0131kan;\u00a0 k\u0131z \u00f6\u011frencilerimizin g\u00f6sterileri, \u0130l\u00e7e Milli E\u011fitim M\u00fcd\u00fcr\u00fc Adem \u015eim\u015fek\u00a0 taraf\u0131ndan\u00a0 hi\u00e7bir mazeret bildirmeksizin\u00a0 yar\u0131da kesilmi\u015ftir.\u201d ifadelerini kulland\u0131.<\/span><\/p>\n<p>\u00a0<\/p>\n<p><span style=\"font-size:16px;\">G\u00dcLSEVEN: \u201c3. SINIF D\u00dcZEY\u0130 \u0130\u00c7\u0130N M\u00dcSTEHCENL\u0130K F\u0130KR\u0130 GELMEZ\u201d<\/span><\/p>\n<p>\u00a0<\/p>\n<p><span style=\"font-size:16px;\">Velilerin\u00a0 ve izleyicilerin\u00a0 sorular\u0131 da cevaps\u0131z b\u0131rak\u0131larak\u00a0 hemen sonraki g\u00f6steriye ge\u00e7ilerek \u0130l\u00e7e M\u00fcd\u00fcr\u00fcn\u00fcn, k\u0131yafetleri m\u00fcstehcen buldu\u011fu s\u00f6ylentisi\u00a0 sonradan yay\u0131ld\u0131\u011f\u0131n\u0131 belirten G\u00fclseven: \u2018O ya\u015fta \u00e7ocuklara uygun elbiseler de\u011fildi. \u00c7ocuklar\u0131n k\u0131yafeti e\u011fitim ortam\u0131na uygun de\u011fildi\u2019 beyan\u0131 ile ger\u00e7e\u011fi bas\u0131ndan \u00f6\u011frenerek,\u00a0\u00a0 bu g\u00fcn burada tepkimizi \u00a0dile getirmek \u00fczere topland\u0131k. \u0130l\u00e7e Milli E\u011fitim M\u00fcd\u00fcr\u00fc \u015eim\u015fek&#8217;in talimat\u0131 nedeniyle, g\u00f6revli \u00f6\u011fretmenler, evlatlar\u0131m\u0131z\u0131 sahneden \u00e7\u0131karmak zorunda b\u0131rak\u0131lm\u0131\u015ft\u0131r. Halbuki; 23 Nisan kutlamalar\u0131nda \u00f6\u011fretmenler, sergilenecek g\u00f6steriye uygun, \u00e7ocu\u011fun da heves duyaca\u011f\u0131 k\u0131yafetler se\u00e7er. Hi\u00e7bir normal insan\u0131n akl\u0131na 3. S\u0131n\u0131f d\u00fczeyi i\u00e7in m\u00fcstehcenlik fikri gelmez.\u201d \u015feklinde konu\u015ftu.<\/span><img src=\"https:\/\/ssl.gstatic.com\/ui\/v1\/icons\/mail\/images\/cleardot.gif\" style=\"font-size: 16px; font-family: sans-serif, Arial, Verdana, 'Trebuchet MS'; line-height: 1.6em; height: 8px; width: 20px;\" \/><\/p>\n<div>\n<p>\u00a0<\/p>\n<p><span style=\"font-size:16px;\">G\u00dcLSEVEN: \u201cE\u011e\u0130T\u0130M KIYAFET\u0130 DE\u011e\u0130L G\u00d6STER\u0130 KIYAFET\u0130D\u0130R\u201d<\/span><\/p>\n<p>\u00a0<\/p>\n<p><span style=\"font-size:16px;\">Olay\u0131n soru\u015fma boyutu ele al\u0131n\u0131nca da okul m\u00fcd\u00fcr\u00fc, s\u0131n\u0131f \u00f6\u011fretmeni, muhtarlar ve STK temsilcileri hedef al\u0131narak g\u00fcnah ke\u00e7isi arama yoluna gidildi\u011fini belirten G\u00fclseven: \u201cKendi hatalar\u0131n\u0131z\u0131 ba\u015fkalar\u0131n\u0131zda aramay\u0131n\u0131z.\u00a0 \u00c7ocuklar\u0131m\u0131za g\u00f6zya\u015f\u0131 d\u00f6kt\u00fcren, anne babalar\u0131n\u0131n isyan etmesine neden olan, k\u00fc\u00e7\u00fcc\u00fck \u00e7ocuklar\u0131n danslar\u0131nda, giysilerinde m\u00fcstehcenlik bulan bu d\u00fc\u015f\u00fcncenin kar\u015f\u0131s\u0131nda her zamankinden daha kararl\u0131 durmal\u0131y\u0131z. \u00c7ocuklar\u0131m\u0131z\u0131n k\u0131yafetleri e\u011fitim k\u0131yafeti de\u011fil g\u00f6steri k\u0131yafetidir.\u201d dedi.<\/span><\/p>\n<p><span style=\"font-size:16px;\">Bu meselede k\u0131yafet ve m\u00fcstehcenlik, zihniyet meselesi olmad\u0131\u011f\u0131n\u0131 kaydeden G\u00fclseven: \u201c Cumhuriyetin kurulu\u015funda m\u00fccadele vermi\u015f b\u00f6lge halk\u0131 olarak evlalar\u0131m\u0131z \u00e7a\u011fda\u015f, laik, bilimsel e\u011fitimle yeti\u015fmi\u015f ve bu \u00fclkeye hizmet vermi\u015flerdir. 8-9 ya\u015f\u0131ndaki , bireyler \u00e7ocuktur ve ana kuzusudur. Cinsiyet\u00e7i ayr\u0131mc\u0131l\u0131kla\u00a0 Hi\u00e7 kimsenin akl\u0131na m\u00fcstehcenlik\u00a0 gelmez.\u201d \u015feklinde konu\u015ftu.<\/span><\/p>\n<p>\u00a0<\/p>\n<p><span style=\"font-size:16px;\">G\u00dcLSEVEN: \u201c\u00c7I\u011eLIKLARIMIZIN DUYULMASINI \u0130ST\u0130YORUZ\u201d<\/span><\/p>\n<p>\u00a0<\/p>\n<p><span style=\"font-size:16px;\">Bu bir karanl\u0131k bir zihniyet meselesi oldu\u011funu ifade eden G\u00fclseven: \u201c\u00c7ocuklara y\u00f6nelik cinsel istismar, tecav\u00fcz ve \u015fiddet vakalar\u0131n\u0131n \u00fclkemizde giderek artt\u0131\u011f\u0131 \u015fu g\u00fcnlerde, ya\u015fanan bu talihsiz olay sebebiyle, gelece\u011fimizin teminat\u0131 olan \u00e7ocuklar\u0131m\u0131z\u0131n istismar edilmesine anne baba olarak dur diyoruz ve arkam\u0131zda durulmas\u0131n\u0131, \u00e7\u0131\u011fl\u0131klar\u0131m\u0131z\u0131n duyulmas\u0131n\u0131 istiyoruz. Bu g\u00fcn burada bu \u00e7\u0131\u011fl\u0131\u011f\u0131m\u0131z\u0131 duyan ve yan\u0131m\u0131zda bulunan\u00a0 kazanl\u0131\u00a0 halk\u0131na , sivil toplum \u00f6rg\u00fct\u00fc temsilcilerine, siyasi parti temsilcilerine ve siz de\u011ferli bas\u0131n mensuplar\u0131na te\u015fekk\u00fcr eder bu olaya sebep olanlar cezaland\u0131r\u0131lana kadar olay\u0131n takip\u00e7isi olaca\u011f\u0131m\u0131z\u0131 beyan ederiz.\u201d diyerek son c\u00fcmlelerini tamamlad\u0131.<\/span><\/p>\n<p>\u00a0<\/p>\n<p><span style=\"font-size:16px;\">USLUO\u011eLU: \u201cOLAY \u0130L SINIRINA TA\u015eINDI\u201d<\/span><\/p>\n<p>\u00a0<\/p>\n<p><span style=\"font-size:16px;\">S\u00f6z hakk\u0131 alan E\u011fitim-Sen Mersin \u015eube Sekreteri \u0130smail Usluo\u011flu ise \u015fu ifadelere yer verdi: \u201cBu gerici bu zihniyete kar\u015f\u0131, bu \u00e7ocuklar\u0131m\u0131z\u0131 cinsel bir obje olarak g\u00f6recek, bu sapk\u0131n zihniyete kar\u015f\u0131 \u00e7ana\u011f\u0131m\u0131z il s\u0131n\u0131rlar\u0131n\u0131 a\u015ft\u0131. \u0130stanbul\u2019da bu \u00e7ocuklar\u0131m\u0131z\u0131n g\u00f6sterisi yar\u0131da kesilmesini radyodan duyan bir \u00f6\u011fretmen olay\u0131 il s\u0131n\u0131r\u0131na ta\u015f\u0131d\u0131. 12 May\u0131sta \u0130stanbul\u2019da \u00e7ocuklar\u0131m\u0131z i\u00e7in g\u00f6steri d\u00fczenlenecek. Biz hem \u00f6\u011frencilerle ve aileleriyle g\u00f6r\u00fc\u015ferek arzu ederlerse b\u00fct\u00fcn giderlerinde kar\u015f\u0131lanmak \u00fczere\u00a0 \u0130stanbul\u2019a davet edecekler.\u201d\u00a0<\/span><\/p>\n<\/div>\n<\/div>\n<\/blockquote>\n","protected":false},"excerpt":{"rendered":"<p>Mersin Kazanl\u0131 \u0130lk\u00f6\u011fretim okulunda d\u00fczenlenen 23 Nisan etkinli\u011finde, 3. s\u0131n\u0131f k\u0131z \u00e7ocuklar\u0131n\u0131n g\u00f6steri yapmak i\u00e7in k\u0131yafetlerinin m\u00fcstehcen oldu\u011fu gerek\u00e7esiyle g\u00f6steriyi yar\u0131da kesen Akdeniz \u0130l\u00e7e Milli E\u011fitim M\u00fcd\u00fcr\u00fc Adem \u015eim\u015fek bir\u00e7ok &hellip; <a href=\"https:\/\/akdenizolaygazetesi.com\/?p=1846\" class=\"more-link\">Devam\u0131n\u0131 Oku&#8230;<\/a><\/p>\n","protected":false},"author":1,"featured_media":0,"comment_status":"open","ping_status":"open","sticky":false,"template":"","format":"standard","meta":[],"categories":[],"tags":[],"_links":{"self":[{"href":"https:\/\/akdenizolaygazetesi.com\/index.php?rest_route=\/wp\/v2\/posts\/1846"}],"collection":[{"href":"https:\/\/akdenizolaygazetesi.com\/index.php?rest_route=\/wp\/v2\/posts"}],"about":[{"href":"https:\/\/akdenizolaygazetesi.com\/index.php?rest_route=\/wp\/v2\/types\/post"}],"author":[{"embeddable":true,"href":"https:\/\/akdenizolaygazetesi.com\/index.php?rest_route=\/wp\/v2\/users\/1"}],"replies":[{"embeddable":true,"href":"https:\/\/akdenizolaygazetesi.com\/index.php?rest_route=%2Fwp%2Fv2%2Fcomments&post=1846"}],"version-history":[{"count":0,"href":"https:\/\/akdenizolaygazetesi.com\/index.php?rest_route=\/wp\/v2\/posts\/1846\/revisions"}],"wp:attachment":[{"href":"https:\/\/akdenizolaygazetesi.com\/index.php?rest_route=%2Fwp%2Fv2%2Fmedia&parent=1846"}],"wp:term":[{"taxonomy":"category","embeddable":true,"href":"https:\/\/akdenizolaygazetesi.com\/index.php?rest_route=%2Fwp%2Fv2%2Fcategories&post=1846"},{"taxonomy":"post_tag","embeddable":true,"href":"https:\/\/akdenizolaygazetesi.com\/index.php?rest_route=%2Fwp%2Fv2%2Ftags&post=1846"}],"curies":[{"name":"wp","href":"https:\/\/api.w.org\/{rel}","templated":true}]}}