{"id":1849,"date":"2020-11-04T18:22:24","date_gmt":"2020-11-04T15:22:24","guid":{"rendered":"http:\/\/mersinekonomipolitikagazetesi.com\/?p=1849"},"modified":"2020-11-04T18:22:24","modified_gmt":"2020-11-04T15:22:24","slug":"mtso-egitim-komitesinden-ilk-toplanti","status":"publish","type":"post","link":"https:\/\/akdenizolaygazetesi.com\/?p=1849","title":{"rendered":"MTSO E\u011e\u0130T\u0130M KOM\u0130TES\u0130\u2019NDEN \u0130LK TOPLANTI"},"content":{"rendered":"<p>Mersin Ticaret ve Sanayi Odas\u0131 (MTSO)  28 No\u2019lu E\u011fitim Hizmetleri Meslek Komitesi ilk toplant\u0131s\u0131n\u0131 ger\u00e7ekle\u015ftirerek Oda \u00fcyesi \u00f6zel e\u011fitim kurum yetkilileriyle bir araya geldi.<\/p>\n<blockquote type=\"cite\">\n<div dir=\"ltr\">\n<p><span style=\"font-size:16px;\">Mersin Ticaret ve Sanayi Odas\u0131 (MTSO)\u00a0 28 No\u2019lu E\u011fitim Hizmetleri Meslek Komitesi, oda \u00fcyeleriyle beraber ilk toplant\u0131s\u0131n\u0131 yapt\u0131.<\/span><\/p>\n<div>\n<div aria-label=\"Geni\u015fletilen i\u00e7eri\u011fi gizleyin\" data-tooltip=\"Geni\u015fletilen i\u00e7eri\u011fi gizleyin\" id=\":rx\" role=\"button\" style=\"clear:both;\" tabindex=\"0\"><span style=\"font-size:16px;\"><img src=\"https:\/\/ssl.gstatic.com\/ui\/v1\/icons\/mail\/images\/cleardot.gif\" style=\"height:8px;width:20px;\" \/><\/span><\/div>\n<\/div>\n<div>\n<p><span style=\"font-size:16px;\">Toplant\u0131ya Mersin \u0130l Milli E\u011fitim M\u00fcd\u00fcr\u00fc Adem Koca, MTSO E\u011fitim ve Kalk\u0131nma Vakf\u0131 Y\u00f6netim Kurulu Ba\u015fkan\u0131 Sad\u0131k \u00c7a\u011fatay G\u00fcne\u015f ve MTSO Genel Sekreter Yard\u0131mc\u0131s\u0131 Ezgi Bi\u00e7er U\u00e7ar kat\u0131ld\u0131.<\/span><\/p>\n<p>\u00a0<\/p>\n<p><span style=\"font-size:16px;\">TAMER G\u00dcNER: \u201cB\u0130R TELEFON KADAR YAKIN OLACA\u011eIZ\u201d<\/span><\/p>\n<p>\u00a0<\/p>\n<p><span style=\"font-size:16px;\">Toplant\u0131n\u0131n ilk konu\u015fmas\u0131n\u0131 ger\u00e7ekle\u015ftiren MTSO Meclis \u00dcyesi ve Komite \u00dcyesi Tamer G\u00fcner: \u201c\u00dcstlendikleri g\u00f6revi 4 y\u0131ll\u0131k s\u00fcre i\u00e7erisinde lay\u0131k\u0131yla yapmaya \u00e7al\u0131\u015faca\u011f\u0131z\u201d \u015feklinde belirterek mesleki ahlak\u0131 koruyarak, ticaret ve sanayinin genel menfaatlerine uygun geli\u015fmesine katk\u0131 sa\u011flamay\u0131 ama\u00e7lad\u0131klar\u0131n\u0131 ifade etti. S\u00f6zlerine devam eden G\u00fcner: \u201cEn b\u00fcy\u00fck ortak paydam\u0131z olan Mersin ve Mersin\u2019in e\u011fitimi i\u00e7in bundan sonra at\u0131lacak ad\u0131mlar\u0131 hep birlikte MTSO\u2019nun g\u00fcc\u00fcn\u00fc de arkam\u0131za alarak atal\u0131m ve g\u00fc\u00e7lenerek ilerleyelim. Biz Komite olarak her zaman ihtiya\u00e7lar\u0131n\u0131zda sizlere bir telefon kadar yak\u0131n olaca\u011f\u0131z\u201d ifadelerini kulland\u0131.<\/span><\/p>\n<p>\u00a0<\/p>\n<p><span style=\"font-size:16px;\">ADEM KOCA: \u201c\u0130\u015e\u0130N\u0130Z\u0130N KOLAYLA\u015eMASI NOKTASINDA H\u0130ZMETKARINIZIZ\u201d<\/span><\/p>\n<p>\u00a0<\/p>\n<p><span style=\"font-size:16px;\">Mersin\u2019in e\u011fitim hayat\u0131na katk\u0131 sa\u011flayacaklar\u0131n\u0131 belirten Mersin \u0130l Milli E\u011fitim M\u00fcd\u00fcr\u00fc Adem Koca: \u201cE\u011fitim alan\u0131nda hem Mersin\u2019de hem de \u00fclkeye g\u00fczellikler kataca\u011f\u0131z. \u0130l Milli E\u011fitim M\u00fcd\u00fcrl\u00fc\u011f\u00fc olarak, her t\u00fcrl\u00fc i\u015finizin kolayla\u015fmas\u0131 noktas\u0131nda hizmetkar\u0131n\u0131z\u0131z. Kurum olarak \u00e7\u00f6z\u00fcm \u00f6nerilerinizle beraber geldi\u011finizde g\u00fcc\u00fcm\u00fcz nezdinde buna katk\u0131 sa\u011flayaca\u011f\u0131m\u0131z\u0131 pe\u015finen ifade etmek isterim\u201d \u015feklinde konu\u015ftu.<\/span><\/p>\n<p>\u00a0<\/p>\n<p><span style=\"font-size:16px;\">EZG\u0130 B\u0130\u00c7ER U\u00c7AR: \u201cODAMIZDAN FAYDALANMANIZI \u00d6NER\u0130YORUZ\u201d<\/span><\/p>\n<p>\u00a0<\/p>\n<p><span style=\"font-size:16px;\">Oda\u2019n\u0131n faaliyetleri hakk\u0131nda konu\u015fmas\u0131n\u0131 ger\u00e7ekle\u015ftiren MTSO Genel Sekreter Yard\u0131mc\u0131s\u0131 Ezgi Bi\u00e7er U\u00e7ar ise \u00fcyelerin m\u00fc\u015fterek ihtiya\u00e7lar\u0131n\u0131 kar\u015f\u0131lamak ve mesleki faaliyetlerini kolayla\u015ft\u0131rmak ad\u0131na \u00e7al\u0131\u015ft\u0131\u011f\u0131n\u0131 belirtti. \u00dcyelerin sorunlar\u0131na \u00e7\u00f6z\u00fcm arac\u0131 olduklar\u0131na de\u011finen U\u00e7ar, Meslek Komite \u00dcyelerini Oda\u2019n\u0131n mutfa\u011f\u0131 olarak de\u011ferlendirdi. U\u00e7ar, MTSO\u2019nun uluslararas\u0131 i\u015fbirliklerinin g\u00fc\u00e7lenmesi y\u00f6n\u00fcnde de bir\u00e7ok giri\u015fimde bulundu\u011funu vurgulad\u0131. S\u00f6zlerine devam eden U\u00e7ar: \u201cOda\u2019m\u0131z, \u00fcyelerini hem vize s\u00fcrecinde istenen bir \u00e7ok evrak\u0131 toparlama zahmetinden kurtar\u0131yor hem de 5 y\u0131la kadar uzun s\u00fcreli vize almalar\u0131n\u0131 sa\u011fl\u0131yor. Bizim size verece\u011fimiz Odam\u0131z\u0131n \u00fcyesi oldu\u011funuza dair yaz\u0131 ile birlikte Fransa B\u00fcy\u00fckel\u00e7ili\u011fi\u2019ne ba\u015fvurman\u0131z halinde 5 y\u0131la kadar Schengen vizesi alabiliyorsunuz\u201d \u015feklinde konu\u015ftu. Odan\u0131n web sitesinin \u00fcyeler taraf\u0131ndan detayl\u0131 \u015fekilde incelendi\u011fini vurgulayan U\u00e7ar: \u201cHizmetlerimizden haberdar olarak, Odam\u0131zdan m\u00fcmk\u00fcn olan en y\u00fcksek seviyede faydalanman\u0131z\u0131 \u00f6neriyoruz\u201d ifadelerini kulland\u0131. \u00a0<\/span><\/p>\n<\/div>\n<\/div>\n<\/blockquote>\n","protected":false},"excerpt":{"rendered":"<p>Mersin Ticaret ve Sanayi Odas\u0131 (MTSO) 28 No\u2019lu E\u011fitim Hizmetleri Meslek Komitesi ilk toplant\u0131s\u0131n\u0131 ger\u00e7ekle\u015ftirerek Oda \u00fcyesi \u00f6zel e\u011fitim kurum yetkilileriyle bir araya geldi. Mersin Ticaret ve Sanayi Odas\u0131 (MTSO)\u00a0 &hellip; <a href=\"https:\/\/akdenizolaygazetesi.com\/?p=1849\" class=\"more-link\">Devam\u0131n\u0131 Oku&#8230;<\/a><\/p>\n","protected":false},"author":1,"featured_media":0,"comment_status":"open","ping_status":"open","sticky":false,"template":"","format":"standard","meta":[],"categories":[],"tags":[],"_links":{"self":[{"href":"https:\/\/akdenizolaygazetesi.com\/index.php?rest_route=\/wp\/v2\/posts\/1849"}],"collection":[{"href":"https:\/\/akdenizolaygazetesi.com\/index.php?rest_route=\/wp\/v2\/posts"}],"about":[{"href":"https:\/\/akdenizolaygazetesi.com\/index.php?rest_route=\/wp\/v2\/types\/post"}],"author":[{"embeddable":true,"href":"https:\/\/akdenizolaygazetesi.com\/index.php?rest_route=\/wp\/v2\/users\/1"}],"replies":[{"embeddable":true,"href":"https:\/\/akdenizolaygazetesi.com\/index.php?rest_route=%2Fwp%2Fv2%2Fcomments&post=1849"}],"version-history":[{"count":0,"href":"https:\/\/akdenizolaygazetesi.com\/index.php?rest_route=\/wp\/v2\/posts\/1849\/revisions"}],"wp:attachment":[{"href":"https:\/\/akdenizolaygazetesi.com\/index.php?rest_route=%2Fwp%2Fv2%2Fmedia&parent=1849"}],"wp:term":[{"taxonomy":"category","embeddable":true,"href":"https:\/\/akdenizolaygazetesi.com\/index.php?rest_route=%2Fwp%2Fv2%2Fcategories&post=1849"},{"taxonomy":"post_tag","embeddable":true,"href":"https:\/\/akdenizolaygazetesi.com\/index.php?rest_route=%2Fwp%2Fv2%2Ftags&post=1849"}],"curies":[{"name":"wp","href":"https:\/\/api.w.org\/{rel}","templated":true}]}}