{"id":1850,"date":"2020-11-04T18:22:24","date_gmt":"2020-11-04T15:22:24","guid":{"rendered":"http:\/\/mersinekonomipolitikagazetesi.com\/?p=1850"},"modified":"2020-11-04T18:22:24","modified_gmt":"2020-11-04T15:22:24","slug":"milletvekili-olmak-isteyen-ali-er-istifa-etti","status":"publish","type":"post","link":"https:\/\/akdenizolaygazetesi.com\/?p=1850","title":{"rendered":"M\u0130LLETVEK\u0130L\u0130 OLMAK \u0130STEYEN AL\u0130 ER \u0130ST\u0130FA ETT\u0130"},"content":{"rendered":"<p>2012 y\u0131l\u0131nda Mersin Baro Ba\u015fkanl\u0131\u011f\u0131 se\u00e7imlerinde ba\u015fkan olan Avukat Ali Er, Mersin 27. d\u00f6nem milletvekilli\u011fine aday adayl\u0131\u011f\u0131n\u0131 koyabilmek i\u00e7in baro ba\u015fkanl\u0131\u011f\u0131 g\u00f6revinden istifa etti. Ali Er\u2019in MHP\u2019den aday aday\u0131 olaca\u011f\u0131 dile getiriliyor.<\/p>\n<div id=\":4\">\n<div id=\":2\">\n<div role=\"main\">\n<table cellpadding=\"0\" role=\"presentation\" style=\"width:1675px;\">\n<tbody>\n<tr>\n<td>\n<div role=\"list\">\n<div role=\"listitem\" style=\"clear:both;\" tabindex=\"-1\">\n<div id=\":tm\">\n<div data-legacy-message-id=\"163022f004109a0e\" data-message-id=\"163022f004109a0e\">\n<div style=\"margin-left:44px;\">\n<div id=\":t4\">\n<div id=\":tk\">\n<div dir=\"auto\">\n<blockquote type=\"cite\">\n<div dir=\"ltr\">\n<p><span style=\"font-size:16px;\">Mersin Baro Ba\u015fkan\u0131 Av. Ali Er, baro ba\u015fkanl\u0131\u011f\u0131ndan istifas\u0131na y\u00f6nelik bir a\u00e7\u0131klama yapt\u0131.<\/span><\/p>\n<p><span style=\"font-size:16px;\">\u0130stifas\u0131n\u0131 a\u00e7\u0131klayan Er, konu\u015fmas\u0131n\u0131 ge\u00e7irdi\u011fi ba\u015fkanl\u0131k d\u00f6nemindeki\u00a0 geli\u015fmelerden bahsetti.<\/span><\/p>\n<p><span style=\"font-size:16px;\">\u0130stifas\u0131n\u0131n nedenini aktaran Er, Mersin 27. d\u00f6nem milletvekili aday aday\u0131 oldu\u011funun alt\u0131n\u0131 \u00e7izdi.<\/span><\/p>\n<p><span style=\"font-size:16px;\">Baro ba\u015fkanl\u0131k g\u00f6rev hizmetini meslekta\u015flar\u0131yla beraber onurlu bir \u015fekilde yapt\u0131\u011f\u0131n\u0131 aktaran Er: \u201cHizmet odakl\u0131, g\u00fc\u00e7l\u00fc baro g\u00fc\u00e7l\u00fc avukat idealiyle \u00e7\u0131kt\u0131\u011f\u0131m\u0131z bu yolda, g\u00f6reve geldi\u011fimiz tarihten bu yana hi\u00e7 durmaks\u0131z\u0131n b\u00fcy\u00fck bir fedak\u00e2rl\u0131k ve \u00f6zveri i\u00e7inde eme\u011fimizi ve g\u00fcc\u00fcm\u00fcz\u00fc Mersin Barosu\u2019na sarf ederek yo\u011fun bir \u015fekilde \u00e7al\u0131\u015ft\u0131k. Meslekta\u015flar\u0131m\u0131z, Mersin halk\u0131 ve \u00fclkemiz i\u00e7in son derece etkin ve faydal\u0131 \u00e7al\u0131\u015fmalar ger\u00e7ekle\u015ftirdik.\u201d dedi.<\/span><\/p>\n<p>\u00a0<\/p>\n<p><span style=\"font-size:16px;\">\u201cSU\u00c7LULARIN EN A\u011eIR \u015eEK\u0130LDE CEZALANDIRILMASI \u0130\u00c7\u0130N VAR G\u00dcC\u00dcM\u00dcZLE \u00c7ALI\u015eTIK\u201d<\/span><\/p>\n<p>\u00a0<\/p>\n<p><span style=\"font-size:16px;\">Meslekleriyle ilgili sorunlar\u0131 \u00e7\u00f6zmek i\u00e7in projeler yapt\u0131\u011f\u0131n\u0131 belirten Er: \u201c\u00d6ncelikle hizmet odakl\u0131 bir baro anlay\u0131\u015f\u0131 ile hareket ederek Mersin Barosu avukatlar\u0131n\u0131n ve mesle\u011fimizin sorunlar\u0131n\u0131 \u00e7\u00f6zmeye ve hayatlar\u0131n\u0131 kolayla\u015ft\u0131rmaya y\u00f6nelik projelerimizi harekete ge\u00e7irdik. Meslekta\u015flar\u0131m\u0131z\u0131n adliye giri\u015flerinde ayr\u0131cal\u0131kl\u0131 ve mesle\u011fin itibar\u0131na yak\u0131\u015f\u0131r \u015fekilde giri\u015f yapmalar\u0131ndan ba\u015flayarak, adliye i\u00e7erisinde Baronun etkinli\u011fini ve g\u00fcc\u00fcn\u00fc artt\u0131rd\u0131k. Mersin Barosu\u2019na yeni hizmet birimleri kazand\u0131rd\u0131k. Adliye i\u00e7erisinde Mersin Barosu K\u00fct\u00fcphanesi kurarak meslekta\u015flar\u0131m\u0131z\u0131n bilgiye sayg\u0131n bir \u015fekilde ula\u015fmalar\u0131n\u0131 sa\u011flad\u0131k. Meslekta\u015flar\u0131m\u0131z\u0131n adliye i\u00e7erisinde, resmi dairelerde, cezaevlerinde ya\u015fad\u0131\u011f\u0131 sorunlarda daima meslekta\u015flar\u0131m\u0131z\u0131n yan\u0131nda olarak ya\u015fad\u0131\u011f\u0131 sorunu kurumsal d\u00fczeyde \u00e7\u00f6z\u00fcme ula\u015ft\u0131rd\u0131k.\u201d dedi.<\/span><\/p>\n<\/p><\/div>\n<\/blockquote>\n<blockquote type=\"cite\">\n<div dir=\"ltr\">\n<p><span style=\"font-size:16px;\">Ali Er:\u201cMersin Barosu Kad\u0131n Haklar\u0131, \u00c7ocuk Haklar\u0131, Avukat Haklar\u0131 Merkezlerimiz ile di\u011fer merkez ve komisyonlar\u0131m\u0131z mesle\u011fimiz ve toplumumuz i\u00e7in etkin \u00e7al\u0131\u015fmalar ger\u00e7ekle\u015ftirdi. Kad\u0131n Haklar\u0131 Merkezimiz kad\u0131na kar\u015f\u0131 i\u015flenen su\u00e7lara ili\u015fkin davalarda t\u00fcm kad\u0131nlar\u0131m\u0131za hukuki yard\u0131m sa\u011flad\u0131.\u00a0 \u00c7ocuk Haklar\u0131 Merkezimiz, \u00e7ocuklar\u0131m\u0131z\u0131n gelece\u011fi i\u00e7in okullarda her hafta, \u00e7ocuk haklar\u0131, su\u00e7 say\u0131lan davran\u0131\u015flar, bili\u015fim su\u00e7lar\u0131 gibi konularda yo\u011fun e\u011fitim \u00e7al\u0131\u015fmalar\u0131 ger\u00e7ekle\u015ftirdi. \u00c7ocuk istismar\u0131 davalar\u0131n\u0131n takip\u00e7isi olarak su\u00e7lular\u0131n en a\u011f\u0131r \u015fekilde cezaland\u0131r\u0131lmas\u0131 i\u00e7in var g\u00fcc\u00fcyle \u00e7al\u0131\u015ft\u0131.\u201d ifadelerini kulland\u0131.<\/span><\/p>\n<p>\u00a0<\/p>\n<p><span style=\"font-size:16px;\">\u201c\u00c7OCUKLARIMIZA FAYDALI OLMANIN GURURUNU VE MUTLULU\u011eUNU YA\u015eIYORUZ\u201d<\/span><\/p>\n<p>\u00a0<\/p>\n<p><span style=\"font-size:16px;\">Bir\u00e7ok paneller, seminerler, \u00e7al\u0131\u015ftaylar d\u00fczenledikleri dile getiren Ali Er: \u201cT\u00fcrkiye\u2019de t\u00fcm barolara \u00f6rnek bir proje olarak mesle\u011fe yeni ba\u015flayan ve ihtiya\u00e7 duyan meslekta\u015flar\u0131m\u0131z i\u00e7in Mersin Barosu Avukatl\u0131k Ofisleri kurarak meslekta\u015flar\u0131m\u0131z\u0131n kullan\u0131m\u0131na sunduk. Bu projemiz de gururumuzdur.\u201d diye kaydetti.<\/span><\/p>\n<p><span style=\"font-size:16px;\">\u201cMersin Barosu olarak topluma, \u00fclkemize sorumlulu\u011fumuzun bir gere\u011fi olarak sosyal sorumluluk projeleri \u00fcrettik ve var olan projelerde yer ald\u0131k.\u201d diyerek dikkat \u00e7eken Er: \u201cBunlardan en \u00f6nemlisi \u00e7ocuklar\u0131m\u0131z\u0131 istismardan korumay\u0131 ama\u00e7layan ve \u00e7ocuk haklar\u0131n\u0131 anlatan Sihirli K\u00fcre isimli tiyatro oyunu oldu. T\u00fcrkiye\u2019de bu konuda yap\u0131lm\u0131\u015f ilk ve tek proje olma \u00f6zelli\u011fi ta\u015f\u0131yan bu \u00e7al\u0131\u015fmam\u0131zla \u00e7ocuklar\u0131m\u0131za faydal\u0131 olman\u0131n gururunu ve mutlulu\u011funu ya\u015f\u0131yoruz.\u201d ifadelerini kulland\u0131.<\/span><\/p>\n<div>\n<p>\u00a0<\/p>\n<p><span style=\"font-size:16px;\">\u201cM\u0130LL\u0130 \u0130RADEYE SAYGI \u0130LKELER\u0130NDEN ASLA TAV\u0130Z VERMED\u0130K\u201d<\/span><\/p>\n<p>\u00a0<\/p>\n<p><span style=\"font-size:16px;\">Er, kurumsal ileti\u015fim ve temsil anlam\u0131nda; Mersin Barosu t\u00fcm kurum ve kurulu\u015flar ile baronun sayg\u0131nl\u0131\u011f\u0131na yak\u0131\u015f\u0131r \u015fekilde kurumsal ileti\u015fim kurdu\u011funu \u00f6ncesinde zay\u0131f olan ili\u015fkilerini kuvvetlendirerek, gerek kurum ve kurulu\u015flarla, gerek sivil toplum \u00f6rg\u00fctleri ile gerekse de halk ile iyi ili\u015fkiler i\u00e7erisine girdi\u011fini belirtti.<\/span><\/p>\n<p><span style=\"font-size:16px;\">Bir\u00e7ok kamu kurumu\u00a0 ve \u00fcniversiteler ile\u00a0\u00a0 i\u015fbirli\u011fi anla\u015fmalar\u0131 ve protokoller yaparak bir\u00e7ok projeyi birlikte ger\u00e7ekle\u015ftirdi\u011fini dile getiren Er son s\u00f6zlerini \u015f\u00f6yle aktard\u0131: \u201cMersin Barosu, devletimizi ve milletimizi ilgilendiren t\u00fcm milli ve toplumsal meselelerde, hepimizin ortak paydas\u0131 olan devletimizin ve \u00fclkemizin b\u00f6l\u00fcnmez b\u00fct\u00fcnl\u00fc\u011f\u00fc, demokrasi ve milli iradeye sayg\u0131 ilkelerinden asla taviz vermeyerek daima devletimiz, milletimiz, g\u00fcvenlik g\u00fc\u00e7lerimiz ve milli irade yan\u0131nda yer alm\u0131\u015f, devletimize ve milli iradeye y\u00f6nelik her t\u00fcrl\u00fc sald\u0131r\u0131y\u0131 ve ter\u00f6r\u00fc her zaman lanetlemi\u015f ve bunu a\u00e7\u0131k\u00e7a ifade etmi\u015ftir.\u201d<\/span><\/p>\n<\/p><\/div>\n<\/p><\/div>\n<\/blockquote><\/div>\n<\/p><\/div>\n<\/p><\/div>\n<\/p><\/div>\n<\/p><\/div>\n<\/p><\/div>\n<\/p><\/div>\n<\/p><\/div>\n<\/td>\n<\/tr>\n<\/tbody>\n<\/table>\n<div style=\"clear:both;\">\u00a0<\/div>\n<\/div>\n<\/div>\n<\/div>\n","protected":false},"excerpt":{"rendered":"<p>2012 y\u0131l\u0131nda Mersin Baro Ba\u015fkanl\u0131\u011f\u0131 se\u00e7imlerinde ba\u015fkan olan Avukat Ali Er, Mersin 27. d\u00f6nem milletvekilli\u011fine aday adayl\u0131\u011f\u0131n\u0131 koyabilmek i\u00e7in baro ba\u015fkanl\u0131\u011f\u0131 g\u00f6revinden istifa etti. Ali Er\u2019in MHP\u2019den aday aday\u0131 olaca\u011f\u0131 &hellip; <a href=\"https:\/\/akdenizolaygazetesi.com\/?p=1850\" class=\"more-link\">Devam\u0131n\u0131 Oku&#8230;<\/a><\/p>\n","protected":false},"author":1,"featured_media":0,"comment_status":"open","ping_status":"open","sticky":false,"template":"","format":"standard","meta":[],"categories":[],"tags":[],"_links":{"self":[{"href":"https:\/\/akdenizolaygazetesi.com\/index.php?rest_route=\/wp\/v2\/posts\/1850"}],"collection":[{"href":"https:\/\/akdenizolaygazetesi.com\/index.php?rest_route=\/wp\/v2\/posts"}],"about":[{"href":"https:\/\/akdenizolaygazetesi.com\/index.php?rest_route=\/wp\/v2\/types\/post"}],"author":[{"embeddable":true,"href":"https:\/\/akdenizolaygazetesi.com\/index.php?rest_route=\/wp\/v2\/users\/1"}],"replies":[{"embeddable":true,"href":"https:\/\/akdenizolaygazetesi.com\/index.php?rest_route=%2Fwp%2Fv2%2Fcomments&post=1850"}],"version-history":[{"count":0,"href":"https:\/\/akdenizolaygazetesi.com\/index.php?rest_route=\/wp\/v2\/posts\/1850\/revisions"}],"wp:attachment":[{"href":"https:\/\/akdenizolaygazetesi.com\/index.php?rest_route=%2Fwp%2Fv2%2Fmedia&parent=1850"}],"wp:term":[{"taxonomy":"category","embeddable":true,"href":"https:\/\/akdenizolaygazetesi.com\/index.php?rest_route=%2Fwp%2Fv2%2Fcategories&post=1850"},{"taxonomy":"post_tag","embeddable":true,"href":"https:\/\/akdenizolaygazetesi.com\/index.php?rest_route=%2Fwp%2Fv2%2Ftags&post=1850"}],"curies":[{"name":"wp","href":"https:\/\/api.w.org\/{rel}","templated":true}]}}