{"id":1851,"date":"2020-11-04T18:22:24","date_gmt":"2020-11-04T15:22:24","guid":{"rendered":"http:\/\/mersinekonomipolitikagazetesi.com\/?p=1851"},"modified":"2020-11-04T18:22:24","modified_gmt":"2020-11-04T15:22:24","slug":"bar-sahibinin-cesedi-depoda-bulundu","status":"publish","type":"post","link":"https:\/\/akdenizolaygazetesi.com\/?p=1851","title":{"rendered":"Bar sahibinin cesedi depoda bulundu"},"content":{"rendered":"<p>Mersin&#8217;in Tarsus il\u00e7esinde bir bar sahibinin cesedi, par\u00e7alara ayr\u0131l\u0131p po\u015fete konulmu\u015f halde bar\u0131n deposunda bulundu.<\/p>\n<p><span style=\"font-size:16px;\"><span style=\"font-family: sans-serif; line-height: 20px; text-align: justify; background-color: rgb(242, 244, 245);\">Edinilen bilgiye g\u00f6re olay, K\u0131z\u0131lmurat Mahallesi&#8217;nde yer alan barlar soka\u011f\u0131nda meydana geldi.\u00a0<\/span><br style=\"box-sizing: border-box; font-family: sans-serif; font-size: 14px; line-height: 20px; text-align: justify; background-color: rgb(242, 244, 245);\" \/><br \/>\n<span style=\"font-family: sans-serif; line-height: 20px; text-align: justify; background-color: rgb(242, 244, 245);\">24 Nisan 2018 tarihinde e\u015fine &#8216;i\u015fe gidiyorum&#8217; diyerek evinden ayr\u0131lan 46 ya\u015f\u0131ndaki \u0130brahim Ate\u015f, bir daha eve d\u00f6nmedi.\u00a0<\/span><br style=\"box-sizing: border-box; font-family: sans-serif; font-size: 14px; line-height: 20px; text-align: justify; background-color: rgb(242, 244, 245);\" \/><br \/>\n<span style=\"font-family: sans-serif; line-height: 20px; text-align: justify; background-color: rgb(242, 244, 245);\">\u0130ddiaya g\u00f6re, Ate\u015f&#8217;in telefonundan bug\u00fcn sabah saatlerinde e\u015fi \u00dcmm\u00fcg\u00fcls\u00fcm Ate\u015f&#8217;in cep telefonuna \u201c\u0130\u015fim uzayacak. Beni merak etmeyin. Bir sorun olursa i\u015f yerinde \u00e7al\u0131\u015fan Mesut&#8217;a s\u00f6yle. Mesut&#8217;tan ba\u015fkas\u0131na g\u00fcvenme\u201d \u015feklinde mesaj at\u0131ld\u0131.\u00a0<\/span><br style=\"box-sizing: border-box; font-family: sans-serif; font-size: 14px; line-height: 20px; text-align: justify; background-color: rgb(242, 244, 245);\" \/><br \/>\n<span style=\"font-family: sans-serif; line-height: 20px; text-align: justify; background-color: rgb(242, 244, 245);\">E\u015finin \u201cNeredesin\u201d \u015feklinde cevap vermesi \u00fczerine \u0130brahim Ate\u015f&#8217;in telefonundan \u201cAnkara&#8217;day\u0131m, i\u015fim biter bitmez gelece\u011fim, kasaya Mesut baks\u0131n\u201d \u015feklinde yan\u0131t geldi.\u00a0<\/span><br style=\"box-sizing: border-box; font-family: sans-serif; font-size: 14px; line-height: 20px; text-align: justify; background-color: rgb(242, 244, 245);\" \/><br \/>\n<span style=\"font-family: sans-serif; line-height: 20px; text-align: justify; background-color: rgb(242, 244, 245);\">Mesajla\u015fmalar\u0131n ard\u0131ndan \u00dcmm\u00fcg\u00fcls\u00fcm Ate\u015f e\u015fini arad\u0131 ancak ula\u015famad\u0131.\u00a0<\/span><br style=\"box-sizing: border-box; font-family: sans-serif; font-size: 14px; line-height: 20px; text-align: justify; background-color: rgb(242, 244, 245);\" \/><br \/>\n<span style=\"font-family: sans-serif; line-height: 20px; text-align: justify; background-color: rgb(242, 244, 245);\">Durumdan \u015f\u00fcphelenen \u00dcmm\u00fcg\u00fcls\u00fcm Ate\u015f, e\u015finin telefonunun Mesut Sever&#8217;de olabilece\u011fi endi\u015fesiyle olay\u0131 polise haber verdi.\u00a0<\/span><br style=\"box-sizing: border-box; font-family: sans-serif; font-size: 14px; line-height: 20px; text-align: justify; background-color: rgb(242, 244, 245);\" \/><br \/>\n<span style=\"font-family: sans-serif; line-height: 20px; text-align: justify; background-color: rgb(242, 244, 245);\">\u0130brahim Ate\u015f&#8217;in gidebilece\u011fi yerler konusunda ara\u015ft\u0131rma yapan polis, Ate\u015f&#8217;in sahibi oldu\u011fu barda da incelemelerde bulundu. Yap\u0131lan incelemeler sonucu Ate\u015f&#8217;in cesedi, par\u00e7alara ayr\u0131lm\u0131\u015f halde bir po\u015fetin i\u00e7erisinde i\u015f yerinin deposunda bulundu.\u00a0<\/span><br style=\"box-sizing: border-box; font-family: sans-serif; font-size: 14px; line-height: 20px; text-align: justify; background-color: rgb(242, 244, 245);\" \/><br \/>\n<span style=\"font-family: sans-serif; line-height: 20px; text-align: justify; background-color: rgb(242, 244, 245);\">Savc\u0131l\u0131k olayla ilgili soru\u015fturma ba\u015flat\u0131rken, firari Mesut Sever polis taraf\u0131ndan aran\u0131yor.\u00a0<\/span><\/span><\/p>\n","protected":false},"excerpt":{"rendered":"<p>Mersin&#8217;in Tarsus il\u00e7esinde bir bar sahibinin cesedi, par\u00e7alara ayr\u0131l\u0131p po\u015fete konulmu\u015f halde bar\u0131n deposunda bulundu. Edinilen bilgiye g\u00f6re olay, K\u0131z\u0131lmurat Mahallesi&#8217;nde yer alan barlar soka\u011f\u0131nda meydana geldi.\u00a0 24 Nisan 2018 &hellip; <a href=\"https:\/\/akdenizolaygazetesi.com\/?p=1851\" class=\"more-link\">Devam\u0131n\u0131 Oku&#8230;<\/a><\/p>\n","protected":false},"author":1,"featured_media":0,"comment_status":"open","ping_status":"open","sticky":false,"template":"","format":"standard","meta":[],"categories":[],"tags":[],"_links":{"self":[{"href":"https:\/\/akdenizolaygazetesi.com\/index.php?rest_route=\/wp\/v2\/posts\/1851"}],"collection":[{"href":"https:\/\/akdenizolaygazetesi.com\/index.php?rest_route=\/wp\/v2\/posts"}],"about":[{"href":"https:\/\/akdenizolaygazetesi.com\/index.php?rest_route=\/wp\/v2\/types\/post"}],"author":[{"embeddable":true,"href":"https:\/\/akdenizolaygazetesi.com\/index.php?rest_route=\/wp\/v2\/users\/1"}],"replies":[{"embeddable":true,"href":"https:\/\/akdenizolaygazetesi.com\/index.php?rest_route=%2Fwp%2Fv2%2Fcomments&post=1851"}],"version-history":[{"count":0,"href":"https:\/\/akdenizolaygazetesi.com\/index.php?rest_route=\/wp\/v2\/posts\/1851\/revisions"}],"wp:attachment":[{"href":"https:\/\/akdenizolaygazetesi.com\/index.php?rest_route=%2Fwp%2Fv2%2Fmedia&parent=1851"}],"wp:term":[{"taxonomy":"category","embeddable":true,"href":"https:\/\/akdenizolaygazetesi.com\/index.php?rest_route=%2Fwp%2Fv2%2Fcategories&post=1851"},{"taxonomy":"post_tag","embeddable":true,"href":"https:\/\/akdenizolaygazetesi.com\/index.php?rest_route=%2Fwp%2Fv2%2Ftags&post=1851"}],"curies":[{"name":"wp","href":"https:\/\/api.w.org\/{rel}","templated":true}]}}